{"id":35963,"date":"2022-04-14T11:21:00","date_gmt":"2022-04-14T14:21:00","guid":{"rendered":"https:\/\/blogopara.com.br\/?p=35963"},"modified":"2022-04-14T10:38:24","modified_gmt":"2022-04-14T13:38:24","slug":"marquinhos-do-n-4-pede-apoio-aos-lideres-politicos-de-petrolina-para-manutencao-do-pelc-no-municipio","status":"publish","type":"post","link":"https:\/\/blogopara.com.br\/index.php\/2022\/04\/14\/marquinhos-do-n-4-pede-apoio-aos-lideres-politicos-de-petrolina-para-manutencao-do-pelc-no-municipio","title":{"rendered":"Marquinhos do N 4 pede apoio aos l\u00edderes pol\u00edticos de Petrolina para manuten\u00e7\u00e3o do PELC no munic\u00edpio"},"content":{"rendered":"\n<p><\/p>\n\n\n<p style=\"text-align: justify;\">Estamos agora aguardando um posicionamento do Executivo Municipal. Repassamos ao secret\u00e1rio Plinio Amorim e para o diretor de Esportes Ferson a import\u00e2ncia da manuten\u00e7\u00e3o do PELC em Petrolina, uma vez que o Programa funciona h\u00e1 dois anos subsidiado totalmente pelo Governo Federal e o contrato se encerra agora no m\u00eas de abril e tem a possibilidade de permanecer funcionando no munic\u00edpio com a contrapartida de 60% do munic\u00edpio<\/p>\n<p style=\"text-align: justify;\">O custo operacional do Programa gira em torno de R$ 80 mil, um valor \u00ednfimo diante a arrecada\u00e7\u00e3o de Um bilh\u00e3o de reais das contas p\u00fablicas.<\/p>\n<p style=\"text-align: justify;\">Esse programa atende crian\u00e7as, jovens e adultos na pr\u00e1tica de esporte e lazer e tem beneficiado a popula\u00e7\u00e3o petrolinense.<\/p>\n<p style=\"text-align: justify;\">Aguardamos a resposta do poder p\u00fablico municipal e vamos continuar lutando para que o PELC seja renovado em nosso munic\u00edpio.<\/p>\n<p style=\"text-align: justify;\">O Governo de Petrolina tem at\u00e9 o dia 3O de abril para dar essa resposta aos mun\u00edcipes e buscar a renova\u00e7\u00e3o do contrato.<\/p>\n<p>\u00a0<\/p>\n<p>Marquinhos do N4<\/p>\n<p>Reprodu\u00e7\u00e3o redes sociais<\/p>\n<p>\u00a0<\/p>","protected":false},"excerpt":{"rendered":"<p>Estamos agora aguardando um posicionamento do Executivo Municipal. Repassamos ao secret\u00e1rio Plinio Amorim e para o diretor de Esportes Ferson a import\u00e2ncia da manuten\u00e7\u00e3o do PELC em Petrolina, uma vez que o Programa funciona h\u00e1 dois anos subsidiado totalmente pelo Governo Federal e o contrato se encerra agora no m\u00eas de abril e tem a [&hellip;]<\/p>\n","protected":false},"author":1,"featured_media":35964,"comment_status":"closed","ping_status":"open","sticky":false,"template":"","format":"standard","meta":{"_uag_custom_page_level_css":"","_monsterinsights_skip_tracking":false,"_monsterinsights_sitenote_active":false,"_monsterinsights_sitenote_note":"","_monsterinsights_sitenote_category":0,"jetpack_post_was_ever_published":false,"_jetpack_newsletter_access":"","_jetpack_dont_email_post_to_subs":false,"_jetpack_newsletter_tier_id":0,"_jetpack_memberships_contains_paywalled_content":false,"_jetpack_memberships_contains_paid_content":false,"footnotes":"","jetpack_publicize_message":"","jetpack_publicize_feature_enabled":true,"jetpack_social_post_already_shared":true,"jetpack_social_options":{"image_generator_settings":{"template":"highway","default_image_id":0,"font":"","enabled":false},"version":2}},"categories":[851],"tags":[8971,8972,2133,6653],"class_list":["post-35963","post","type-post","status-publish","format-standard","has-post-thumbnail","hentry","category-petrolina","tag-lideres-politicos-de-petrolina","tag-manutencao-do-pelc-no-municipio","tag-marquinhos-do-n4","tag-pede-apoio"],"jetpack_publicize_connections":[],"jetpack_featured_media_url":"https:\/\/blogopara.com.br\/wp-content\/uploads\/2022\/04\/WhatsApp-Image-2022-04-14-at-10.35.17-1.jpeg","uagb_featured_image_src":{"full":["https:\/\/blogopara.com.br\/wp-content\/uploads\/2022\/04\/WhatsApp-Image-2022-04-14-at-10.35.17-1.jpeg",500,380,false],"thumbnail":["https:\/\/blogopara.com.br\/wp-content\/uploads\/2022\/04\/WhatsApp-Image-2022-04-14-at-10.35.17-1-150x150.jpeg",150,150,true],"medium":["https:\/\/blogopara.com.br\/wp-content\/uploads\/2022\/04\/WhatsApp-Image-2022-04-14-at-10.35.17-1-300x228.jpeg",300,228,true],"medium_large":["https:\/\/blogopara.com.br\/wp-content\/uploads\/2022\/04\/WhatsApp-Image-2022-04-14-at-10.35.17-1.jpeg",500,380,false],"large":["https:\/\/blogopara.com.br\/wp-content\/uploads\/2022\/04\/WhatsApp-Image-2022-04-14-at-10.35.17-1.jpeg",500,380,false],"1536x1536":["https:\/\/blogopara.com.br\/wp-content\/uploads\/2022\/04\/WhatsApp-Image-2022-04-14-at-10.35.17-1.jpeg",500,380,false],"2048x2048":["https:\/\/blogopara.com.br\/wp-content\/uploads\/2022\/04\/WhatsApp-Image-2022-04-14-at-10.35.17-1.jpeg",500,380,false],"mantranews-slider-large":["https:\/\/blogopara.com.br\/wp-content\/uploads\/2022\/04\/WhatsApp-Image-2022-04-14-at-10.35.17-1.jpeg",500,380,false],"mantranews-featured-medium":["https:\/\/blogopara.com.br\/wp-content\/uploads\/2022\/04\/WhatsApp-Image-2022-04-14-at-10.35.17-1-420x307.jpeg",420,307,true],"mantranews-featured-long":["https:\/\/blogopara.com.br\/wp-content\/uploads\/2022\/04\/WhatsApp-Image-2022-04-14-at-10.35.17-1-300x380.jpeg",300,380,true],"mantranews-block-medium":["https:\/\/blogopara.com.br\/wp-content\/uploads\/2022\/04\/WhatsApp-Image-2022-04-14-at-10.35.17-1-464x290.jpeg",464,290,true],"mantranews-carousel-image":["https:\/\/blogopara.com.br\/wp-content\/uploads\/2022\/04\/WhatsApp-Image-2022-04-14-at-10.35.17-1.jpeg",500,380,false],"mantranews-block-thumb":["https:\/\/blogopara.com.br\/wp-content\/uploads\/2022\/04\/WhatsApp-Image-2022-04-14-at-10.35.17-1-322x230.jpeg",322,230,true],"mantranews-single-large":["https:\/\/blogopara.com.br\/wp-content\/uploads\/2022\/04\/WhatsApp-Image-2022-04-14-at-10.35.17-1.jpeg",500,380,false]},"uagb_author_info":{"display_name":"Reda\u00e7\u00e3o geral","author_link":"https:\/\/blogopara.com.br\/index.php\/author\/blogopara"},"uagb_comment_info":0,"uagb_excerpt":"Estamos agora aguardando um posicionamento do Executivo Municipal. Repassamos ao secret\u00e1rio Plinio Amorim e para o diretor de Esportes Ferson a import\u00e2ncia da manuten\u00e7\u00e3o do PELC em Petrolina, uma vez que o Programa funciona h\u00e1 dois anos subsidiado totalmente pelo Governo Federal e o contrato se encerra agora no m\u00eas de abril e tem a&hellip;","jetpack_sharing_enabled":true,"jetpack_likes_enabled":true,"_links":{"self":[{"href":"https:\/\/blogopara.com.br\/index.php\/wp-json\/wp\/v2\/posts\/35963","targetHints":{"allow":["GET"]}}],"collection":[{"href":"https:\/\/blogopara.com.br\/index.php\/wp-json\/wp\/v2\/posts"}],"about":[{"href":"https:\/\/blogopara.com.br\/index.php\/wp-json\/wp\/v2\/types\/post"}],"author":[{"embeddable":true,"href":"https:\/\/blogopara.com.br\/index.php\/wp-json\/wp\/v2\/users\/1"}],"replies":[{"embeddable":true,"href":"https:\/\/blogopara.com.br\/index.php\/wp-json\/wp\/v2\/comments?post=35963"}],"version-history":[{"count":1,"href":"https:\/\/blogopara.com.br\/index.php\/wp-json\/wp\/v2\/posts\/35963\/revisions"}],"predecessor-version":[{"id":35965,"href":"https:\/\/blogopara.com.br\/index.php\/wp-json\/wp\/v2\/posts\/35963\/revisions\/35965"}],"wp:featuredmedia":[{"embeddable":true,"href":"https:\/\/blogopara.com.br\/index.php\/wp-json\/wp\/v2\/media\/35964"}],"wp:attachment":[{"href":"https:\/\/blogopara.com.br\/index.php\/wp-json\/wp\/v2\/media?parent=35963"}],"wp:term":[{"taxonomy":"category","embeddable":true,"href":"https:\/\/blogopara.com.br\/index.php\/wp-json\/wp\/v2\/categories?post=35963"},{"taxonomy":"post_tag","embeddable":true,"href":"https:\/\/blogopara.com.br\/index.php\/wp-json\/wp\/v2\/tags?post=35963"}],"curies":[{"name":"wp","href":"https:\/\/api.w.org\/{rel}","templated":true}]}}