{"id":35984,"date":"2022-04-15T13:10:00","date_gmt":"2022-04-15T16:10:00","guid":{"rendered":"https:\/\/blogopara.com.br\/?p=35984"},"modified":"2022-04-15T07:56:49","modified_gmt":"2022-04-15T10:56:49","slug":"juazeiro-abrira-selecao-de-assistentes-de-alfabetizacao-do-programa-tempo-de-aprender-na-proxima-segunda-feira","status":"publish","type":"post","link":"https:\/\/blogopara.com.br\/index.php\/2022\/04\/15\/juazeiro-abrira-selecao-de-assistentes-de-alfabetizacao-do-programa-tempo-de-aprender-na-proxima-segunda-feira","title":{"rendered":"Juazeiro abrir\u00e1 sele\u00e7\u00e3o de assistentes de alfabetiza\u00e7\u00e3o do programa Tempo de Aprender na pr\u00f3xima segunda-feira"},"content":{"rendered":"<p style=\"text-align: justify;\">A Prefeitura de Juazeiro, atrav\u00e9s da Secretaria de Educa\u00e7\u00e3o e Juventude (Seduc), publicou o Edital N\u00ba01\/2022 do Processo Seletivo Simplificado para assistentes volunt\u00e1rios de alfabetiza\u00e7\u00e3o, que atuar\u00e3o no Programa Tempo de Aprender, nas escolas municipais. As inscri\u00e7\u00f5es come\u00e7am na pr\u00f3xima segunda-feira (18), s\u00e3o gratuitas e podem ser realizadas atrav\u00e9s da internet at\u00e9 o dia 22 de abril.<br \/>\nSer\u00e3o disponibilizadas 72 vagas para assistentes de alfabetiza\u00e7\u00e3o do Programa Tempo de Aprender, sendo 44 para zona urbana e 28 para zona rural, nas modalidades \u201cUnidades de Ensino Vulner\u00e1veis\u201d e \u201cN\u00e3o Vulner\u00e1veis\u201d. Entre os crit\u00e9rios para participa\u00e7\u00e3o na sele\u00e7\u00e3o est\u00e3o: ser graduado em Pedagogia ou estar cursando; ter cursado o Magist\u00e9rio; possuir experi\u00eancia comprovada em doc\u00eancia; e ter conhecimento e habilidade em alfabetiza\u00e7\u00e3o.<\/p>\n<p>As inscri\u00e7\u00f5es s\u00e3o realizadas atrav\u00e9s do Portal de Processos Seletivos da Seduc, por meio do site\u00a0<a href=\"https:\/\/psstempodeaprender.azurewebsites.net\/\" target=\"_blank\" rel=\"noopener\" data-saferedirecturl=\"https:\/\/www.google.com\/url?q=https:\/\/psstempodeaprender.azurewebsites.net\/&amp;source=gmail&amp;ust=1650104032669000&amp;usg=AOvVaw3MzMIq6F33ol9UlzBRWAlD\">https:\/\/psstempodeaprender.<wbr \/>azurewebsites.net\/<\/a>, e exigir\u00e3o a anexa\u00e7\u00e3o de documentos descritos no Edital N\u00ba01\/2022. O resultado final ser\u00e1 divulgado na mesma plataforma, no dia 13 de maio e a previs\u00e3o de convoca\u00e7\u00f5es a partir do dia 17 do mesmo m\u00eas.<\/p>\n<p style=\"text-align: justify;\">Os selecionados receber\u00e3o bolsa mensal para aux\u00edlio no desenvolvimento das atividades de natureza volunt\u00e1ria, de acordo com a turma de atua\u00e7\u00e3o (unidades de ensino vulner\u00e1veis &#8211; R$300,00 &#8211; e n\u00e3o vulner\u00e1veis &#8211; R$150,00).<\/p>\n<p style=\"text-align: justify;\">\n<p><b>Atribui\u00e7\u00f5es<\/b><\/p>\n<p style=\"text-align: justify;\">\n<p>Entre as atribui\u00e7\u00f5es do assistente de alfabetiza\u00e7\u00e3o, caber\u00e1 ao profissional participar do planejamento das atividades, juntamente com a coordena\u00e7\u00e3o do Programa, acompanhar o desempenho escolar dos alunos, inclusive efetuando o controle da frequ\u00eancia, e ministrar conte\u00fado para refor\u00e7o, previamente preparado, utilizando metodologia adequada.<\/p>\n<div>\n<div dir=\"ltr\" data-smartmail=\"gmail_signature\">\n<div style=\"text-align: justify;\"><\/div>\n<div style=\"text-align: justify;\">Seduc\/PMJ<\/div>\n<\/div>\n<\/div>\n","protected":false},"excerpt":{"rendered":"<p>A Prefeitura de Juazeiro, atrav\u00e9s da Secretaria de Educa\u00e7\u00e3o e Juventude (Seduc), publicou o Edital N\u00ba01\/2022 do Processo Seletivo Simplificado para assistentes volunt\u00e1rios de alfabetiza\u00e7\u00e3o, que atuar\u00e3o no Programa Tempo de Aprender, nas escolas municipais. As inscri\u00e7\u00f5es come\u00e7am na pr\u00f3xima segunda-feira (18), s\u00e3o gratuitas e podem ser realizadas atrav\u00e9s da internet at\u00e9 o dia 22 [&hellip;]<\/p>\n","protected":false},"author":1,"featured_media":35985,"comment_status":"closed","ping_status":"open","sticky":false,"template":"","format":"standard","meta":{"_uag_custom_page_level_css":"","_monsterinsights_skip_tracking":false,"_monsterinsights_sitenote_active":false,"_monsterinsights_sitenote_note":"","_monsterinsights_sitenote_category":0,"jetpack_post_was_ever_published":false,"_jetpack_newsletter_access":"","_jetpack_dont_email_post_to_subs":false,"_jetpack_newsletter_tier_id":0,"_jetpack_memberships_contains_paywalled_content":false,"_jetpack_memberships_contains_paid_content":false,"footnotes":"","jetpack_publicize_message":"","jetpack_publicize_feature_enabled":true,"jetpack_social_post_already_shared":true,"jetpack_social_options":{"image_generator_settings":{"template":"highway","default_image_id":0,"font":"","enabled":false},"version":2}},"categories":[203],"tags":[8983,143,8984,3125],"class_list":["post-35984","post","type-post","status-publish","format-standard","has-post-thumbnail","hentry","category-juazeiro","tag-abrira-selecao-de-assistentes-de-alfabetizacao","tag-juazeiro-da-bahia","tag-programa-tempo-de-aprender","tag-segunda-feira"],"jetpack_publicize_connections":[],"jetpack_featured_media_url":"https:\/\/blogopara.com.br\/wp-content\/uploads\/2022\/04\/fotos-alunos-seduc-22-2.jpg","uagb_featured_image_src":{"full":["https:\/\/blogopara.com.br\/wp-content\/uploads\/2022\/04\/fotos-alunos-seduc-22-2.jpg",500,333,false],"thumbnail":["https:\/\/blogopara.com.br\/wp-content\/uploads\/2022\/04\/fotos-alunos-seduc-22-2-150x150.jpg",150,150,true],"medium":["https:\/\/blogopara.com.br\/wp-content\/uploads\/2022\/04\/fotos-alunos-seduc-22-2-300x200.jpg",300,200,true],"medium_large":["https:\/\/blogopara.com.br\/wp-content\/uploads\/2022\/04\/fotos-alunos-seduc-22-2.jpg",500,333,false],"large":["https:\/\/blogopara.com.br\/wp-content\/uploads\/2022\/04\/fotos-alunos-seduc-22-2.jpg",500,333,false],"1536x1536":["https:\/\/blogopara.com.br\/wp-content\/uploads\/2022\/04\/fotos-alunos-seduc-22-2.jpg",500,333,false],"2048x2048":["https:\/\/blogopara.com.br\/wp-content\/uploads\/2022\/04\/fotos-alunos-seduc-22-2.jpg",500,333,false],"mantranews-slider-large":["https:\/\/blogopara.com.br\/wp-content\/uploads\/2022\/04\/fotos-alunos-seduc-22-2.jpg",500,333,false],"mantranews-featured-medium":["https:\/\/blogopara.com.br\/wp-content\/uploads\/2022\/04\/fotos-alunos-seduc-22-2-420x307.jpg",420,307,true],"mantranews-featured-long":["https:\/\/blogopara.com.br\/wp-content\/uploads\/2022\/04\/fotos-alunos-seduc-22-2-300x333.jpg",300,333,true],"mantranews-block-medium":["https:\/\/blogopara.com.br\/wp-content\/uploads\/2022\/04\/fotos-alunos-seduc-22-2-464x290.jpg",464,290,true],"mantranews-carousel-image":["https:\/\/blogopara.com.br\/wp-content\/uploads\/2022\/04\/fotos-alunos-seduc-22-2.jpg",500,333,false],"mantranews-block-thumb":["https:\/\/blogopara.com.br\/wp-content\/uploads\/2022\/04\/fotos-alunos-seduc-22-2-322x230.jpg",322,230,true],"mantranews-single-large":["https:\/\/blogopara.com.br\/wp-content\/uploads\/2022\/04\/fotos-alunos-seduc-22-2.jpg",500,333,false]},"uagb_author_info":{"display_name":"Reda\u00e7\u00e3o geral","author_link":"https:\/\/blogopara.com.br\/index.php\/author\/blogopara"},"uagb_comment_info":0,"uagb_excerpt":"A Prefeitura de Juazeiro, atrav\u00e9s da Secretaria de Educa\u00e7\u00e3o e Juventude (Seduc), publicou o Edital N\u00ba01\/2022 do Processo Seletivo Simplificado para assistentes volunt\u00e1rios de alfabetiza\u00e7\u00e3o, que atuar\u00e3o no Programa Tempo de Aprender, nas escolas municipais. As inscri\u00e7\u00f5es come\u00e7am na pr\u00f3xima segunda-feira (18), s\u00e3o gratuitas e podem ser realizadas atrav\u00e9s da internet at\u00e9 o dia 22&hellip;","jetpack_sharing_enabled":true,"jetpack_likes_enabled":true,"_links":{"self":[{"href":"https:\/\/blogopara.com.br\/index.php\/wp-json\/wp\/v2\/posts\/35984","targetHints":{"allow":["GET"]}}],"collection":[{"href":"https:\/\/blogopara.com.br\/index.php\/wp-json\/wp\/v2\/posts"}],"about":[{"href":"https:\/\/blogopara.com.br\/index.php\/wp-json\/wp\/v2\/types\/post"}],"author":[{"embeddable":true,"href":"https:\/\/blogopara.com.br\/index.php\/wp-json\/wp\/v2\/users\/1"}],"replies":[{"embeddable":true,"href":"https:\/\/blogopara.com.br\/index.php\/wp-json\/wp\/v2\/comments?post=35984"}],"version-history":[{"count":2,"href":"https:\/\/blogopara.com.br\/index.php\/wp-json\/wp\/v2\/posts\/35984\/revisions"}],"predecessor-version":[{"id":35987,"href":"https:\/\/blogopara.com.br\/index.php\/wp-json\/wp\/v2\/posts\/35984\/revisions\/35987"}],"wp:featuredmedia":[{"embeddable":true,"href":"https:\/\/blogopara.com.br\/index.php\/wp-json\/wp\/v2\/media\/35985"}],"wp:attachment":[{"href":"https:\/\/blogopara.com.br\/index.php\/wp-json\/wp\/v2\/media?parent=35984"}],"wp:term":[{"taxonomy":"category","embeddable":true,"href":"https:\/\/blogopara.com.br\/index.php\/wp-json\/wp\/v2\/categories?post=35984"},{"taxonomy":"post_tag","embeddable":true,"href":"https:\/\/blogopara.com.br\/index.php\/wp-json\/wp\/v2\/tags?post=35984"}],"curies":[{"name":"wp","href":"https:\/\/api.w.org\/{rel}","templated":true}]}}