{"id":36075,"date":"2022-04-19T07:48:00","date_gmt":"2022-04-19T10:48:00","guid":{"rendered":"https:\/\/blogopara.com.br\/?p=36075"},"modified":"2022-04-20T13:19:52","modified_gmt":"2022-04-20T16:19:52","slug":"abertas-inscricoes-para-selecao-de-assistentes-de-alfabetizacao-do-programa-tempo-de-aprender-em-juazeiro","status":"publish","type":"post","link":"https:\/\/blogopara.com.br\/index.php\/2022\/04\/19\/abertas-inscricoes-para-selecao-de-assistentes-de-alfabetizacao-do-programa-tempo-de-aprender-em-juazeiro","title":{"rendered":"Abertas inscri\u00e7\u00f5es para sele\u00e7\u00e3o de assistentes de alfabetiza\u00e7\u00e3o do Programa Tempo de Aprender em Juazeiro"},"content":{"rendered":"<p style=\"text-align: justify;\">A Prefeitura de Juazeiro, atrav\u00e9s da Secretaria de Educa\u00e7\u00e3o e Juventude (Seduc), informa que j\u00e1 est\u00e3o abertas as inscri\u00e7\u00f5es do Processo Seletivo Simplificado para assistentes volunt\u00e1rios de alfabetiza\u00e7\u00e3o, que atuar\u00e3o no Programa Tempo de Aprender. Os interessados devem se inscrever atrav\u00e9s da Internet, de forma gratuita, at\u00e9 o dia 22 de abril.<\/p>\n<p style=\"text-align: justify;\">Est\u00e3o sendo disponibilizadas 72 vagas para assistentes de alfabetiza\u00e7\u00e3o, sendo 44 para zona urbana e 28 para zona rural, nas modalidades \u201cUnidades de Ensino Vulner\u00e1veis\u201d e \u201cN\u00e3o Vulner\u00e1veis\u201d. Entre os crit\u00e9rios para participa\u00e7\u00e3o na sele\u00e7\u00e3o est\u00e3o: ser graduado em Pedagogia ou estar cursando; ter cursado o Magist\u00e9rio; possuir experi\u00eancia comprovada em doc\u00eancia; e ter conhecimento e habilidade em alfabetiza\u00e7\u00e3o.<\/p>\n<p style=\"text-align: justify;\">As inscri\u00e7\u00f5es s\u00e3o realizadas atrav\u00e9s do link de&nbsp;<a href=\"https:\/\/psstempodeaprender.azurewebsites.net\/\">https:\/\/psstempodeaprender.azurewebsites.net\/<\/a>, e exigir\u00e3o a anexa\u00e7\u00e3o de documentos descritos no Edital N\u00ba01\/2022. O resultado final ser\u00e1 divulgado na mesma plataforma, no dia 13 de maio e a previs\u00e3o de convoca\u00e7\u00f5es a partir do dia 17 do mesmo m\u00eas.<\/p>\n<p style=\"text-align: justify;\">Os selecionados receber\u00e3o bolsa mensal para aux\u00edlio no desenvolvimento das atividades de natureza volunt\u00e1ria, de acordo com a turma de atua\u00e7\u00e3o (unidades de ensino vulner\u00e1veis \u2013 R$300,00 \u2013 e n\u00e3o vulner\u00e1veis \u2013 R$150,00).<\/p>\n<p style=\"text-align: justify;\">\n<p style=\"text-align: justify;\"><strong>Atribui\u00e7\u00f5es<\/strong><\/p>\n<p style=\"text-align: justify;\">\n<p style=\"text-align: justify;\">Entre as atribui\u00e7\u00f5es do assistente de alfabetiza\u00e7\u00e3o, caber\u00e1 ao profissional participar do planejamento das atividades, juntamente com a coordena\u00e7\u00e3o do Programa, acompanhar o desempenho escolar dos alunos, inclusive efetuando o controle da frequ\u00eancia, e ministrar conte\u00fado para refor\u00e7o, previamente preparado, utilizando metodologia adequada.<\/p>\n<p style=\"text-align: justify;\">\n<p style=\"text-align: justify;\">Ascom PMJ<\/p>\n<p style=\"text-align: justify;\">\n","protected":false},"excerpt":{"rendered":"<p>A Prefeitura de Juazeiro, atrav\u00e9s da Secretaria de Educa\u00e7\u00e3o e Juventude (Seduc), informa que j\u00e1 est\u00e3o abertas as inscri\u00e7\u00f5es do Processo Seletivo Simplificado para assistentes volunt\u00e1rios de alfabetiza\u00e7\u00e3o, que atuar\u00e3o no Programa Tempo de Aprender. Os interessados devem se inscrever atrav\u00e9s da Internet, de forma gratuita, at\u00e9 o dia 22 de abril. Est\u00e3o sendo disponibilizadas [&hellip;]<\/p>\n","protected":false},"author":1,"featured_media":36130,"comment_status":"closed","ping_status":"open","sticky":false,"template":"","format":"standard","meta":{"_uag_custom_page_level_css":"","_monsterinsights_skip_tracking":false,"_monsterinsights_sitenote_active":false,"_monsterinsights_sitenote_note":"","_monsterinsights_sitenote_category":0,"jetpack_post_was_ever_published":false,"_jetpack_newsletter_access":"","_jetpack_dont_email_post_to_subs":false,"_jetpack_newsletter_tier_id":0,"_jetpack_memberships_contains_paywalled_content":false,"_jetpack_memberships_contains_paid_content":false,"footnotes":"","jetpack_publicize_message":"","jetpack_publicize_feature_enabled":true,"jetpack_social_post_already_shared":true,"jetpack_social_options":{"image_generator_settings":{"template":"highway","default_image_id":0,"font":"","enabled":false},"version":2}},"categories":[203],"tags":[5079,8983,8984],"class_list":["post-36075","post","type-post","status-publish","format-standard","has-post-thumbnail","hentry","category-juazeiro","tag-abertas-inscricoes","tag-abrira-selecao-de-assistentes-de-alfabetizacao","tag-programa-tempo-de-aprender"],"jetpack_publicize_connections":[],"jetpack_featured_media_url":"https:\/\/blogopara.com.br\/wp-content\/uploads\/2022\/04\/51983017840_bbf39b110f_o.jpg","uagb_featured_image_src":{"full":["https:\/\/blogopara.com.br\/wp-content\/uploads\/2022\/04\/51983017840_bbf39b110f_o.jpg",500,333,false],"thumbnail":["https:\/\/blogopara.com.br\/wp-content\/uploads\/2022\/04\/51983017840_bbf39b110f_o-150x150.jpg",150,150,true],"medium":["https:\/\/blogopara.com.br\/wp-content\/uploads\/2022\/04\/51983017840_bbf39b110f_o-300x200.jpg",300,200,true],"medium_large":["https:\/\/blogopara.com.br\/wp-content\/uploads\/2022\/04\/51983017840_bbf39b110f_o.jpg",500,333,false],"large":["https:\/\/blogopara.com.br\/wp-content\/uploads\/2022\/04\/51983017840_bbf39b110f_o.jpg",500,333,false],"1536x1536":["https:\/\/blogopara.com.br\/wp-content\/uploads\/2022\/04\/51983017840_bbf39b110f_o.jpg",500,333,false],"2048x2048":["https:\/\/blogopara.com.br\/wp-content\/uploads\/2022\/04\/51983017840_bbf39b110f_o.jpg",500,333,false],"mantranews-slider-large":["https:\/\/blogopara.com.br\/wp-content\/uploads\/2022\/04\/51983017840_bbf39b110f_o.jpg",500,333,false],"mantranews-featured-medium":["https:\/\/blogopara.com.br\/wp-content\/uploads\/2022\/04\/51983017840_bbf39b110f_o-420x307.jpg",420,307,true],"mantranews-featured-long":["https:\/\/blogopara.com.br\/wp-content\/uploads\/2022\/04\/51983017840_bbf39b110f_o-300x333.jpg",300,333,true],"mantranews-block-medium":["https:\/\/blogopara.com.br\/wp-content\/uploads\/2022\/04\/51983017840_bbf39b110f_o-464x290.jpg",464,290,true],"mantranews-carousel-image":["https:\/\/blogopara.com.br\/wp-content\/uploads\/2022\/04\/51983017840_bbf39b110f_o.jpg",500,333,false],"mantranews-block-thumb":["https:\/\/blogopara.com.br\/wp-content\/uploads\/2022\/04\/51983017840_bbf39b110f_o-322x230.jpg",322,230,true],"mantranews-single-large":["https:\/\/blogopara.com.br\/wp-content\/uploads\/2022\/04\/51983017840_bbf39b110f_o.jpg",500,333,false]},"uagb_author_info":{"display_name":"Reda\u00e7\u00e3o geral","author_link":"https:\/\/blogopara.com.br\/index.php\/author\/blogopara"},"uagb_comment_info":0,"uagb_excerpt":"A Prefeitura de Juazeiro, atrav\u00e9s da Secretaria de Educa\u00e7\u00e3o e Juventude (Seduc), informa que j\u00e1 est\u00e3o abertas as inscri\u00e7\u00f5es do Processo Seletivo Simplificado para assistentes volunt\u00e1rios de alfabetiza\u00e7\u00e3o, que atuar\u00e3o no Programa Tempo de Aprender. Os interessados devem se inscrever atrav\u00e9s da Internet, de forma gratuita, at\u00e9 o dia 22 de abril. Est\u00e3o sendo disponibilizadas&hellip;","jetpack_sharing_enabled":true,"jetpack_likes_enabled":true,"_links":{"self":[{"href":"https:\/\/blogopara.com.br\/index.php\/wp-json\/wp\/v2\/posts\/36075","targetHints":{"allow":["GET"]}}],"collection":[{"href":"https:\/\/blogopara.com.br\/index.php\/wp-json\/wp\/v2\/posts"}],"about":[{"href":"https:\/\/blogopara.com.br\/index.php\/wp-json\/wp\/v2\/types\/post"}],"author":[{"embeddable":true,"href":"https:\/\/blogopara.com.br\/index.php\/wp-json\/wp\/v2\/users\/1"}],"replies":[{"embeddable":true,"href":"https:\/\/blogopara.com.br\/index.php\/wp-json\/wp\/v2\/comments?post=36075"}],"version-history":[{"count":4,"href":"https:\/\/blogopara.com.br\/index.php\/wp-json\/wp\/v2\/posts\/36075\/revisions"}],"predecessor-version":[{"id":36132,"href":"https:\/\/blogopara.com.br\/index.php\/wp-json\/wp\/v2\/posts\/36075\/revisions\/36132"}],"wp:featuredmedia":[{"embeddable":true,"href":"https:\/\/blogopara.com.br\/index.php\/wp-json\/wp\/v2\/media\/36130"}],"wp:attachment":[{"href":"https:\/\/blogopara.com.br\/index.php\/wp-json\/wp\/v2\/media?parent=36075"}],"wp:term":[{"taxonomy":"category","embeddable":true,"href":"https:\/\/blogopara.com.br\/index.php\/wp-json\/wp\/v2\/categories?post=36075"},{"taxonomy":"post_tag","embeddable":true,"href":"https:\/\/blogopara.com.br\/index.php\/wp-json\/wp\/v2\/tags?post=36075"}],"curies":[{"name":"wp","href":"https:\/\/api.w.org\/{rel}","templated":true}]}}