{"id":361,"date":"2019-06-06T15:56:10","date_gmt":"2019-06-06T18:56:10","guid":{"rendered":"http:\/\/blogopara.com.br\/?p=361"},"modified":"2019-06-06T15:56:12","modified_gmt":"2019-06-06T18:56:12","slug":"ministro-ricardo-salles-e-vaiado-em-sessao-do-senado-dedicada-ao-meio-ambiente","status":"publish","type":"post","link":"https:\/\/blogopara.com.br\/index.php\/2019\/06\/06\/ministro-ricardo-salles-e-vaiado-em-sessao-do-senado-dedicada-ao-meio-ambiente","title":{"rendered":"Ministro Ricardo Salles \u00e9 vaiado em sess\u00e3o do Senado dedicada ao meio ambiente."},"content":{"rendered":"<div class=\"mc-column content-text active-extra-styles \" data-block-type=\"unstyled\" data-block-weight=\"29\" data-block-id=\"2\">\n<p class=\"content-text__container \" style=\"text-align: justify;\" data-track-category=\"Link no Texto\" data-track-links=\"\">O ministro do Meio Ambiente, Ricardo Salles, foi vaiado nesta quinta-feira (6) no plen\u00e1rio do Senado durante sess\u00e3o especial destinada \u00e0 celebra\u00e7\u00e3o do Dia Mundial do Meio Ambiente.<\/p>\n<\/div>\n<div class=\"wall protected-content\">\n<div class=\"mc-column content-text active-extra-styles \" style=\"text-align: justify;\" data-block-type=\"unstyled\" data-block-weight=\"30\" data-block-id=\"3\">\n<p class=\"content-text__container \" data-track-category=\"Link no Texto\" data-track-links=\"\">Salles estava fazendo um discurso da mesa do plen\u00e1rio. Ele afirmou que \u00e9 &#8220;inver\u00eddica&#8221; a\u00a0<a href=\"https:\/\/g1.globo.com\/natureza\/blog\/andre-trigueiro\/post\/2019\/06\/03\/15-pontos-para-entender-os-rumos-da-desastrosa-politica-ambiental-no-governo-bolsonaro.ghtml\">cr\u00edtica de que o atual governo estaria promovendo um &#8220;desmonte&#8221;<\/a>\u00a0na estrutura da pasta.<\/p>\n<\/div>\n<div class=\"mc-column content-text active-extra-styles \" style=\"text-align: justify;\" data-block-type=\"unstyled\" data-block-weight=\"36\" data-block-id=\"4\">\n<p class=\"content-text__container \" data-track-category=\"Link no Texto\" data-track-links=\"\">&#8220;Com rela\u00e7\u00e3o aos nossos \u00f3rg\u00e3os que desempenham um papel importante nesse trabalho, o Ibama e o ICMBio, e \u00e0 frase que tem sido dita, do desmonte, \u00e9 absolutamente inver\u00eddica. Ao contr\u00e1rio, o desmonte foi herdado&#8221;, afirmou.<\/p>\n<\/div>\n<div class=\"mc-column content-text active-extra-styles \" style=\"text-align: justify;\" data-block-type=\"unstyled\" data-block-weight=\"24\" data-block-id=\"5\">\n<p class=\"content-text__container \" data-track-category=\"Link no Texto\" data-track-links=\"\">Nesse momento, representantes de povos ind\u00edgenas e associa\u00e7\u00f5es que defendem a conserva\u00e7\u00e3o do meio ambiente, presentes nas galerias, come\u00e7aram a vaiar o ministro.<\/p>\n<\/div>\n<div class=\"mc-column content-text active-extra-styles \" style=\"text-align: justify;\" data-block-type=\"unstyled\" data-block-weight=\"28\" data-block-id=\"6\">\n<p class=\"content-text__container \" data-track-category=\"Link no Texto\" data-track-links=\"\">Em resposta, Salles disse que o p\u00fablico poderia se manifestar \u00e0 vontade e que o &#8220;desmonte&#8221; mencionado foi herdado de governos anteriores devido a limita\u00e7\u00f5es no or\u00e7amento.<\/p>\n<\/div>\n<div class=\"mc-column content-text active-extra-styles \" style=\"text-align: justify;\" data-block-type=\"unstyled\" data-block-weight=\"53\" data-block-id=\"7\">\n<p class=\"content-text__container \" data-track-category=\"Link no Texto\" data-track-links=\"\">&#8220;Podem se manifestar \u00e0 vontade. O desmonte foi herdado de gest\u00f5es anteriores. Quem recebeu a fragilidade or\u00e7ament\u00e1ria fui eu. Quem recebeu um d\u00e9ficit, quem recebeu um d\u00e9ficit gigantesco de funcion\u00e1rios, fui eu. Quem recebeu frotas sucateadas e pr\u00e9dios abandonados, fui eu. Portanto, se houve desmonte, desmonte houve antes e n\u00e3o agora&#8221;, declarou.<\/p>\n<\/div>\n<div class=\"content-ads content-ads--reveal\" style=\"text-align: justify;\" data-block-type=\"ads\" data-block-id=\"8\">\n<div id=\"banner_materia2\" class=\"tag-manager-publicidade-container mc-has-reveal mc-has-ad-lazyload  tag-manager-publicidade-banner_materia2 tag-manager-publicidade-container--carregado  tag-manager-publicidade-container--visivel\" data-id=\"banner_materia2\" data-google-query-id=\"CPDOp73D1eICFUJ2wQodgcQHHQ\" data-cid=\"138211835120\" data-lid=\"4432655459\">\n<div id=\"google_ads_iframe_\/95377733\/tvg_G1\/Politica_2__container__\"><span style=\"font-size: inherit;\">Segundo o ministro, o que se tenta agora, por meio de uma &#8220;boa gest\u00e3o e investimentos mais eficientes&#8221; \u00e9 reverter essa situa\u00e7\u00e3o.<\/span><\/div>\n<\/div>\n<\/div>\n<div class=\"mc-column content-text active-extra-styles \" style=\"text-align: justify;\" data-block-type=\"unstyled\" data-block-weight=\"27\" data-block-id=\"10\">\n<p class=\"content-text__container \" data-track-category=\"Link no Texto\" data-track-links=\"\">Ao t\u00e9rmino da fala de Salles, a senadora Eliziane Gama (Cidadania-MA), que presidia a sess\u00e3o, avisou que o ministro teria de sair devido a um compromisso.<\/p>\n<\/div>\n<div class=\"mc-column content-text active-extra-styles \" style=\"text-align: justify;\" data-block-type=\"unstyled\" data-block-weight=\"23\" data-block-id=\"11\">\n<p class=\"content-text__container \" data-track-category=\"Link no Texto\" data-track-links=\"\">O l\u00edder da Rede, Randolfe Rodrigues (AP), pediu ent\u00e3o a Salles que ficasse e respondesse a uma pergunta, mas n\u00e3o foi atendido.<\/p>\n<\/div>\n<div class=\"mc-column content-text active-extra-styles \" style=\"text-align: justify;\" data-block-type=\"unstyled\" data-block-weight=\"38\" data-block-id=\"12\">\n<p class=\"content-text__container \" data-track-category=\"Link no Texto\" data-track-links=\"\">Eliziane Gama at\u00e9 solicitou ao ministro que aguardasse o questionamento do l\u00edder da Rede. Mas, Salles se despediu dos membros da mesa e deixou o plen\u00e1rio. Com isso, o p\u00fablico come\u00e7ou a gritar repetidamente &#8220;fica&#8221; e &#8220;fuj\u00e3o&#8221;.<\/p>\n<\/div>\n<div class=\"mc-column content-text active-extra-styles \" style=\"text-align: justify;\" data-block-type=\"unstyled\" data-block-weight=\"21\" data-block-id=\"13\">\n<p class=\"content-text__container \" data-track-category=\"Link no Texto\" data-track-links=\"\">Aos jornalistas, ap\u00f3s deixar o plen\u00e1rio, Ricardo Salles disse que, na democracia, cada um pode ter a rea\u00e7\u00e3o que quiser.<\/p>\n<\/div>\n<div class=\"mc-column content-text active-extra-styles \" style=\"text-align: justify;\" data-block-type=\"unstyled\" data-block-weight=\"34\" data-block-id=\"14\">\n<p class=\"content-text__container \" data-track-category=\"Link no Texto\" data-track-links=\"\">&#8220;Tenho um compromisso. Est\u00e1 na agenda&#8221;, justificou o ministro ao ir embora. Salles deixou o Senado, em Bras\u00edlia, por volta das 12h. Na agenda dele, consta compromisso \u00e0s 14h no Rio de Janeiro.<\/p>\n<\/div>\n<div data-track-category=\"multicontent\" data-track-action=\"ultimo chunk conteudo\" data-track-noninteraction=\"false\" data-track-scroll=\"view\">\n<div class=\"mc-column content-text active-extra-styles \" data-block-type=\"unstyled\" data-block-weight=\"72\" data-block-id=\"15\">\n<p class=\"content-text__container \" style=\"text-align: justify;\" data-track-category=\"Link no Texto\" data-track-links=\"\">Algumas medidas tomadas pelo governo federal no atual governo mexeram na estrutura do Minist\u00e9rio do Meio Ambiente (MMA). O Servi\u00e7o Florestal Brasileiro (SFB) deixou a pasta para integrar o Minist\u00e9rio da Agricultura. A Ag\u00eancia Nacional de \u00c1guas (ANA) saiu do MMA e foi para o Minist\u00e9rio do Desenvolvimento Regional. A Secretaria Nacional de Mudan\u00e7as Clim\u00e1ticas foi extinta. O ministro tamb\u00e9m anunciou a revis\u00e3o de 334 \u00e1reas de prote\u00e7\u00e3o ambiental administradas pelo ICMBio.<\/p>\n<p data-track-category=\"Link no Texto\" data-track-links=\"\">Fonte: Globo<\/p>\n<\/div>\n<\/div>\n<\/div>\n","protected":false},"excerpt":{"rendered":"<p>Ministro do Meio Ambiente foi vaiado depois de afirmar que \u00e9 &#8216;inver\u00eddica&#8217; cr\u00edtica de &#8216;desmonte&#8217; na estrutura da pasta. &#8216;Desmonte houve antes e n\u00e3o agora&#8217;, declarou.<\/p>\n","protected":false},"author":1,"featured_media":363,"comment_status":"open","ping_status":"open","sticky":false,"template":"","format":"standard","meta":{"_uag_custom_page_level_css":"","_monsterinsights_skip_tracking":false,"_monsterinsights_sitenote_active":false,"_monsterinsights_sitenote_note":"","_monsterinsights_sitenote_category":0,"jetpack_post_was_ever_published":false,"_jetpack_newsletter_access":"","_jetpack_dont_email_post_to_subs":false,"_jetpack_newsletter_tier_id":0,"_jetpack_memberships_contains_paywalled_content":false,"_jetpack_memberships_contains_paid_content":false,"footnotes":"","jetpack_publicize_message":"","jetpack_publicize_feature_enabled":true,"jetpack_social_post_already_shared":false,"jetpack_social_options":{"image_generator_settings":{"template":"highway","default_image_id":0,"font":"","enabled":false},"version":2}},"categories":[1],"tags":[21,41],"class_list":["post-361","post","type-post","status-publish","format-standard","has-post-thumbnail","hentry","category-sem-categoria","tag-bolsonaro","tag-ricardo-salles"],"jetpack_publicize_connections":[],"jetpack_featured_media_url":"https:\/\/blogopara.com.br\/wp-content\/uploads\/2019\/06\/636819776331310750w.jpg","uagb_featured_image_src":{"full":["https:\/\/blogopara.com.br\/wp-content\/uploads\/2019\/06\/636819776331310750w.jpg",800,533,false],"thumbnail":["https:\/\/blogopara.com.br\/wp-content\/uploads\/2019\/06\/636819776331310750w-150x150.jpg",150,150,true],"medium":["https:\/\/blogopara.com.br\/wp-content\/uploads\/2019\/06\/636819776331310750w-300x200.jpg",300,200,true],"medium_large":["https:\/\/blogopara.com.br\/wp-content\/uploads\/2019\/06\/636819776331310750w-768x512.jpg",640,427,true],"large":["https:\/\/blogopara.com.br\/wp-content\/uploads\/2019\/06\/636819776331310750w.jpg",640,426,false],"1536x1536":["https:\/\/blogopara.com.br\/wp-content\/uploads\/2019\/06\/636819776331310750w.jpg",800,533,false],"2048x2048":["https:\/\/blogopara.com.br\/wp-content\/uploads\/2019\/06\/636819776331310750w.jpg",800,533,false],"mantranews-slider-large":["https:\/\/blogopara.com.br\/wp-content\/uploads\/2019\/06\/636819776331310750w.jpg",800,533,false],"mantranews-featured-medium":["https:\/\/blogopara.com.br\/wp-content\/uploads\/2019\/06\/636819776331310750w.jpg",420,280,false],"mantranews-featured-long":["https:\/\/blogopara.com.br\/wp-content\/uploads\/2019\/06\/636819776331310750w.jpg",300,200,false],"mantranews-block-medium":["https:\/\/blogopara.com.br\/wp-content\/uploads\/2019\/06\/636819776331310750w.jpg",435,290,false],"mantranews-carousel-image":["https:\/\/blogopara.com.br\/wp-content\/uploads\/2019\/06\/636819776331310750w.jpg",600,400,false],"mantranews-block-thumb":["https:\/\/blogopara.com.br\/wp-content\/uploads\/2019\/06\/636819776331310750w.jpg",322,215,false],"mantranews-single-large":["https:\/\/blogopara.com.br\/wp-content\/uploads\/2019\/06\/636819776331310750w.jpg",800,533,false]},"uagb_author_info":{"display_name":"Reda\u00e7\u00e3o geral","author_link":"https:\/\/blogopara.com.br\/index.php\/author\/blogopara"},"uagb_comment_info":0,"uagb_excerpt":"Ministro do Meio Ambiente foi vaiado depois de afirmar que \u00e9 'inver\u00eddica' cr\u00edtica de 'desmonte' na estrutura da pasta. 'Desmonte houve antes e n\u00e3o agora', declarou.","jetpack_sharing_enabled":true,"jetpack_likes_enabled":true,"_links":{"self":[{"href":"https:\/\/blogopara.com.br\/index.php\/wp-json\/wp\/v2\/posts\/361","targetHints":{"allow":["GET"]}}],"collection":[{"href":"https:\/\/blogopara.com.br\/index.php\/wp-json\/wp\/v2\/posts"}],"about":[{"href":"https:\/\/blogopara.com.br\/index.php\/wp-json\/wp\/v2\/types\/post"}],"author":[{"embeddable":true,"href":"https:\/\/blogopara.com.br\/index.php\/wp-json\/wp\/v2\/users\/1"}],"replies":[{"embeddable":true,"href":"https:\/\/blogopara.com.br\/index.php\/wp-json\/wp\/v2\/comments?post=361"}],"version-history":[{"count":1,"href":"https:\/\/blogopara.com.br\/index.php\/wp-json\/wp\/v2\/posts\/361\/revisions"}],"predecessor-version":[{"id":362,"href":"https:\/\/blogopara.com.br\/index.php\/wp-json\/wp\/v2\/posts\/361\/revisions\/362"}],"wp:featuredmedia":[{"embeddable":true,"href":"https:\/\/blogopara.com.br\/index.php\/wp-json\/wp\/v2\/media\/363"}],"wp:attachment":[{"href":"https:\/\/blogopara.com.br\/index.php\/wp-json\/wp\/v2\/media?parent=361"}],"wp:term":[{"taxonomy":"category","embeddable":true,"href":"https:\/\/blogopara.com.br\/index.php\/wp-json\/wp\/v2\/categories?post=361"},{"taxonomy":"post_tag","embeddable":true,"href":"https:\/\/blogopara.com.br\/index.php\/wp-json\/wp\/v2\/tags?post=361"}],"curies":[{"name":"wp","href":"https:\/\/api.w.org\/{rel}","templated":true}]}}