{"id":36150,"date":"2022-04-21T07:47:00","date_gmt":"2022-04-21T10:47:00","guid":{"rendered":"https:\/\/blogopara.com.br\/?p=36150"},"modified":"2022-04-20T16:44:21","modified_gmt":"2022-04-20T19:44:21","slug":"para-conseguir-uma-limpeza-precisa-falar-com-a-prefeita-desabafa-o-vereador-lourival-quirino","status":"publish","type":"post","link":"https:\/\/blogopara.com.br\/index.php\/2022\/04\/21\/para-conseguir-uma-limpeza-precisa-falar-com-a-prefeita-desabafa-o-vereador-lourival-quirino","title":{"rendered":"&#8220;Para conseguir uma limpeza precisa falar com a prefeita?&#8221;, desabafa o vereador Lourival Quirino"},"content":{"rendered":"<p style=\"text-align: justify;\">\u201cDificilmente uso a tribuna para falar, gosto mais de trabalhar caladinho, mas \u00e0s vezes a gente tem que subir na tribuna para falar algumas coisas quando n\u00e3o est\u00e3o andando bem\u201d, foi nesse tom que o vereador Lourival Quirino (sem-partido) subiu \u00e0 tribuna da Casa Apr\u00edgio Duarte Filho, nesta quarta-feira (20), para desabafar sobre os problemas que vem enfrentando dentro do governo Suzana Ramos (PSDB) ao longo desse tempo.<\/p>\n<p style=\"text-align: justify;\">\u201cAmanh\u00e3 no meu bairro Santo Ant\u00f4nio, acontecer\u00e1 uma evento que vem acontecendo h\u00e1 muitos anos \u2013 que \u00e9 a Corrida Tiradentinho. Conversei com a prefeita esta semana solicitando a limpeza. Agora veja que situa\u00e7\u00e3o chegamos, para conseguir uma simples limpeza tem que falar com a prefeita\u201d, lamentou o vereador chateado.<\/p>\n<p style=\"text-align: justify;\">\u201cDe pronto, ela ligou para uma funcion\u00e1ria LIMPCIT e at\u00e9 hoje esta pessoa n\u00e3o apareceu na rua Tiradentes para fazer o servi\u00e7o de poda e limpeza com a festa programada para ser realizada amanh\u00e3. Estou muito indignado porque eu s\u00f3 ajudo o grupo da prefeita, mas infelizmente para as coisas acontecerem tenho que subir a esta tribuna\u00a0 para bater, porque se n\u00e3o fizer isso, infelizmente as coisas n\u00e3o acontecem\u201d, disparou o vereador Lourival Quirino.<\/p>\n<p style=\"text-align: justify;\">\u201cFiz uma visita com a prefeita Suzana ao bairro Angary no ano passado. At\u00e9 hoje n\u00e3o foi feita nenhuma a\u00e7\u00e3o. Solicitamos tamb\u00e9m da prefeita o recapeamento asf\u00e1ltico de quatro ruas no bairro Santo Ant\u00f4nio\u00a0 e n\u00e3o fomos atendidos. Fiquei muito triste quando fiquei sabendo por parte da pr\u00f3pria prefeita que o contrato j\u00e1 tinha encerrado\u201d, desabafou.<\/p>\n<p style=\"text-align: justify;\">O l\u00edder do governo na casa, vereador Anibal Ara\u00fajo (PTC) parabenizou Quirino pelo discurso. \u201cQuero lhe parabenizar pelas palavras. e que depois da sess\u00e3o vamos resolver esta quest\u00e3o, o bairro tem que ser limpo para o evento. Estou junto com voc\u00ea, e repudio esta atitude\u201d.<\/p>\n<p style=\"text-align: justify;\">Outro vereador que usou a parte foi Alex Tanuri (PP). \u201cAproveite do momento e pe\u00e7a limpeza tamb\u00e9m para o bairro Castelo Branco que est\u00e1 todo tomado de mato. A LIMPCIT \u00e9 uma empresa que fez um contrato milion\u00e1rio com a prefeitura para fazer poda e capina e n\u00f3s estamos vivendo dentro do lixo. Temos que ver isso se n\u00e3o vai est\u00e1 \u00a0na men\u00e7\u00e3o para eles arrecadarem o dinheiro porque isso \u00e9 crime. A empresa est\u00e1 sendo paga para limpar a cidade, mas a prefeita n\u00e3o quer cuidar, mas n\u00f3s vereadores temos que cuidar. Se o bairro Castelo Branco estiver limpo, subo na tribuna e digo que sou governista\u201d, debochou o vereador Alex.<\/p>\n<p style=\"text-align: justify;\">\u201cOs nossos eleitores acham que n\u00e3o estamos fazendo nada, mas quase todos os dias estamos nas secretarias solicitando interven\u00e7\u00f5es, mas infelizmente n\u00e3o est\u00e3o acontecendo\u201d, lamentou mais uma vez Quirino.<\/p>\n<p style=\"text-align: justify;\">O vereador Jean Gomes (sem-partido) usou a parte. \u201cO SAAE tem que explicar o porque esta empresa n\u00e3o est\u00e1 fazendo os servi\u00e7os em nossa cidade\u201d.<\/p>\n<p style=\"text-align: justify;\">Em responda e concluindo o discurso, o vereador Lourival Quirino fez uma revela\u00e7\u00e3o grave.\u00a0 \u201cConversei por telefone com Joseilene, quando me informou que l\u00e1 s\u00f3 foi feito o contrato, e ela n\u00e3o tem nenhuma autonomia sobre esta empresa\u201d.<\/p>\n<p>Fonte de informa\u00e7\u00f5es: JAP<\/p>\n","protected":false},"excerpt":{"rendered":"<p>\u201cDificilmente uso a tribuna para falar, gosto mais de trabalhar caladinho, mas \u00e0s vezes a gente tem que subir na tribuna para falar algumas coisas quando n\u00e3o est\u00e3o andando bem\u201d, foi nesse tom que o vereador Lourival Quirino (sem-partido) subiu \u00e0 tribuna da Casa Apr\u00edgio Duarte Filho, nesta quarta-feira (20), para desabafar sobre os problemas [&hellip;]<\/p>\n","protected":false},"author":1,"featured_media":36151,"comment_status":"closed","ping_status":"open","sticky":false,"template":"","format":"standard","meta":{"_uag_custom_page_level_css":"","_monsterinsights_skip_tracking":false,"_monsterinsights_sitenote_active":false,"_monsterinsights_sitenote_note":"","_monsterinsights_sitenote_category":0,"jetpack_post_was_ever_published":false,"_jetpack_newsletter_access":"","_jetpack_dont_email_post_to_subs":false,"_jetpack_newsletter_tier_id":0,"_jetpack_memberships_contains_paywalled_content":false,"_jetpack_memberships_contains_paid_content":false,"footnotes":"","jetpack_publicize_message":"","jetpack_publicize_feature_enabled":true,"jetpack_social_post_already_shared":true,"jetpack_social_options":{"image_generator_settings":{"template":"highway","default_image_id":0,"font":"","enabled":false},"version":2}},"categories":[203,197],"tags":[],"class_list":["post-36150","post","type-post","status-publish","format-standard","has-post-thumbnail","hentry","category-juazeiro","category-politica"],"jetpack_publicize_connections":[],"jetpack_featured_media_url":"https:\/\/blogopara.com.br\/wp-content\/uploads\/2022\/04\/lourival2-620x465-1-e1650483467511.jpg","uagb_featured_image_src":{"full":["https:\/\/blogopara.com.br\/wp-content\/uploads\/2022\/04\/lourival2-620x465-1-e1650483467511.jpg",500,375,false],"thumbnail":["https:\/\/blogopara.com.br\/wp-content\/uploads\/2022\/04\/lourival2-620x465-1-150x150.jpg",150,150,true],"medium":["https:\/\/blogopara.com.br\/wp-content\/uploads\/2022\/04\/lourival2-620x465-1-300x225.jpg",300,225,true],"medium_large":["https:\/\/blogopara.com.br\/wp-content\/uploads\/2022\/04\/lourival2-620x465-1-e1650483467511.jpg",500,375,false],"large":["https:\/\/blogopara.com.br\/wp-content\/uploads\/2022\/04\/lourival2-620x465-1-e1650483467511.jpg",500,375,false],"1536x1536":["https:\/\/blogopara.com.br\/wp-content\/uploads\/2022\/04\/lourival2-620x465-1-e1650483467511.jpg",500,375,false],"2048x2048":["https:\/\/blogopara.com.br\/wp-content\/uploads\/2022\/04\/lourival2-620x465-1-e1650483467511.jpg",500,375,false],"mantranews-slider-large":["https:\/\/blogopara.com.br\/wp-content\/uploads\/2022\/04\/lourival2-620x465-1-e1650483467511.jpg",500,375,false],"mantranews-featured-medium":["https:\/\/blogopara.com.br\/wp-content\/uploads\/2022\/04\/lourival2-620x465-1-420x307.jpg",420,307,true],"mantranews-featured-long":["https:\/\/blogopara.com.br\/wp-content\/uploads\/2022\/04\/lourival2-620x465-1-300x443.jpg",300,443,true],"mantranews-block-medium":["https:\/\/blogopara.com.br\/wp-content\/uploads\/2022\/04\/lourival2-620x465-1-464x290.jpg",464,290,true],"mantranews-carousel-image":["https:\/\/blogopara.com.br\/wp-content\/uploads\/2022\/04\/lourival2-620x465-1-600x465.jpg",600,465,true],"mantranews-block-thumb":["https:\/\/blogopara.com.br\/wp-content\/uploads\/2022\/04\/lourival2-620x465-1-322x230.jpg",322,230,true],"mantranews-single-large":["https:\/\/blogopara.com.br\/wp-content\/uploads\/2022\/04\/lourival2-620x465-1-e1650483467511.jpg",500,375,false]},"uagb_author_info":{"display_name":"Reda\u00e7\u00e3o geral","author_link":"https:\/\/blogopara.com.br\/index.php\/author\/blogopara"},"uagb_comment_info":0,"uagb_excerpt":"\u201cDificilmente uso a tribuna para falar, gosto mais de trabalhar caladinho, mas \u00e0s vezes a gente tem que subir na tribuna para falar algumas coisas quando n\u00e3o est\u00e3o andando bem\u201d, foi nesse tom que o vereador Lourival Quirino (sem-partido) subiu \u00e0 tribuna da Casa Apr\u00edgio Duarte Filho, nesta quarta-feira (20), para desabafar sobre os problemas&hellip;","jetpack_sharing_enabled":true,"jetpack_likes_enabled":true,"_links":{"self":[{"href":"https:\/\/blogopara.com.br\/index.php\/wp-json\/wp\/v2\/posts\/36150","targetHints":{"allow":["GET"]}}],"collection":[{"href":"https:\/\/blogopara.com.br\/index.php\/wp-json\/wp\/v2\/posts"}],"about":[{"href":"https:\/\/blogopara.com.br\/index.php\/wp-json\/wp\/v2\/types\/post"}],"author":[{"embeddable":true,"href":"https:\/\/blogopara.com.br\/index.php\/wp-json\/wp\/v2\/users\/1"}],"replies":[{"embeddable":true,"href":"https:\/\/blogopara.com.br\/index.php\/wp-json\/wp\/v2\/comments?post=36150"}],"version-history":[{"count":2,"href":"https:\/\/blogopara.com.br\/index.php\/wp-json\/wp\/v2\/posts\/36150\/revisions"}],"predecessor-version":[{"id":36153,"href":"https:\/\/blogopara.com.br\/index.php\/wp-json\/wp\/v2\/posts\/36150\/revisions\/36153"}],"wp:featuredmedia":[{"embeddable":true,"href":"https:\/\/blogopara.com.br\/index.php\/wp-json\/wp\/v2\/media\/36151"}],"wp:attachment":[{"href":"https:\/\/blogopara.com.br\/index.php\/wp-json\/wp\/v2\/media?parent=36150"}],"wp:term":[{"taxonomy":"category","embeddable":true,"href":"https:\/\/blogopara.com.br\/index.php\/wp-json\/wp\/v2\/categories?post=36150"},{"taxonomy":"post_tag","embeddable":true,"href":"https:\/\/blogopara.com.br\/index.php\/wp-json\/wp\/v2\/tags?post=36150"}],"curies":[{"name":"wp","href":"https:\/\/api.w.org\/{rel}","templated":true}]}}