{"id":36154,"date":"2022-04-20T19:47:00","date_gmt":"2022-04-20T22:47:00","guid":{"rendered":"https:\/\/blogopara.com.br\/?p=36154"},"modified":"2022-04-20T16:55:24","modified_gmt":"2022-04-20T19:55:24","slug":"sicredi-vale-do-sao-francisco-realiza-assembleia-geral-com-balanco-positivo-e-boas-perspectivas","status":"publish","type":"post","link":"https:\/\/blogopara.com.br\/index.php\/2022\/04\/20\/sicredi-vale-do-sao-francisco-realiza-assembleia-geral-com-balanco-positivo-e-boas-perspectivas","title":{"rendered":"Sicredi Vale do S\u00e3o Francisco realiza assembleia geral com balan\u00e7o positivo e boas perspectivas"},"content":{"rendered":"<p style=\"text-align: justify;\">Com ativos totais na ordem de R$ 218.092 milh\u00f5es (12% maior em rela\u00e7\u00e3o ao ano anterior), um patrim\u00f4nio l\u00edquido de R$ 40.862 e sobras l\u00edquidas, que s\u00e3o destinadas aos associados, ultrapassando a casa dos R$ 5,2 milh\u00f5es. Estes s\u00e3o alguns dos resultados do balan\u00e7o do ano de 2021, apresentados na segunda-feira (18), pela diretoria da cooperativa de cr\u00e9dito Sicredi Vale do S\u00e3o Francisco durante Assembleia Geral Ordin\u00e1ria (AGO) online.<\/p>\n<p style=\"text-align: justify;\">No evento, os associados tiveram acesso ao relat\u00f3rio da gest\u00e3o, \u00e0 presta\u00e7\u00e3o de contas da destina\u00e7\u00e3o dos resultados e \u00e0 leitura dos pareceres do auditor independente e do Conselho Fiscal. Ap\u00f3s a vota\u00e7\u00e3o e aprova\u00e7\u00e3o, por unanimidade, do balan\u00e7o patrimonial e de v\u00e1rias outras demonstra\u00e7\u00f5es financeiras, a AGO elegeu tamb\u00e9m os novos representantes do Conselho Fiscal. Em 2020 o Sicredi Vale do S\u00e3o Francisco contava com 4.822 associados. Com uma evolu\u00e7\u00e3o da ordem de 33,2% este n\u00famero cresceu em 2021 para 6.421.<\/p>\n<p style=\"text-align: justify;\">O presidente do Conselho de Administra\u00e7\u00e3o, Ant\u00f4nio Vin\u00edcius Ramalho Leite, avaliou muito positivamente o desempenho da cooperativa em 2021 e refor\u00e7ou o convite para a inaugura\u00e7\u00e3o da nova sede em Petrolina, na avenida da Integra\u00e7\u00e3o, que ser\u00e1 no pr\u00f3ximo dia 29 deste m\u00eas, al\u00e9m de anunciar as futuras instala\u00e7\u00f5es do Sicredi em Senhor do Bonfim e Jacobina, ambas na Bahia.<\/p>\n<p style=\"text-align: justify;\">Clas Comunica\u00e7\u00e3o e Marketing<\/p>\n","protected":false},"excerpt":{"rendered":"<p>Com ativos totais na ordem de R$ 218.092 milh\u00f5es (12% maior em rela\u00e7\u00e3o ao ano anterior), um patrim\u00f4nio l\u00edquido de R$ 40.862 e sobras l\u00edquidas, que s\u00e3o destinadas aos associados, ultrapassando a casa dos R$ 5,2 milh\u00f5es. Estes s\u00e3o alguns dos resultados do balan\u00e7o do ano de 2021, apresentados na segunda-feira (18), pela diretoria da [&hellip;]<\/p>\n","protected":false},"author":1,"featured_media":36156,"comment_status":"closed","ping_status":"open","sticky":false,"template":"","format":"standard","meta":{"_uag_custom_page_level_css":"","_monsterinsights_skip_tracking":false,"_monsterinsights_sitenote_active":false,"_monsterinsights_sitenote_note":"","_monsterinsights_sitenote_category":0,"jetpack_post_was_ever_published":false,"_jetpack_newsletter_access":"","_jetpack_dont_email_post_to_subs":false,"_jetpack_newsletter_tier_id":0,"_jetpack_memberships_contains_paywalled_content":false,"_jetpack_memberships_contains_paid_content":false,"footnotes":"","jetpack_publicize_message":"","jetpack_publicize_feature_enabled":true,"jetpack_social_post_already_shared":true,"jetpack_social_options":{"image_generator_settings":{"template":"highway","default_image_id":0,"font":"","enabled":false},"version":2}},"categories":[9080],"tags":[2960,2992,9081,720],"class_list":["post-36154","post","type-post","status-publish","format-standard","has-post-thumbnail","hentry","category-vale-do-sao-francisco","tag-assembleia-geral","tag-balanco-positivo","tag-sicredi","tag-vale-do-sao-francisco"],"jetpack_publicize_connections":[],"jetpack_featured_media_url":"https:\/\/blogopara.com.br\/wp-content\/uploads\/2022\/04\/WhatsApp-Image-2022-04-19-at-16.15.38.jpeg","uagb_featured_image_src":{"full":["https:\/\/blogopara.com.br\/wp-content\/uploads\/2022\/04\/WhatsApp-Image-2022-04-19-at-16.15.38.jpeg",500,350,false],"thumbnail":["https:\/\/blogopara.com.br\/wp-content\/uploads\/2022\/04\/WhatsApp-Image-2022-04-19-at-16.15.38-150x150.jpeg",150,150,true],"medium":["https:\/\/blogopara.com.br\/wp-content\/uploads\/2022\/04\/WhatsApp-Image-2022-04-19-at-16.15.38-300x210.jpeg",300,210,true],"medium_large":["https:\/\/blogopara.com.br\/wp-content\/uploads\/2022\/04\/WhatsApp-Image-2022-04-19-at-16.15.38.jpeg",500,350,false],"large":["https:\/\/blogopara.com.br\/wp-content\/uploads\/2022\/04\/WhatsApp-Image-2022-04-19-at-16.15.38.jpeg",500,350,false],"1536x1536":["https:\/\/blogopara.com.br\/wp-content\/uploads\/2022\/04\/WhatsApp-Image-2022-04-19-at-16.15.38.jpeg",500,350,false],"2048x2048":["https:\/\/blogopara.com.br\/wp-content\/uploads\/2022\/04\/WhatsApp-Image-2022-04-19-at-16.15.38.jpeg",500,350,false],"mantranews-slider-large":["https:\/\/blogopara.com.br\/wp-content\/uploads\/2022\/04\/WhatsApp-Image-2022-04-19-at-16.15.38.jpeg",500,350,false],"mantranews-featured-medium":["https:\/\/blogopara.com.br\/wp-content\/uploads\/2022\/04\/WhatsApp-Image-2022-04-19-at-16.15.38-420x307.jpeg",420,307,true],"mantranews-featured-long":["https:\/\/blogopara.com.br\/wp-content\/uploads\/2022\/04\/WhatsApp-Image-2022-04-19-at-16.15.38-300x350.jpeg",300,350,true],"mantranews-block-medium":["https:\/\/blogopara.com.br\/wp-content\/uploads\/2022\/04\/WhatsApp-Image-2022-04-19-at-16.15.38-464x290.jpeg",464,290,true],"mantranews-carousel-image":["https:\/\/blogopara.com.br\/wp-content\/uploads\/2022\/04\/WhatsApp-Image-2022-04-19-at-16.15.38.jpeg",500,350,false],"mantranews-block-thumb":["https:\/\/blogopara.com.br\/wp-content\/uploads\/2022\/04\/WhatsApp-Image-2022-04-19-at-16.15.38-322x230.jpeg",322,230,true],"mantranews-single-large":["https:\/\/blogopara.com.br\/wp-content\/uploads\/2022\/04\/WhatsApp-Image-2022-04-19-at-16.15.38.jpeg",500,350,false]},"uagb_author_info":{"display_name":"Reda\u00e7\u00e3o geral","author_link":"https:\/\/blogopara.com.br\/index.php\/author\/blogopara"},"uagb_comment_info":0,"uagb_excerpt":"Com ativos totais na ordem de R$ 218.092 milh\u00f5es (12% maior em rela\u00e7\u00e3o ao ano anterior), um patrim\u00f4nio l\u00edquido de R$ 40.862 e sobras l\u00edquidas, que s\u00e3o destinadas aos associados, ultrapassando a casa dos R$ 5,2 milh\u00f5es. Estes s\u00e3o alguns dos resultados do balan\u00e7o do ano de 2021, apresentados na segunda-feira (18), pela diretoria da&hellip;","jetpack_sharing_enabled":true,"jetpack_likes_enabled":true,"_links":{"self":[{"href":"https:\/\/blogopara.com.br\/index.php\/wp-json\/wp\/v2\/posts\/36154","targetHints":{"allow":["GET"]}}],"collection":[{"href":"https:\/\/blogopara.com.br\/index.php\/wp-json\/wp\/v2\/posts"}],"about":[{"href":"https:\/\/blogopara.com.br\/index.php\/wp-json\/wp\/v2\/types\/post"}],"author":[{"embeddable":true,"href":"https:\/\/blogopara.com.br\/index.php\/wp-json\/wp\/v2\/users\/1"}],"replies":[{"embeddable":true,"href":"https:\/\/blogopara.com.br\/index.php\/wp-json\/wp\/v2\/comments?post=36154"}],"version-history":[{"count":1,"href":"https:\/\/blogopara.com.br\/index.php\/wp-json\/wp\/v2\/posts\/36154\/revisions"}],"predecessor-version":[{"id":36157,"href":"https:\/\/blogopara.com.br\/index.php\/wp-json\/wp\/v2\/posts\/36154\/revisions\/36157"}],"wp:featuredmedia":[{"embeddable":true,"href":"https:\/\/blogopara.com.br\/index.php\/wp-json\/wp\/v2\/media\/36156"}],"wp:attachment":[{"href":"https:\/\/blogopara.com.br\/index.php\/wp-json\/wp\/v2\/media?parent=36154"}],"wp:term":[{"taxonomy":"category","embeddable":true,"href":"https:\/\/blogopara.com.br\/index.php\/wp-json\/wp\/v2\/categories?post=36154"},{"taxonomy":"post_tag","embeddable":true,"href":"https:\/\/blogopara.com.br\/index.php\/wp-json\/wp\/v2\/tags?post=36154"}],"curies":[{"name":"wp","href":"https:\/\/api.w.org\/{rel}","templated":true}]}}