{"id":36166,"date":"2022-04-21T17:10:00","date_gmt":"2022-04-21T20:10:00","guid":{"rendered":"https:\/\/blogopara.com.br\/?p=36166"},"modified":"2022-04-21T09:09:07","modified_gmt":"2022-04-21T12:09:07","slug":"arthur-do-val-renuncia-ao-cargo-de-deputado-estadual-apos-abertura-de-processo-por-suas-frases-sexistas","status":"publish","type":"post","link":"https:\/\/blogopara.com.br\/index.php\/2022\/04\/21\/arthur-do-val-renuncia-ao-cargo-de-deputado-estadual-apos-abertura-de-processo-por-suas-frases-sexistas","title":{"rendered":"Arthur do Val renuncia ao cargo de deputado estadual ap\u00f3s abertura de processo por suas frases sexistas"},"content":{"rendered":"<p style=\"text-align: justify;\">O deputado\u00a0<a href=\"https:\/\/g1.globo.com\/tudo-sobre\/arthur-do-val\/\">Arthur do Val<\/a>\u00a0(<a href=\"https:\/\/g1.globo.com\/politica\/partido\/uniao-brasil\/\">Uni\u00e3o Brasil<\/a>) renunciou nesta quarta-feira (20) ao cargo de deputado estadual ap\u00f3s o Conselho de \u00c9tica da Assembleia Legislativa de\u00a0<a href=\"https:\/\/g1.globo.com\/sp\/sao-paulo\/cidade\/sao-paulo\/\">S\u00e3o Paulo<\/a>\u00a0(<a href=\"https:\/\/g1.globo.com\/tudo-sobre\/alesp\/\">Alesp<\/a>)\u00a0<a href=\"https:\/\/g1.globo.com\/sp\/sao-paulo\/noticia\/2022\/03\/18\/conselho-de-etica-da-alesp-aprova-abertura-de-processo-que-pode-gerar-cassacao-de-arthur-do-val.ghtml\">aprovar, por unanimidade, o processo que poderia gerar a cassa\u00e7\u00e3o do seu mandato.<\/a><\/p>\n<p style=\"text-align: justify;\">Ele \u00e9\u00a0<a href=\"https:\/\/g1.globo.com\/sp\/sao-paulo\/noticia\/2022\/03\/09\/conselho-de-etica-da-alesp-aceita-representacoes-contra-arthur-do-val-e-inicia-tramitacao-de-processo-que-pode-gerar-a-cassacao-do-deputado.ghtml\">alvo no colegiado de 21 representa\u00e7\u00f5es no colegiado pedindo a cassa\u00e7\u00e3o\u00a0<\/a>por quebra de decoro parlamentar, ap\u00f3s\u00a0<a href=\"https:\/\/g1.globo.com\/sp\/sao-paulo\/eleicoes\/2022\/noticia\/2022\/03\/05\/em-audios-arthur-do-val-disse-que-ucranianas-sao-faceis-porque-sao-pobres-ouca.ghtml\">dizer frases sexistas contra mulheres refugiadas ucranianas.<\/a><\/p>\n<p style=\"text-align: justify;\">&#8220;Sem o mandato, os deputados agora ser\u00e3o obrigados a discutir apenas os meus direitos pol\u00edticos e vai ficar claro que eles querem na verdade \u00e9 me tirar das pr\u00f3ximas elei\u00e7\u00f5es&#8221;, disse do Val em nota divulgada no in\u00edcio da tarde.<\/p>\n<p style=\"text-align: justify;\">Arthur do Val renuncia ao cargo de deputado estadual ap\u00f3s abertura de processo de cassa\u00e7\u00e3o<\/p>\n<p style=\"text-align: justify;\">&#8220;Estou sendo v\u00edtima de um processo injusto e arbitr\u00e1rio dentro da\u00a0<a href=\"https:\/\/g1.globo.com\/tudo-sobre\/alesp\/\">Alesp<\/a>. O amplo direito a defesa foi ignorado pelos deputados, que promovem uma persegui\u00e7\u00e3o pol\u00edtica. Vou renunciar ao meu mandato em respeito aos 500 mil paulistas que votaram em mim, para que n\u00e3o vejam seus votos sendo subjugados pela Assembleia. Mas n\u00e3o pensem que desisti, continuarei lutando pelos meus direitos.\u201d<\/p>\n<p style=\"text-align: justify;\">Mesmo deixando o cargo, se o processo de cassa\u00e7\u00e3o dele for aprovado no plen\u00e1rio da\u00a0<a href=\"https:\/\/g1.globo.com\/tudo-sobre\/alesp\/\">Alesp<\/a>, ele\u00a0<a href=\"https:\/\/g1.globo.com\/sp\/sao-paulo\/noticia\/2022\/04\/20\/arthur-do-val-pode-ficar-inelegivel-por-oito-anos-mesmo-apos-renuncia-dizem-especialistas-entenda-processo.ghtml\">pode ficar ineleg\u00edvel por oito anos segundo a Lei da Ficha Limpa<\/a>, afirmaram juristas ouvidos pelo\u00a0<a href=\"https:\/\/g1.globo.com\/sp\/sao-paulo\/noticia\/2022\/04\/20\/arthur-do-val-pode-ficar-inelegivel-por-oito-anos-mesmo-apos-renuncia-dizem-especialistas-entenda-processo.ghtml\">g1\u00a0<\/a>(entenda\u00a0<a href=\"https:\/\/g1.globo.com\/sp\/sao-paulo\/noticia\/2022\/04\/20\/arthur-do-val-pode-ficar-inelegivel-por-oito-anos-mesmo-apos-renuncia-dizem-especialistas-entenda-processo.ghtml\">mais aqui<\/a>).<\/p>\n<p style=\"text-align: justify;\">\n<p style=\"text-align: justify;\">Na nota de ren\u00fancia divulgada nesta quarta (20), o parlamentar disse que \u201ccontinuar\u00e1 lutando pelos seus direitos&#8221; pol\u00edticos.<\/p>\n<p style=\"text-align: justify;\">\u201cVou renunciar ao meu mandato em respeito aos 500 mil paulistas que votaram em mim, para que n\u00e3o vejam seus votos sendo subjugados pela Assembleia. Mas n\u00e3o pensem que desisti, continuarei lutando pelos meus direitos\u201d, disse\u00a0<a href=\"https:\/\/g1.globo.com\/tudo-sobre\/arthur-do-val\/\">Arthur do Val<\/a>.<\/p>\n<p style=\"text-align: justify;\">\n<p style=\"text-align: justify;\">Conselho de \u00c9tica da\u00a0<a href=\"https:\/\/g1.globo.com\/tudo-sobre\/alesp\/\">Alesp<\/a><\/p>\n<p style=\"text-align: justify;\">O processo pedindo a cassa\u00e7\u00e3o de\u00a0<a href=\"https:\/\/g1.globo.com\/tudo-sobre\/arthur-do-val\/\">Arthur do Val<\/a>\u00a0foi\u00a0<a href=\"https:\/\/g1.globo.com\/sp\/sao-paulo\/noticia\/2022\/04\/12\/conselho-de-etica-da-alesp-vota-pedido-de-cassacao-de-arthur-do-val-por-falas-machistas-contra-refugiadas-ucranianas.ghtml\">aprovado no Conselho de \u00c9tica da Alesp no \u00faltimo dia 12 de abril.<\/a><\/p>\n<p style=\"text-align: justify;\">\n<p style=\"text-align: justify;\">Os nove membros do conselho acataram o\u00a0<a href=\"https:\/\/g1.globo.com\/sp\/sao-paulo\/noticia\/2022\/04\/07\/relator-pede-cassacao-de-arthur-do-val-no-conselho-de-etica-da-alesp-apos-frases-machistas-sobre-mulheres-ucranianas.ghtml\">parecer do relator Delegado Olim (PP)<\/a>, que viu\u00a0<a href=\"https:\/\/g1.globo.com\/sp\/sao-paulo\/noticia\/2022\/04\/07\/relator-pede-cassacao-de-arthur-do-val-no-conselho-de-etica-da-alesp-apos-frases-machistas-sobre-mulheres-ucranianas.ghtml\">quebra de decoro parlamentar no deputado\u00a0<\/a>ap\u00f3s a divulga\u00e7\u00e3o de\u00a0<a href=\"https:\/\/g1.globo.com\/sp\/sao-paulo\/noticia\/2022\/03\/07\/audios-de-arthur-do-val-sobre-ucranianas-entenda-a-investigacao-contra-o-deputado-no-conselho-de-etica-da-alesp.ghtml\">\u00e1udios machistas sobre refugiadas ucranianas<\/a>, vazados no in\u00edcio de mar\u00e7o, durante viagem para suposta ajuda humanit\u00e1ria ao pa\u00eds.<\/p>\n<p style=\"text-align: justify;\">\n<p style=\"text-align: justify;\">Conselho de \u00c9tica da Alesp aprova pedido de cassa\u00e7\u00e3o de Arthur do Val<\/p>\n<p style=\"text-align: justify;\">Ap\u00f3s a aprova\u00e7\u00e3o do parecer no colegiado, o processo seguiu para a Mesa Diretora da Casa, que ainda n\u00e3o tinha definido data para a vota\u00e7\u00e3o em plen\u00e1rio da proposta da cassa\u00e7\u00e3o, em formato de projeto de resolu\u00e7\u00e3o.<\/p>\n<p style=\"text-align: justify;\">Para que o mandato de\u00a0<a href=\"https:\/\/g1.globo.com\/tudo-sobre\/arthur-do-val\/\">Arthur do Val<\/a>\u00a0fosse cassado, pelo menos 48 dos 94 deputados estaduais da\u00a0<a href=\"https:\/\/g1.globo.com\/tudo-sobre\/alesp\/\">Alesp<\/a>\u00a0teriam que votar a favor do relat\u00f3rio aprovado pelo Conselho de \u00c9tica.<\/p>\n<p style=\"text-align: justify;\">No in\u00edcio da noite desta ter\u00e7a, Do Val protocolou a carta em que confirma o pedido de ren\u00fancia, segundo assessores.<\/p>\n<p style=\"text-align: justify;\">O presidente da\u00a0<a href=\"https:\/\/g1.globo.com\/tudo-sobre\/alesp\/\">Alesp<\/a>, Carl\u00e3o Pignatari (PSDB), disse que, diante da carta de ren\u00fancia do deputado, vai convocar o suplente, Aldo Demarchi (<a href=\"https:\/\/g1.globo.com\/politica\/partido\/uniao-brasil\/\">Uni\u00e3o Brasil<\/a>) para assumir o mandato parlamentar que ser\u00e1 exercido at\u00e9 o fim da atual legislatura. Sobre o processo de cassa\u00e7\u00e3o em tramita\u00e7\u00e3o contra o agora ex-parlamentar, o chefe do Legislativo disse que precisa estudar o regimento da Casa para saber que pr\u00f3ximo passo ser\u00e1 dado.<\/p>\n<p style=\"text-align: justify;\">A sess\u00e3o que aprovou o relat\u00f3rio contra o deputado foi marcada por tumulto, em 12 de abril. A milit\u00e2ncia do MBL, movimento do qual Do Val faz parte, compareceu \u00e0\u00a0<a href=\"https:\/\/g1.globo.com\/tudo-sobre\/alesp\/\">Alesp<\/a>\u00a0durante a vota\u00e7\u00e3o. Com cartazes, gritaram na porta do local da reuni\u00e3o &#8220;N\u00e3o \u00e0 cassa\u00e7\u00e3o&#8221;. Policiais militares lotaram os corredores da Casa para tentar impedir alguma confus\u00e3o.<\/p>\n<p style=\"text-align: justify;\">Mulheres ucranianas que vivem no Brasil e que pedem a puni\u00e7\u00e3o do parlamentar tamb\u00e9m estiveram presentes naquela reuni\u00e3o, onde o parlamentar admitiu que erro ao enviar mensagens com conte\u00fados sexistas aos amigos.<\/p>\n<p style=\"text-align: justify;\">\n<p style=\"text-align: justify;\">Conselho de \u00c9tica da Alesp vota pela cassa\u00e7\u00e3o de Arthur do Val<\/p>\n<p style=\"text-align: justify;\">&#8220;Eu errei, ponto final. Quero pedir desculpas principalmente \u00e0s mulheres ucranianas que est\u00e3o aqui. Agora, vamos ser sinceros. Todo mundo sabe que esse processo de cassa\u00e7\u00e3o n\u00e3o \u00e9 pelo que eu disse, mas por quem disse. A verdade \u00e9 que todos aqui me odeiam. Esse processo n\u00e3o \u00e9 pelos meus defeitos, mas por minhas virtudes&#8221;, disse\u00a0<a href=\"https:\/\/g1.globo.com\/tudo-sobre\/arthur-do-val\/\">Arthur do Val<\/a>.<\/p>\n<p style=\"text-align: justify;\">\n<p style=\"text-align: justify;\">&#8220;Voc\u00eas v\u00e3o cortar minha cabe\u00e7a, mas v\u00e3o nascer outras no lugar&#8221;, afirmou ainda.<\/p>\n<p style=\"text-align: justify;\"><a href=\"https:\/\/g1.globo.com\/sp\/sao-paulo\/noticia\/2022\/03\/08\/vou-ser-cassado-em-tempo-recorde-diz-arthur-do-val-sobre-processo-no-conselho-de-etica-da-alesp.ghtml\">&#8216;Vou ser cassado em tempo recorde&#8217;, diz Arthur sobre processo no Conselho de \u00c9tica da Alesp<\/a><\/p>\n<p style=\"text-align: justify;\"><a href=\"https:\/\/g1.globo.com\/sp\/sao-paulo\/noticia\/2022\/03\/08\/podemos-desfilia-arthur-do-val-apos-falas-sexistas-contra-mulheres-ucranianas.ghtml\">Podemos<\/a>\u00a0<a href=\"https:\/\/g1.globo.com\/sp\/sao-paulo\/noticia\/2022\/03\/08\/podemos-desfilia-arthur-do-val-apos-falas-sexistas-contra-mulheres-ucranianas.ghtml\">desfilia deputado ap\u00f3s falas sexistas contra mulheres ucranianas<\/a><\/p>\n<p style=\"text-align: justify;\"><a href=\"https:\/\/g1.globo.com\/sp\/sao-paulo\/noticia\/2022\/03\/07\/audios-de-arthur-do-val-sobre-ucranianas-entenda-a-investigacao-contra-o-deputado-no-conselho-de-etica-da-alesp.ghtml\">Entenda a investiga\u00e7\u00e3o contra o deputado no Conselho de \u00c9tica da Alesp<\/a><\/p>\n<p style=\"text-align: justify;\">\n<p style=\"text-align: justify;\">Sess\u00e3o tumultuado do Conselho de \u00c9tica<\/p>\n<p style=\"text-align: justify;\">Na abertura da reuni\u00e3o de 12 de abril, houve bate-boca entre a presidente do conselho de \u00c9tica, Maria L\u00facia Amary (PSDB), e a deputada Isa Penna (PSOL), que n\u00e3o faz parte do colegiado.<\/p>\n<p style=\"text-align: justify;\">Amary prop\u00f4s a suspens\u00e3o dos trabalhos por dez minutos para a realiza\u00e7\u00e3o de uma reuni\u00e3o privada apenas entre os membros do Conselho de \u00c9tica e de\u00a0<a href=\"https:\/\/g1.globo.com\/tudo-sobre\/arthur-do-val\/\">Arthur Do Val<\/a>, a pedido do parlamentar. Isa Penna protestou contra a realiza\u00e7\u00e3o da conversa sem a presen\u00e7a dos outros deputados. Em vota\u00e7\u00e3o, o pedido de\u00a0<a href=\"https:\/\/g1.globo.com\/tudo-sobre\/arthur-do-val\/\">Arthur do Val<\/a>\u00a0n\u00e3o foi atendido, e os trabalhos prosseguiram.<\/p>\n<p style=\"text-align: justify;\">Os discursos dos deputados tamb\u00e9m foram marcados por falas inflamadas, que pediram com veem\u00eancia a puni\u00e7\u00e3o do parlamentar.<\/p>\n<p style=\"text-align: justify;\">\n<p style=\"text-align: justify;\">Deputado Arthur do Val pode perder os direitos pol\u00edticos por 8 anos<\/p>\n<p style=\"text-align: justify;\">As deputadas \u00c9rica Malunguinho (PSOL) e Marina Helou (Rede) tamb\u00e9m defenderam em seus votos a import\u00e2ncia de combater a viol\u00eancia contra a mulher de forma estrutural.<\/p>\n<p style=\"text-align: justify;\">&#8220;A forma com que a gente trata e aceita com que as mulheres sejam tratadas \u00e9 sim um dos motivos pelos quais o Brasil \u00e9 o quinto pa\u00eds mais perigoso do mundo pra ser mulher. N\u00e3o \u00e9 aceit\u00e1vel que a gente siga tendo um representante institucional se dirigindo a mulheres dessa forma&#8221;, disse Helou.<\/p>\n<p style=\"text-align: justify;\">&#8220;Uma fala banal gera estupro, uma fala banal gera feminic\u00eddio. Ou voc\u00eas acham que uma pessoa acorda e fala &#8216;vou matar minha mulher hoje&#8217;? Isso \u00e9 uma constru\u00e7\u00e3o hist\u00f3rica&#8221;, afirmou Malunguinho.<\/p>\n<p style=\"text-align: justify;\">\n<p style=\"text-align: justify;\">O que dizem os \u00e1udios?<\/p>\n<p style=\"text-align: justify;\">\n<p style=\"text-align: justify;\">Nos\u00a0<a href=\"https:\/\/g1.globo.com\/sp\/sao-paulo\/noticia\/2022\/03\/07\/audios-de-arthur-do-val-sobre-ucranianas-entenda-a-investigacao-contra-o-deputado-no-conselho-de-etica-da-alesp.ghtml\">\u00e1udios, que circularam nas redes sociais<\/a>\u00a0e teriam sido enviados para um grupo de amigos do parlamentar, h\u00e1 declara\u00e7\u00f5es machistas e mis\u00f3ginas.<\/p>\n<p style=\"text-align: justify;\">\u201cS\u00e3o f\u00e1ceis, porque elas s\u00e3o pobres. E aqui minha carta do Instagram, cheia de inscritos, funciona demais. N\u00e3o peguei ningu\u00e9m, mas eu colei em duas \u2018minas\u2019, em dois grupos de \u2018mina\u2019. \u00c9 inacredit\u00e1vel a facilidade. Essas &#8216;minas&#8217; em\u00a0<a href=\"https:\/\/g1.globo.com\/sp\/sao-paulo\/cidade\/sao-paulo\/\">S\u00e3o Paulo<\/a>\u00a0voc\u00ea d\u00e1 bom dia e ela ia cuspir na sua cara e aqui s\u00e3o super simp\u00e1ticas&#8221;, diz o \u00e1udio<\/p>\n<p style=\"text-align: justify;\">As declara\u00e7\u00f5es teriam sido feitas durante viagem \u00e0 Ucr\u00e2nia. Ele disse ter viajado para enviar doa\u00e7\u00f5es para refugiados ucranianos ap\u00f3s a invas\u00e3o da R\u00fassia ao pa\u00eds.<\/p>\n<p style=\"text-align: justify;\">\n<p style=\"text-align: justify;\">Conselho de \u00c9tica da Alesp recebe pedidos de cassa\u00e7\u00e3o de Arthur do Val<\/p>\n<p style=\"text-align: justify;\">Nos \u00e1udios, o deputado tamb\u00e9m teria comparado a fila de refugiadas \u00e0 fila de uma balada.<\/p>\n<p style=\"text-align: justify;\">&#8220;Acabei de cruzar a fronteira a p\u00e9 aqui, da Ucr\u00e2nia com a Eslov\u00e1quia. Eu juro, nunca na minha vida vi nada parecido em termos de \u2018mina\u2019 bonita. A fila das refugiadas, irm\u00e3o. Imagina uma fila de sei l\u00e1, de 200 metros ou mais, s\u00f3 deusa. Sem no\u00e7\u00e3o, inacredit\u00e1vel, \u00e9 um bagulho fora de s\u00e9rie. Se pegar a fila da melhor balada do Brasil, na melhor \u00e9poca do ano, n\u00e3o chega aos p\u00e9s da fila de refugiados aqui.&#8221;<\/p>\n<p style=\"text-align: justify;\">\n<p style=\"text-align: justify;\">Em outro trecho, o \u00e1udio diz: &#8220;Passei agora quatro barreiras alfandeg\u00e1rias, duas casinhas pra cada pa\u00eds. Eu contei, s\u00e3o doze policiais deusas. Que voc\u00ea casa e faz tudo que ela quiser. Eu estou mal cara, n\u00e3o tenho nem palavras para expressar. Quatro dessas eram &#8216;minas&#8217; que voc\u00ea se ela cagar voc\u00ea limpa o c* dela com a l\u00edngua. Assim que essa guerra passar eu vou voltar para c\u00e1&#8221;.<\/p>\n<p style=\"text-align: justify;\">\n<p style=\"text-align: justify;\">Deputado Arthur do Val (Podemos) chega ao Brasil<\/p>\n<p style=\"text-align: justify;\">O que o deputado disse sobre os \u00e1udios?<\/p>\n<p style=\"text-align: justify;\">Ao desembarcar no Aeroporto Internacional de Cumbica, em Guarulhos, na Grande\u00a0<a href=\"https:\/\/g1.globo.com\/sp\/sao-paulo\/cidade\/sao-paulo\/\">S\u00e3o Paulo<\/a>, o deputado estadual confirmou que s\u00e3o seus os \u00e1udios machistas.<\/p>\n<p style=\"text-align: justify;\">Inicialmente,\u00a0<a href=\"https:\/\/g1.globo.com\/sp\/sao-paulo\/eleicoes\/2022\/noticia\/2022\/03\/05\/arthur-do-val-reconhece-audios-como-dele-ta-errado-o-que-eu-falei-nao-e-isso-que-eu-penso-o-que-falei-foi-um-erro-em-momento-de-empolgacao.ghtml\">ele disse que &#8220;houve um mal entendido&#8221;\u00a0<\/a>e que as &#8220;pessoas est\u00e3o misturando os \u00e1udios com outro contexto&#8221;.<\/p>\n<p style=\"text-align: justify;\">&#8220;Foi errado o que eu falei, n\u00e3o \u00e9 isso que eu penso.\u00a0O que eu falei foi um erro, em um momento de empolga\u00e7\u00e3o&#8221;, declarou.<\/p>\n<p style=\"text-align: justify;\">Depois, o\u00a0<a href=\"https:\/\/g1.globo.com\/sp\/sao-paulo\/eleicoes\/2022\/noticia\/2022\/03\/05\/arthur-do-val-pede-desculpa-e-diz-que-pode-deixar-pre-candidatura-apos-fala-sobre-mulheres-ucranianas.ghtml\">deputado gravou um v\u00eddeo<\/a>\u00a0no qual declarou que suas frases foram &#8220;machistas&#8221; e &#8220;escrotas&#8221; e afirmou que se comportou &#8220;como um moleque&#8221; ao responder a perguntas de amigos em um grupo de conversas entre parceiros do futebol.<\/p>\n<p style=\"text-align: justify;\">Em v\u00eddeo, Arthur do Val diz que pode deixar pr\u00e9-candidatura ap\u00f3s fala sobre ucranianas<\/p>\n<p style=\"text-align: justify;\">&#8220;Eu s\u00f3 quero que as pessoas me julguem pelo que eu fiz, n\u00e3o pelo que eu n\u00e3o fiz&#8221;, disse o deputado.<\/p>\n<p style=\"text-align: justify;\">Segundo\u00a0<a href=\"https:\/\/g1.globo.com\/tudo-sobre\/arthur-do-val\/\">Arthur do Val<\/a>, os \u00e1udios n\u00e3o foram enviados a grupos &#8220;de pol\u00edtica&#8221; e ele j\u00e1 estava na Eslov\u00e1quia, quando teve acesso a internet, ao envi\u00e1-los.<\/p>\n<p style=\"text-align: justify;\">Por Rodrigo Rodrigues, g1 SP<\/p>\n","protected":false},"excerpt":{"rendered":"<p>O deputado\u00a0Arthur do Val\u00a0(Uni\u00e3o Brasil) renunciou nesta quarta-feira (20) ao cargo de deputado estadual ap\u00f3s o Conselho de \u00c9tica da Assembleia Legislativa de\u00a0S\u00e3o Paulo\u00a0(Alesp)\u00a0aprovar, por unanimidade, o processo que poderia gerar a cassa\u00e7\u00e3o do seu mandato. Ele \u00e9\u00a0alvo no colegiado de 21 representa\u00e7\u00f5es no colegiado pedindo a cassa\u00e7\u00e3o\u00a0por quebra de decoro parlamentar, ap\u00f3s\u00a0dizer frases sexistas [&hellip;]<\/p>\n","protected":false},"author":1,"featured_media":36167,"comment_status":"closed","ping_status":"open","sticky":false,"template":"","format":"standard","meta":{"_uag_custom_page_level_css":"","_monsterinsights_skip_tracking":false,"_monsterinsights_sitenote_active":false,"_monsterinsights_sitenote_note":"","_monsterinsights_sitenote_category":0,"jetpack_post_was_ever_published":false,"_jetpack_newsletter_access":"","_jetpack_dont_email_post_to_subs":false,"_jetpack_newsletter_tier_id":0,"_jetpack_memberships_contains_paywalled_content":false,"_jetpack_memberships_contains_paid_content":false,"footnotes":"","jetpack_publicize_message":"","jetpack_publicize_feature_enabled":true,"jetpack_social_post_already_shared":true,"jetpack_social_options":{"image_generator_settings":{"template":"highway","default_image_id":0,"font":"","enabled":false},"version":2}},"categories":[197],"tags":[9091,9089,9090,4574],"class_list":["post-36166","post","type-post","status-publish","format-standard","has-post-thumbnail","hentry","category-politica","tag-abertura-de-processo","tag-arthur-do-val","tag-cargo-de-deputado-estadual","tag-renuncia"],"jetpack_publicize_connections":[],"jetpack_featured_media_url":"https:\/\/blogopara.com.br\/wp-content\/uploads\/2022\/04\/fta20220412023.webp","uagb_featured_image_src":{"full":["https:\/\/blogopara.com.br\/wp-content\/uploads\/2022\/04\/fta20220412023.webp",984,657,false],"thumbnail":["https:\/\/blogopara.com.br\/wp-content\/uploads\/2022\/04\/fta20220412023-150x150.webp",150,150,true],"medium":["https:\/\/blogopara.com.br\/wp-content\/uploads\/2022\/04\/fta20220412023-300x200.webp",300,200,true],"medium_large":["https:\/\/blogopara.com.br\/wp-content\/uploads\/2022\/04\/fta20220412023-768x513.webp",640,428,true],"large":["https:\/\/blogopara.com.br\/wp-content\/uploads\/2022\/04\/fta20220412023.webp",640,427,false],"1536x1536":["https:\/\/blogopara.com.br\/wp-content\/uploads\/2022\/04\/fta20220412023.webp",984,657,false],"2048x2048":["https:\/\/blogopara.com.br\/wp-content\/uploads\/2022\/04\/fta20220412023.webp",984,657,false],"mantranews-slider-large":["https:\/\/blogopara.com.br\/wp-content\/uploads\/2022\/04\/fta20220412023.webp",984,657,false],"mantranews-featured-medium":["https:\/\/blogopara.com.br\/wp-content\/uploads\/2022\/04\/fta20220412023-420x307.webp",420,307,true],"mantranews-featured-long":["https:\/\/blogopara.com.br\/wp-content\/uploads\/2022\/04\/fta20220412023-300x443.webp",300,443,true],"mantranews-block-medium":["https:\/\/blogopara.com.br\/wp-content\/uploads\/2022\/04\/fta20220412023-464x290.webp",464,290,true],"mantranews-carousel-image":["https:\/\/blogopara.com.br\/wp-content\/uploads\/2022\/04\/fta20220412023-600x500.webp",600,500,true],"mantranews-block-thumb":["https:\/\/blogopara.com.br\/wp-content\/uploads\/2022\/04\/fta20220412023-322x230.webp",322,230,true],"mantranews-single-large":["https:\/\/blogopara.com.br\/wp-content\/uploads\/2022\/04\/fta20220412023-984x642.webp",984,642,true]},"uagb_author_info":{"display_name":"Reda\u00e7\u00e3o geral","author_link":"https:\/\/blogopara.com.br\/index.php\/author\/blogopara"},"uagb_comment_info":0,"uagb_excerpt":"O deputado\u00a0Arthur do Val\u00a0(Uni\u00e3o Brasil) renunciou nesta quarta-feira (20) ao cargo de deputado estadual ap\u00f3s o Conselho de \u00c9tica da Assembleia Legislativa de\u00a0S\u00e3o Paulo\u00a0(Alesp)\u00a0aprovar, por unanimidade, o processo que poderia gerar a cassa\u00e7\u00e3o do seu mandato. Ele \u00e9\u00a0alvo no colegiado de 21 representa\u00e7\u00f5es no colegiado pedindo a cassa\u00e7\u00e3o\u00a0por quebra de decoro parlamentar, ap\u00f3s\u00a0dizer frases sexistas&hellip;","jetpack_sharing_enabled":true,"jetpack_likes_enabled":true,"_links":{"self":[{"href":"https:\/\/blogopara.com.br\/index.php\/wp-json\/wp\/v2\/posts\/36166","targetHints":{"allow":["GET"]}}],"collection":[{"href":"https:\/\/blogopara.com.br\/index.php\/wp-json\/wp\/v2\/posts"}],"about":[{"href":"https:\/\/blogopara.com.br\/index.php\/wp-json\/wp\/v2\/types\/post"}],"author":[{"embeddable":true,"href":"https:\/\/blogopara.com.br\/index.php\/wp-json\/wp\/v2\/users\/1"}],"replies":[{"embeddable":true,"href":"https:\/\/blogopara.com.br\/index.php\/wp-json\/wp\/v2\/comments?post=36166"}],"version-history":[{"count":1,"href":"https:\/\/blogopara.com.br\/index.php\/wp-json\/wp\/v2\/posts\/36166\/revisions"}],"predecessor-version":[{"id":36168,"href":"https:\/\/blogopara.com.br\/index.php\/wp-json\/wp\/v2\/posts\/36166\/revisions\/36168"}],"wp:featuredmedia":[{"embeddable":true,"href":"https:\/\/blogopara.com.br\/index.php\/wp-json\/wp\/v2\/media\/36167"}],"wp:attachment":[{"href":"https:\/\/blogopara.com.br\/index.php\/wp-json\/wp\/v2\/media?parent=36166"}],"wp:term":[{"taxonomy":"category","embeddable":true,"href":"https:\/\/blogopara.com.br\/index.php\/wp-json\/wp\/v2\/categories?post=36166"},{"taxonomy":"post_tag","embeddable":true,"href":"https:\/\/blogopara.com.br\/index.php\/wp-json\/wp\/v2\/tags?post=36166"}],"curies":[{"name":"wp","href":"https:\/\/api.w.org\/{rel}","templated":true}]}}