{"id":36176,"date":"2022-04-21T14:04:46","date_gmt":"2022-04-21T17:04:46","guid":{"rendered":"https:\/\/blogopara.com.br\/?p=36176"},"modified":"2022-04-21T14:04:49","modified_gmt":"2022-04-21T17:04:49","slug":"prefeitura-de-juazeiro-entregara-reforma-da-ubs-parque-residencial-nesta-terca-feira","status":"publish","type":"post","link":"https:\/\/blogopara.com.br\/index.php\/2022\/04\/21\/prefeitura-de-juazeiro-entregara-reforma-da-ubs-parque-residencial-nesta-terca-feira","title":{"rendered":"Prefeitura de Juazeiro entregar\u00e1 reforma da UBS Parque Residencial nesta ter\u00e7a-feira"},"content":{"rendered":"<p class=\"x_MsoNormal\" style=\"text-align: justify;\">A Prefeitura de Juazeiro, atrav\u00e9s da Secretaria de Sa\u00fade (Sesau), vai entregar \u00e0 popula\u00e7\u00e3o nesta ter\u00e7a-feira (26) a Unidade B\u00e1sica de Sa\u00fade (UBS) Parque Residencial totalmente reformada. A reinaugura\u00e7\u00e3o ser\u00e1 entregue pela prefeita de Juazeiro, Suzana Ramos, e pelo secret\u00e1rio de Sa\u00fade, Fernando Costa, \u00e0s 17h.<\/p>\n<p class=\"x_MsoNormal\" style=\"text-align: justify;\">A UBS Parque Residencial apresentava muitos problemas como infiltra\u00e7\u00f5es, paredes rachadas e desgastadas e parte el\u00e9trica danificada. Devido \u00e0s condi\u00e7\u00f5es da UBS, o secret\u00e1rio Fernando Costa solicitou empenho da equipe de manuten\u00e7\u00e3o para que a instala\u00e7\u00e3o de sa\u00fade fosse entregue o mais r\u00e1pido poss\u00edvel. \u201cA UBS Parque Residencial apresentava muitos problemas e isso acabava prejudicando o atendimento das pessoas. Com a reforma, podemos oferecer melhores condi\u00e7\u00f5es tanto aos usu\u00e1rios quanto aos servidores\u201d, destacou o secret\u00e1rio de Sa\u00fade de Juazeiro. A reforma durou um m\u00eas.<\/p>\n<p class=\"x_MsoNormal\" style=\"text-align: justify;\"><b>Mais UBSs em reforma<\/b><\/p>\n<p class=\"x_MsoNormal\" style=\"text-align: justify;\">A Secretaria de Sa\u00fade tamb\u00e9m est\u00e1 em processo de finaliza\u00e7\u00e3o da reforma das UBSs Alto da Alian\u00e7a e Dom Jos\u00e9 Rodrigues, ambas que apresentavam problemas na laje, parte el\u00e9trica, entre outros. As obras est\u00e3o em fase de acabamento e devem ser entregues nos pr\u00f3ximos dias. A UBS Alto do Cruzeiro tamb\u00e9m est\u00e1 com obras a todo vapor para ser entregue \u00e0 popula\u00e7\u00e3o oferecendo melhor qualidade nos atendimentos.<\/p>\n<p class=\"x_MsoNormal\" style=\"text-align: justify;\">Desde o in\u00edcio da gest\u00e3o, 15 instala\u00e7\u00f5es de sa\u00fade em Juazeiro, entre elas 9 UBSs, j\u00e1 foram requalificadas.<\/p>\n","protected":false},"excerpt":{"rendered":"<p>A Prefeitura de Juazeiro, atrav\u00e9s da Secretaria de Sa\u00fade (Sesau), vai entregar \u00e0 popula\u00e7\u00e3o nesta ter\u00e7a-feira (26) a Unidade B\u00e1sica de Sa\u00fade (UBS) Parque Residencial totalmente reformada. A reinaugura\u00e7\u00e3o ser\u00e1 entregue pela prefeita de Juazeiro, Suzana Ramos, e pelo secret\u00e1rio de Sa\u00fade, Fernando Costa, \u00e0s 17h. A UBS Parque Residencial apresentava muitos problemas como infiltra\u00e7\u00f5es, [&hellip;]<\/p>\n","protected":false},"author":1,"featured_media":36177,"comment_status":"closed","ping_status":"open","sticky":false,"template":"","format":"standard","meta":{"_uag_custom_page_level_css":"","_monsterinsights_skip_tracking":false,"_monsterinsights_sitenote_active":false,"_monsterinsights_sitenote_note":"","_monsterinsights_sitenote_category":0,"jetpack_post_was_ever_published":false,"_jetpack_newsletter_access":"","_jetpack_dont_email_post_to_subs":false,"_jetpack_newsletter_tier_id":0,"_jetpack_memberships_contains_paywalled_content":false,"_jetpack_memberships_contains_paid_content":false,"footnotes":"","jetpack_publicize_message":"","jetpack_publicize_feature_enabled":true,"jetpack_social_post_already_shared":true,"jetpack_social_options":{"image_generator_settings":{"template":"highway","default_image_id":0,"font":"","enabled":false},"version":2}},"categories":[203,205],"tags":[],"class_list":["post-36176","post","type-post","status-publish","format-standard","has-post-thumbnail","hentry","category-juazeiro","category-saude"],"jetpack_publicize_connections":[],"jetpack_featured_media_url":"https:\/\/blogopara.com.br\/wp-content\/uploads\/2022\/04\/UBS-Parque-Residencial.jpeg","uagb_featured_image_src":{"full":["https:\/\/blogopara.com.br\/wp-content\/uploads\/2022\/04\/UBS-Parque-Residencial.jpeg",500,230,false],"thumbnail":["https:\/\/blogopara.com.br\/wp-content\/uploads\/2022\/04\/UBS-Parque-Residencial-150x150.jpeg",150,150,true],"medium":["https:\/\/blogopara.com.br\/wp-content\/uploads\/2022\/04\/UBS-Parque-Residencial-300x138.jpeg",300,138,true],"medium_large":["https:\/\/blogopara.com.br\/wp-content\/uploads\/2022\/04\/UBS-Parque-Residencial.jpeg",500,230,false],"large":["https:\/\/blogopara.com.br\/wp-content\/uploads\/2022\/04\/UBS-Parque-Residencial.jpeg",500,230,false],"1536x1536":["https:\/\/blogopara.com.br\/wp-content\/uploads\/2022\/04\/UBS-Parque-Residencial.jpeg",500,230,false],"2048x2048":["https:\/\/blogopara.com.br\/wp-content\/uploads\/2022\/04\/UBS-Parque-Residencial.jpeg",500,230,false],"mantranews-slider-large":["https:\/\/blogopara.com.br\/wp-content\/uploads\/2022\/04\/UBS-Parque-Residencial.jpeg",500,230,false],"mantranews-featured-medium":["https:\/\/blogopara.com.br\/wp-content\/uploads\/2022\/04\/UBS-Parque-Residencial-420x230.jpeg",420,230,true],"mantranews-featured-long":["https:\/\/blogopara.com.br\/wp-content\/uploads\/2022\/04\/UBS-Parque-Residencial-300x230.jpeg",300,230,true],"mantranews-block-medium":["https:\/\/blogopara.com.br\/wp-content\/uploads\/2022\/04\/UBS-Parque-Residencial-464x230.jpeg",464,230,true],"mantranews-carousel-image":["https:\/\/blogopara.com.br\/wp-content\/uploads\/2022\/04\/UBS-Parque-Residencial.jpeg",500,230,false],"mantranews-block-thumb":["https:\/\/blogopara.com.br\/wp-content\/uploads\/2022\/04\/UBS-Parque-Residencial-322x230.jpeg",322,230,true],"mantranews-single-large":["https:\/\/blogopara.com.br\/wp-content\/uploads\/2022\/04\/UBS-Parque-Residencial.jpeg",500,230,false]},"uagb_author_info":{"display_name":"Reda\u00e7\u00e3o geral","author_link":"https:\/\/blogopara.com.br\/index.php\/author\/blogopara"},"uagb_comment_info":0,"uagb_excerpt":"A Prefeitura de Juazeiro, atrav\u00e9s da Secretaria de Sa\u00fade (Sesau), vai entregar \u00e0 popula\u00e7\u00e3o nesta ter\u00e7a-feira (26) a Unidade B\u00e1sica de Sa\u00fade (UBS) Parque Residencial totalmente reformada. A reinaugura\u00e7\u00e3o ser\u00e1 entregue pela prefeita de Juazeiro, Suzana Ramos, e pelo secret\u00e1rio de Sa\u00fade, Fernando Costa, \u00e0s 17h. A UBS Parque Residencial apresentava muitos problemas como infiltra\u00e7\u00f5es,&hellip;","jetpack_sharing_enabled":true,"jetpack_likes_enabled":true,"_links":{"self":[{"href":"https:\/\/blogopara.com.br\/index.php\/wp-json\/wp\/v2\/posts\/36176","targetHints":{"allow":["GET"]}}],"collection":[{"href":"https:\/\/blogopara.com.br\/index.php\/wp-json\/wp\/v2\/posts"}],"about":[{"href":"https:\/\/blogopara.com.br\/index.php\/wp-json\/wp\/v2\/types\/post"}],"author":[{"embeddable":true,"href":"https:\/\/blogopara.com.br\/index.php\/wp-json\/wp\/v2\/users\/1"}],"replies":[{"embeddable":true,"href":"https:\/\/blogopara.com.br\/index.php\/wp-json\/wp\/v2\/comments?post=36176"}],"version-history":[{"count":1,"href":"https:\/\/blogopara.com.br\/index.php\/wp-json\/wp\/v2\/posts\/36176\/revisions"}],"predecessor-version":[{"id":36178,"href":"https:\/\/blogopara.com.br\/index.php\/wp-json\/wp\/v2\/posts\/36176\/revisions\/36178"}],"wp:featuredmedia":[{"embeddable":true,"href":"https:\/\/blogopara.com.br\/index.php\/wp-json\/wp\/v2\/media\/36177"}],"wp:attachment":[{"href":"https:\/\/blogopara.com.br\/index.php\/wp-json\/wp\/v2\/media?parent=36176"}],"wp:term":[{"taxonomy":"category","embeddable":true,"href":"https:\/\/blogopara.com.br\/index.php\/wp-json\/wp\/v2\/categories?post=36176"},{"taxonomy":"post_tag","embeddable":true,"href":"https:\/\/blogopara.com.br\/index.php\/wp-json\/wp\/v2\/tags?post=36176"}],"curies":[{"name":"wp","href":"https:\/\/api.w.org\/{rel}","templated":true}]}}