{"id":36179,"date":"2022-04-21T16:05:00","date_gmt":"2022-04-21T19:05:00","guid":{"rendered":"https:\/\/blogopara.com.br\/?p=36179"},"modified":"2022-04-21T14:07:33","modified_gmt":"2022-04-21T17:07:33","slug":"juazeiro-atualiza-dados-do-boletim-covid-19-desta-quarta-feira","status":"publish","type":"post","link":"https:\/\/blogopara.com.br\/index.php\/2022\/04\/21\/juazeiro-atualiza-dados-do-boletim-covid-19-desta-quarta-feira","title":{"rendered":"Juazeiro atualiza dados do boletim Covid-19 desta quarta-feira"},"content":{"rendered":"<p class=\"x_MsoNormal\" style=\"text-align: justify;\">Juazeiro n\u00e3o registrou \u00f3bitos por complica\u00e7\u00f5es da Covid-19. A informa\u00e7\u00e3o est\u00e1 no boletim epidemiol\u00f3gico da Secretaria Municipal de Sa\u00fade (Sesau) desta segunda-feira (20). O munic\u00edpio permanece com 483 mortes provocadas pela doen\u00e7a.<\/p>\n<p class=\"x_MsoNormal\" style=\"text-align: justify;\">N\u00e3o foram registrados novos casos. De acordo com o levantamento, 25.524 moradores foram infectados desde o in\u00edcio da pandemia na cidade, dos quais 25.028 j\u00e1 est\u00e3o recuperados. Os casos descartados somam 37.673. Juazeiro tem 13 casos ativos do novo coronav\u00edrus.<\/p>\n<p class=\"x_MsoNormal\" style=\"text-align: justify;\"><b>Testes<\/b><\/p>\n<p class=\"x_MsoNormal\" style=\"text-align: justify;\">Foram realizados desde o in\u00edcio da pandemia 54.556 testes r\u00e1pidos pela prefeitura e 8.489 pelo Lacen, em Salvador.<\/p>\n<p class=\"x_MsoNormal\" style=\"text-align: justify;\"><b>Ocupa\u00e7\u00e3o de leitos<\/b><\/p>\n<p class=\"x_MsoNormal\" style=\"text-align: justify;\">Na rede hospitalar, o percentual de ocupa\u00e7\u00e3o dos leitos de UTI para Juazeiro na rede PEBA (hospitais de Pernambuco e Bahia) \u00e9 de 7%, com 88 leitos dispon\u00edveis. Somente em Juazeiro, 0% dos leitos de UTI para pacientes com Covid-19 est\u00e3o ocupados, com 10 leitos dispon\u00edveis.<\/p>\n<p class=\"x_MsoNormal\" style=\"text-align: justify;\">\n","protected":false},"excerpt":{"rendered":"<p>Juazeiro n\u00e3o registrou \u00f3bitos por complica\u00e7\u00f5es da Covid-19. A informa\u00e7\u00e3o est\u00e1 no boletim epidemiol\u00f3gico da Secretaria Municipal de Sa\u00fade (Sesau) desta segunda-feira (20). O munic\u00edpio permanece com 483 mortes provocadas pela doen\u00e7a. N\u00e3o foram registrados novos casos. De acordo com o levantamento, 25.524 moradores foram infectados desde o in\u00edcio da pandemia na cidade, dos quais [&hellip;]<\/p>\n","protected":false},"author":1,"featured_media":36180,"comment_status":"closed","ping_status":"open","sticky":false,"template":"","format":"standard","meta":{"_uag_custom_page_level_css":"","_monsterinsights_skip_tracking":false,"_monsterinsights_sitenote_active":false,"_monsterinsights_sitenote_note":"","_monsterinsights_sitenote_category":0,"jetpack_post_was_ever_published":false,"_jetpack_newsletter_access":"","_jetpack_dont_email_post_to_subs":false,"_jetpack_newsletter_tier_id":0,"_jetpack_memberships_contains_paywalled_content":false,"_jetpack_memberships_contains_paid_content":false,"footnotes":"","jetpack_publicize_message":"","jetpack_publicize_feature_enabled":true,"jetpack_social_post_already_shared":true,"jetpack_social_options":{"image_generator_settings":{"template":"highway","default_image_id":0,"font":"","enabled":false},"version":2}},"categories":[1624,203],"tags":[],"class_list":["post-36179","post","type-post","status-publish","format-standard","has-post-thumbnail","hentry","category-covid-19","category-juazeiro"],"jetpack_publicize_connections":[],"jetpack_featured_media_url":"https:\/\/blogopara.com.br\/wp-content\/uploads\/2022\/04\/thumbnail_Boletim-covid-Juazeiro-20.04.jpg","uagb_featured_image_src":{"full":["https:\/\/blogopara.com.br\/wp-content\/uploads\/2022\/04\/thumbnail_Boletim-covid-Juazeiro-20.04.jpg",500,500,false],"thumbnail":["https:\/\/blogopara.com.br\/wp-content\/uploads\/2022\/04\/thumbnail_Boletim-covid-Juazeiro-20.04-150x150.jpg",150,150,true],"medium":["https:\/\/blogopara.com.br\/wp-content\/uploads\/2022\/04\/thumbnail_Boletim-covid-Juazeiro-20.04-300x300.jpg",300,300,true],"medium_large":["https:\/\/blogopara.com.br\/wp-content\/uploads\/2022\/04\/thumbnail_Boletim-covid-Juazeiro-20.04.jpg",500,500,false],"large":["https:\/\/blogopara.com.br\/wp-content\/uploads\/2022\/04\/thumbnail_Boletim-covid-Juazeiro-20.04.jpg",500,500,false],"1536x1536":["https:\/\/blogopara.com.br\/wp-content\/uploads\/2022\/04\/thumbnail_Boletim-covid-Juazeiro-20.04.jpg",500,500,false],"2048x2048":["https:\/\/blogopara.com.br\/wp-content\/uploads\/2022\/04\/thumbnail_Boletim-covid-Juazeiro-20.04.jpg",500,500,false],"mantranews-slider-large":["https:\/\/blogopara.com.br\/wp-content\/uploads\/2022\/04\/thumbnail_Boletim-covid-Juazeiro-20.04.jpg",500,500,false],"mantranews-featured-medium":["https:\/\/blogopara.com.br\/wp-content\/uploads\/2022\/04\/thumbnail_Boletim-covid-Juazeiro-20.04-420x307.jpg",420,307,true],"mantranews-featured-long":["https:\/\/blogopara.com.br\/wp-content\/uploads\/2022\/04\/thumbnail_Boletim-covid-Juazeiro-20.04-300x443.jpg",300,443,true],"mantranews-block-medium":["https:\/\/blogopara.com.br\/wp-content\/uploads\/2022\/04\/thumbnail_Boletim-covid-Juazeiro-20.04-464x290.jpg",464,290,true],"mantranews-carousel-image":["https:\/\/blogopara.com.br\/wp-content\/uploads\/2022\/04\/thumbnail_Boletim-covid-Juazeiro-20.04.jpg",500,500,false],"mantranews-block-thumb":["https:\/\/blogopara.com.br\/wp-content\/uploads\/2022\/04\/thumbnail_Boletim-covid-Juazeiro-20.04-322x230.jpg",322,230,true],"mantranews-single-large":["https:\/\/blogopara.com.br\/wp-content\/uploads\/2022\/04\/thumbnail_Boletim-covid-Juazeiro-20.04.jpg",500,500,false]},"uagb_author_info":{"display_name":"Reda\u00e7\u00e3o geral","author_link":"https:\/\/blogopara.com.br\/index.php\/author\/blogopara"},"uagb_comment_info":0,"uagb_excerpt":"Juazeiro n\u00e3o registrou \u00f3bitos por complica\u00e7\u00f5es da Covid-19. A informa\u00e7\u00e3o est\u00e1 no boletim epidemiol\u00f3gico da Secretaria Municipal de Sa\u00fade (Sesau) desta segunda-feira (20). O munic\u00edpio permanece com 483 mortes provocadas pela doen\u00e7a. N\u00e3o foram registrados novos casos. De acordo com o levantamento, 25.524 moradores foram infectados desde o in\u00edcio da pandemia na cidade, dos quais&hellip;","jetpack_sharing_enabled":true,"jetpack_likes_enabled":true,"_links":{"self":[{"href":"https:\/\/blogopara.com.br\/index.php\/wp-json\/wp\/v2\/posts\/36179","targetHints":{"allow":["GET"]}}],"collection":[{"href":"https:\/\/blogopara.com.br\/index.php\/wp-json\/wp\/v2\/posts"}],"about":[{"href":"https:\/\/blogopara.com.br\/index.php\/wp-json\/wp\/v2\/types\/post"}],"author":[{"embeddable":true,"href":"https:\/\/blogopara.com.br\/index.php\/wp-json\/wp\/v2\/users\/1"}],"replies":[{"embeddable":true,"href":"https:\/\/blogopara.com.br\/index.php\/wp-json\/wp\/v2\/comments?post=36179"}],"version-history":[{"count":1,"href":"https:\/\/blogopara.com.br\/index.php\/wp-json\/wp\/v2\/posts\/36179\/revisions"}],"predecessor-version":[{"id":36181,"href":"https:\/\/blogopara.com.br\/index.php\/wp-json\/wp\/v2\/posts\/36179\/revisions\/36181"}],"wp:featuredmedia":[{"embeddable":true,"href":"https:\/\/blogopara.com.br\/index.php\/wp-json\/wp\/v2\/media\/36180"}],"wp:attachment":[{"href":"https:\/\/blogopara.com.br\/index.php\/wp-json\/wp\/v2\/media?parent=36179"}],"wp:term":[{"taxonomy":"category","embeddable":true,"href":"https:\/\/blogopara.com.br\/index.php\/wp-json\/wp\/v2\/categories?post=36179"},{"taxonomy":"post_tag","embeddable":true,"href":"https:\/\/blogopara.com.br\/index.php\/wp-json\/wp\/v2\/tags?post=36179"}],"curies":[{"name":"wp","href":"https:\/\/api.w.org\/{rel}","templated":true}]}}