{"id":36187,"date":"2022-04-21T17:04:15","date_gmt":"2022-04-21T20:04:15","guid":{"rendered":"https:\/\/blogopara.com.br\/?p=36187"},"modified":"2022-04-21T17:04:19","modified_gmt":"2022-04-21T20:04:19","slug":"pastor-dejarde-e-preso-por-extorsao-contra-abilio-santana-acusado-de-ter-relacoes-sexuais-com-uma-assessora","status":"publish","type":"post","link":"https:\/\/blogopara.com.br\/index.php\/2022\/04\/21\/pastor-dejarde-e-preso-por-extorsao-contra-abilio-santana-acusado-de-ter-relacoes-sexuais-com-uma-assessora","title":{"rendered":"&#8220;Pastor&#8221; Dejarde \u00e9 preso por extors\u00e3o contra Ab\u00edlio Santana, acusado de ter rela\u00e7\u00f5es sexuais com uma assessora"},"content":{"rendered":"<p style=\"text-align: justify;\">Ex-chefe de gabinete do deputado federal Pastor Ab\u00edlio Santana (PSC-BA), Dejarde C\u00e9zar da Silva Filho foi preso em flagrante na \u00faltima quarta-feira (20), pelos pelos crimes de extors\u00e3o mediante chantagem, crimes digitais e associa\u00e7\u00e3o criminosa.<\/p>\n<p style=\"text-align: justify;\">De acordo com informa\u00e7\u00f5es do Boletim de Ocorr\u00eancia, Dejardes pediu R$300 mil ao deputado para n\u00e3o divulgar um v\u00eddeo em que a tamb\u00e9m ex-assessora Damares Silva acusa o parlamentar de abuso sexual.<\/p>\n<p style=\"text-align: justify;\">O homem foi preso em flagrante pelas Pol\u00edcias Civil e Militar na regi\u00e3o da Estrada do Coco e a ex-assessora tamb\u00e9m foi indiciada.<\/p>\n<p style=\"text-align: justify;\">Em suas redes sociais, Ab\u00edlio escreveu que n\u00e3o se curvaria a nenhum indiv\u00edduo que queira se utilizar da imagem dele para levar vantagens de forma il\u00edcita. &#8220;A justi\u00e7a dos homens foi eficaz, mas a de Deus \u00e9 ainda mais, rigorosa, eficiente e concreta&#8221;, escreveu.<\/p>\n<p style=\"text-align: justify;\">O caso foi registrado na 26\u00aa Delegacia Territorial da Pol\u00edcia Civil, localizada em Catu de Abrantes.<\/p>\n<p style=\"text-align: justify;\">Em 2020, o deputado j\u00e1 havia sido apontado por uma outra ex-assessora, Let\u00edcia Mariane, como pai de sua filha, fruto de uma rela\u00e7\u00e3o extraconjugal. \u00c1 \u00e9poca, a mulher afirmou que o parlamentar sugeriu que ela realizasse um aborto, oferecendo dinheiro para o procedimento.<\/p>\n<p style=\"text-align: justify;\">Dejarde C\u00e9zar atuava no bairro Itaberaba em Juazeiro e foi candidato a vereador em 2020.<\/p>\n<p style=\"text-align: justify;\">\n","protected":false},"excerpt":{"rendered":"<p>Ex-chefe de gabinete do deputado federal Pastor Ab\u00edlio Santana (PSC-BA), Dejarde C\u00e9zar da Silva Filho foi preso em flagrante na \u00faltima quarta-feira (20), pelos pelos crimes de extors\u00e3o mediante chantagem, crimes digitais e associa\u00e7\u00e3o criminosa. De acordo com informa\u00e7\u00f5es do Boletim de Ocorr\u00eancia, Dejardes pediu R$300 mil ao deputado para n\u00e3o divulgar um v\u00eddeo em [&hellip;]<\/p>\n","protected":false},"author":1,"featured_media":36188,"comment_status":"closed","ping_status":"open","sticky":false,"template":"","format":"standard","meta":{"_uag_custom_page_level_css":"","_monsterinsights_skip_tracking":false,"_monsterinsights_sitenote_active":false,"_monsterinsights_sitenote_note":"","_monsterinsights_sitenote_category":0,"jetpack_post_was_ever_published":false,"_jetpack_newsletter_access":"","_jetpack_dont_email_post_to_subs":false,"_jetpack_newsletter_tier_id":0,"_jetpack_memberships_contains_paywalled_content":false,"_jetpack_memberships_contains_paid_content":false,"footnotes":"","jetpack_publicize_message":"","jetpack_publicize_feature_enabled":true,"jetpack_social_post_already_shared":true,"jetpack_social_options":{"image_generator_settings":{"template":"highway","default_image_id":0,"font":"","enabled":false},"version":2}},"categories":[199,202],"tags":[],"class_list":["post-36187","post","type-post","status-publish","format-standard","has-post-thumbnail","hentry","category-bahia","category-policia"],"jetpack_publicize_connections":[],"jetpack_featured_media_url":"https:\/\/blogopara.com.br\/wp-content\/uploads\/2022\/04\/deputado-e-ex-assessor.jpg","uagb_featured_image_src":{"full":["https:\/\/blogopara.com.br\/wp-content\/uploads\/2022\/04\/deputado-e-ex-assessor.jpg",500,327,false],"thumbnail":["https:\/\/blogopara.com.br\/wp-content\/uploads\/2022\/04\/deputado-e-ex-assessor-150x150.jpg",150,150,true],"medium":["https:\/\/blogopara.com.br\/wp-content\/uploads\/2022\/04\/deputado-e-ex-assessor-300x196.jpg",300,196,true],"medium_large":["https:\/\/blogopara.com.br\/wp-content\/uploads\/2022\/04\/deputado-e-ex-assessor.jpg",500,327,false],"large":["https:\/\/blogopara.com.br\/wp-content\/uploads\/2022\/04\/deputado-e-ex-assessor.jpg",500,327,false],"1536x1536":["https:\/\/blogopara.com.br\/wp-content\/uploads\/2022\/04\/deputado-e-ex-assessor.jpg",500,327,false],"2048x2048":["https:\/\/blogopara.com.br\/wp-content\/uploads\/2022\/04\/deputado-e-ex-assessor.jpg",500,327,false],"mantranews-slider-large":["https:\/\/blogopara.com.br\/wp-content\/uploads\/2022\/04\/deputado-e-ex-assessor.jpg",500,327,false],"mantranews-featured-medium":["https:\/\/blogopara.com.br\/wp-content\/uploads\/2022\/04\/deputado-e-ex-assessor-420x307.jpg",420,307,true],"mantranews-featured-long":["https:\/\/blogopara.com.br\/wp-content\/uploads\/2022\/04\/deputado-e-ex-assessor-300x327.jpg",300,327,true],"mantranews-block-medium":["https:\/\/blogopara.com.br\/wp-content\/uploads\/2022\/04\/deputado-e-ex-assessor-464x290.jpg",464,290,true],"mantranews-carousel-image":["https:\/\/blogopara.com.br\/wp-content\/uploads\/2022\/04\/deputado-e-ex-assessor.jpg",500,327,false],"mantranews-block-thumb":["https:\/\/blogopara.com.br\/wp-content\/uploads\/2022\/04\/deputado-e-ex-assessor-322x230.jpg",322,230,true],"mantranews-single-large":["https:\/\/blogopara.com.br\/wp-content\/uploads\/2022\/04\/deputado-e-ex-assessor.jpg",500,327,false]},"uagb_author_info":{"display_name":"Reda\u00e7\u00e3o geral","author_link":"https:\/\/blogopara.com.br\/index.php\/author\/blogopara"},"uagb_comment_info":0,"uagb_excerpt":"Ex-chefe de gabinete do deputado federal Pastor Ab\u00edlio Santana (PSC-BA), Dejarde C\u00e9zar da Silva Filho foi preso em flagrante na \u00faltima quarta-feira (20), pelos pelos crimes de extors\u00e3o mediante chantagem, crimes digitais e associa\u00e7\u00e3o criminosa. De acordo com informa\u00e7\u00f5es do Boletim de Ocorr\u00eancia, Dejardes pediu R$300 mil ao deputado para n\u00e3o divulgar um v\u00eddeo em&hellip;","jetpack_sharing_enabled":true,"jetpack_likes_enabled":true,"_links":{"self":[{"href":"https:\/\/blogopara.com.br\/index.php\/wp-json\/wp\/v2\/posts\/36187","targetHints":{"allow":["GET"]}}],"collection":[{"href":"https:\/\/blogopara.com.br\/index.php\/wp-json\/wp\/v2\/posts"}],"about":[{"href":"https:\/\/blogopara.com.br\/index.php\/wp-json\/wp\/v2\/types\/post"}],"author":[{"embeddable":true,"href":"https:\/\/blogopara.com.br\/index.php\/wp-json\/wp\/v2\/users\/1"}],"replies":[{"embeddable":true,"href":"https:\/\/blogopara.com.br\/index.php\/wp-json\/wp\/v2\/comments?post=36187"}],"version-history":[{"count":1,"href":"https:\/\/blogopara.com.br\/index.php\/wp-json\/wp\/v2\/posts\/36187\/revisions"}],"predecessor-version":[{"id":36189,"href":"https:\/\/blogopara.com.br\/index.php\/wp-json\/wp\/v2\/posts\/36187\/revisions\/36189"}],"wp:featuredmedia":[{"embeddable":true,"href":"https:\/\/blogopara.com.br\/index.php\/wp-json\/wp\/v2\/media\/36188"}],"wp:attachment":[{"href":"https:\/\/blogopara.com.br\/index.php\/wp-json\/wp\/v2\/media?parent=36187"}],"wp:term":[{"taxonomy":"category","embeddable":true,"href":"https:\/\/blogopara.com.br\/index.php\/wp-json\/wp\/v2\/categories?post=36187"},{"taxonomy":"post_tag","embeddable":true,"href":"https:\/\/blogopara.com.br\/index.php\/wp-json\/wp\/v2\/tags?post=36187"}],"curies":[{"name":"wp","href":"https:\/\/api.w.org\/{rel}","templated":true}]}}