{"id":36244,"date":"2022-04-23T07:48:00","date_gmt":"2022-04-23T10:48:00","guid":{"rendered":"https:\/\/blogopara.com.br\/?p=36244"},"modified":"2022-04-22T18:50:40","modified_gmt":"2022-04-22T21:50:40","slug":"abril-verde-acidentes-e-doencas-relacionados-ao-trabalho-em-juazeiro-devem-ser-notificados-ao-cerest","status":"publish","type":"post","link":"https:\/\/blogopara.com.br\/index.php\/2022\/04\/23\/abril-verde-acidentes-e-doencas-relacionados-ao-trabalho-em-juazeiro-devem-ser-notificados-ao-cerest","title":{"rendered":"\u2018Abril Verde\u2019: Acidentes e doen\u00e7as relacionados ao trabalho em Juazeiro devem ser notificados ao Cerest"},"content":{"rendered":"<p style=\"font-weight: 400; text-align: justify;\">O munic\u00edpio de Juazeiro contabilizou nos tr\u00eas primeiros meses deste ano, 94 notifica\u00e7\u00f5es de acidentes de trabalho graves registrados no Centro de Refer\u00eancia em Sa\u00fade do Trabalhador (Cerest), \u00f3rg\u00e3o vinculado \u00e0 Secretaria Municipal de Sa\u00fade (Sesau). Em todo o ano de 2021, foram registradas 136 notifica\u00e7\u00f5es de acidente de trabalho grave. A gerente do Cerest, Ana Cleide da Silva Dias, ressalta que todos os acidentes de trabalho e doen\u00e7as relacionadas ao trabalho devem ser notificados ao \u00f3rg\u00e3o, seja pela pr\u00f3pria popula\u00e7\u00e3o, pela empresa ou pela rede de sa\u00fade do munic\u00edpio.<\/p>\n<p style=\"font-weight: 400; text-align: justify;\">Segundo Ana Cleide, a campanha do \u2018Abril Verde\u2019, que tem a proposta de conscientizar a popula\u00e7\u00e3o sobre a seguran\u00e7a e a sa\u00fade do trabalhador, \u00e9 importante para fazer esse alerta. Mas ela refor\u00e7a que as pessoas precisam estar sens\u00edveis \u00e0 tem\u00e1tica durante todo o ano. \u201cTodos os trabalhadores est\u00e3o expostos a sofrer qualquer dia os acidentes de trabalho ou serem acometidos a uma doen\u00e7a relacionada ao trabalho\u201d, disse a gerente do Cerest.<\/p>\n<p style=\"font-weight: 400; text-align: justify;\">Existem v\u00e1rios tipos de acidentes relacionados ao trabalho. Um deles \u00e9 o acidente com material biol\u00f3gico. Este ano, o Cerest recebeu 4 notifica\u00e7\u00f5es deste tipo no munic\u00edpio. Em 2021 foram 42 durante todo o ano.<\/p>\n<p style=\"font-weight: 400; text-align: justify;\">A gerente do Cerest refor\u00e7a ainda que toda a rede de aten\u00e7\u00e3o \u00e0 sa\u00fade do munic\u00edpio j\u00e1 est\u00e1 orientada sobre as notifica\u00e7\u00f5es relativas \u00e0 sa\u00fade do trabalhador. \u201cO trabalhador pode procurar pela Unidade B\u00e1sica de Sa\u00fade (UBS) que \u00e9 a porta de entrada em caso de doen\u00e7as, mas ele tamb\u00e9m pode ir diretamente ao Cerest nestes casos de acidentes relacionados ao trabalho. Sabemos que muitas queixas que s\u00e3o colocadas aos profissionais das UBS\u2019s s\u00e3o de doen\u00e7as provocadas no pr\u00f3prio ambiente de trabalho e isso precisa ser investigado e n\u00e3o apenas a doen\u00e7a por si\u201d, explicou Ana Cleide.<\/p>\n<p style=\"font-weight: 400; text-align: justify;\">\n<p style=\"font-weight: 400; text-align: justify;\"><strong>Cerest<\/strong><\/p>\n<p style=\"font-weight: 400; text-align: justify;\">\n<p style=\"font-weight: 400; text-align: justify;\">O Cerest \u00e9 um local de atendimento especializado em Sa\u00fade do Trabalhador e a unidade de Juazeiro atende, al\u00e9m do munic\u00edpio, outras nove cidades da regi\u00e3o. O Centro fica na Rua C\u00edcero Feitosa, n\u00b0 16, bairro Alagadi\u00e7o e funciona de segunda a sexta-feira, das 7h \u00e0s 14h. A popula\u00e7\u00e3o pode ir at\u00e9 o \u00f3rg\u00e3o ou entrar em contato pelo email:\u00a0<a href=\"mailto:cerestjuazeiro@yahoo.com.br\">cerestjuazeiro@yahoo.com.br<\/a>. O Cerest possui equipe multidisciplinar com m\u00e9dico do trabalho, enfermeira do trabalho, psic\u00f3loga, fisioterapeuta, assistente social, t\u00e9cnico agr\u00edcola e agente de endemias.<\/p>\n<p style=\"text-align: justify;\">\n<p style=\"font-weight: 400; text-align: justify;\">Ascom Sesau PMJ<\/p>\n","protected":false},"excerpt":{"rendered":"<p>O munic\u00edpio de Juazeiro contabilizou nos tr\u00eas primeiros meses deste ano, 94 notifica\u00e7\u00f5es de acidentes de trabalho graves registrados no Centro de Refer\u00eancia em Sa\u00fade do Trabalhador (Cerest), \u00f3rg\u00e3o vinculado \u00e0 Secretaria Municipal de Sa\u00fade (Sesau). Em todo o ano de 2021, foram registradas 136 notifica\u00e7\u00f5es de acidente de trabalho grave. A gerente do Cerest, [&hellip;]<\/p>\n","protected":false},"author":1,"featured_media":36245,"comment_status":"closed","ping_status":"open","sticky":false,"template":"","format":"standard","meta":{"_uag_custom_page_level_css":"","_monsterinsights_skip_tracking":false,"_monsterinsights_sitenote_active":false,"_monsterinsights_sitenote_note":"","_monsterinsights_sitenote_category":0,"jetpack_post_was_ever_published":false,"_jetpack_newsletter_access":"","_jetpack_dont_email_post_to_subs":false,"_jetpack_newsletter_tier_id":0,"_jetpack_memberships_contains_paywalled_content":false,"_jetpack_memberships_contains_paid_content":false,"footnotes":"","jetpack_publicize_message":"","jetpack_publicize_feature_enabled":true,"jetpack_social_post_already_shared":true,"jetpack_social_options":{"image_generator_settings":{"template":"highway","default_image_id":0,"font":"","enabled":false},"version":2}},"categories":[203],"tags":[9112,2877,9115,9113],"class_list":["post-36244","post","type-post","status-publish","format-standard","has-post-thumbnail","hentry","category-juazeiro","tag-acidentes-e-doencas","tag-juazeiro-ba","tag-notificados-ao-cerest","tag-relacionados-ao-trabalho"],"jetpack_publicize_connections":[],"jetpack_featured_media_url":"https:\/\/blogopara.com.br\/wp-content\/uploads\/2022\/04\/Reinauguracao-Cerest-2.jpeg","uagb_featured_image_src":{"full":["https:\/\/blogopara.com.br\/wp-content\/uploads\/2022\/04\/Reinauguracao-Cerest-2.jpeg",500,324,false],"thumbnail":["https:\/\/blogopara.com.br\/wp-content\/uploads\/2022\/04\/Reinauguracao-Cerest-2-150x150.jpeg",150,150,true],"medium":["https:\/\/blogopara.com.br\/wp-content\/uploads\/2022\/04\/Reinauguracao-Cerest-2-300x194.jpeg",300,194,true],"medium_large":["https:\/\/blogopara.com.br\/wp-content\/uploads\/2022\/04\/Reinauguracao-Cerest-2.jpeg",500,324,false],"large":["https:\/\/blogopara.com.br\/wp-content\/uploads\/2022\/04\/Reinauguracao-Cerest-2.jpeg",500,324,false],"1536x1536":["https:\/\/blogopara.com.br\/wp-content\/uploads\/2022\/04\/Reinauguracao-Cerest-2.jpeg",500,324,false],"2048x2048":["https:\/\/blogopara.com.br\/wp-content\/uploads\/2022\/04\/Reinauguracao-Cerest-2.jpeg",500,324,false],"mantranews-slider-large":["https:\/\/blogopara.com.br\/wp-content\/uploads\/2022\/04\/Reinauguracao-Cerest-2.jpeg",500,324,false],"mantranews-featured-medium":["https:\/\/blogopara.com.br\/wp-content\/uploads\/2022\/04\/Reinauguracao-Cerest-2-420x307.jpeg",420,307,true],"mantranews-featured-long":["https:\/\/blogopara.com.br\/wp-content\/uploads\/2022\/04\/Reinauguracao-Cerest-2-300x324.jpeg",300,324,true],"mantranews-block-medium":["https:\/\/blogopara.com.br\/wp-content\/uploads\/2022\/04\/Reinauguracao-Cerest-2-464x290.jpeg",464,290,true],"mantranews-carousel-image":["https:\/\/blogopara.com.br\/wp-content\/uploads\/2022\/04\/Reinauguracao-Cerest-2.jpeg",500,324,false],"mantranews-block-thumb":["https:\/\/blogopara.com.br\/wp-content\/uploads\/2022\/04\/Reinauguracao-Cerest-2-322x230.jpeg",322,230,true],"mantranews-single-large":["https:\/\/blogopara.com.br\/wp-content\/uploads\/2022\/04\/Reinauguracao-Cerest-2.jpeg",500,324,false]},"uagb_author_info":{"display_name":"Reda\u00e7\u00e3o geral","author_link":"https:\/\/blogopara.com.br\/index.php\/author\/blogopara"},"uagb_comment_info":0,"uagb_excerpt":"O munic\u00edpio de Juazeiro contabilizou nos tr\u00eas primeiros meses deste ano, 94 notifica\u00e7\u00f5es de acidentes de trabalho graves registrados no Centro de Refer\u00eancia em Sa\u00fade do Trabalhador (Cerest), \u00f3rg\u00e3o vinculado \u00e0 Secretaria Municipal de Sa\u00fade (Sesau). Em todo o ano de 2021, foram registradas 136 notifica\u00e7\u00f5es de acidente de trabalho grave. A gerente do Cerest,&hellip;","jetpack_sharing_enabled":true,"jetpack_likes_enabled":true,"_links":{"self":[{"href":"https:\/\/blogopara.com.br\/index.php\/wp-json\/wp\/v2\/posts\/36244","targetHints":{"allow":["GET"]}}],"collection":[{"href":"https:\/\/blogopara.com.br\/index.php\/wp-json\/wp\/v2\/posts"}],"about":[{"href":"https:\/\/blogopara.com.br\/index.php\/wp-json\/wp\/v2\/types\/post"}],"author":[{"embeddable":true,"href":"https:\/\/blogopara.com.br\/index.php\/wp-json\/wp\/v2\/users\/1"}],"replies":[{"embeddable":true,"href":"https:\/\/blogopara.com.br\/index.php\/wp-json\/wp\/v2\/comments?post=36244"}],"version-history":[{"count":1,"href":"https:\/\/blogopara.com.br\/index.php\/wp-json\/wp\/v2\/posts\/36244\/revisions"}],"predecessor-version":[{"id":36246,"href":"https:\/\/blogopara.com.br\/index.php\/wp-json\/wp\/v2\/posts\/36244\/revisions\/36246"}],"wp:featuredmedia":[{"embeddable":true,"href":"https:\/\/blogopara.com.br\/index.php\/wp-json\/wp\/v2\/media\/36245"}],"wp:attachment":[{"href":"https:\/\/blogopara.com.br\/index.php\/wp-json\/wp\/v2\/media?parent=36244"}],"wp:term":[{"taxonomy":"category","embeddable":true,"href":"https:\/\/blogopara.com.br\/index.php\/wp-json\/wp\/v2\/categories?post=36244"},{"taxonomy":"post_tag","embeddable":true,"href":"https:\/\/blogopara.com.br\/index.php\/wp-json\/wp\/v2\/tags?post=36244"}],"curies":[{"name":"wp","href":"https:\/\/api.w.org\/{rel}","templated":true}]}}