{"id":36274,"date":"2022-04-24T16:07:00","date_gmt":"2022-04-24T19:07:00","guid":{"rendered":"https:\/\/blogopara.com.br\/?p=36274"},"modified":"2022-04-24T09:09:47","modified_gmt":"2022-04-24T12:09:47","slug":"ministra-rosa-weber-vai-analisar-acoes-da-oposicao-contra-o-decreto-do-presidente-bolsonaro-que-perdoou-o-deputado-daniel-silveira","status":"publish","type":"post","link":"https:\/\/blogopara.com.br\/index.php\/2022\/04\/24\/ministra-rosa-weber-vai-analisar-acoes-da-oposicao-contra-o-decreto-do-presidente-bolsonaro-que-perdoou-o-deputado-daniel-silveira","title":{"rendered":"Ministra Rosa Weber vai analisar a\u00e7\u00f5es da oposi\u00e7\u00e3o contra o decreto do presidente Bolsonaro que perdoou o deputado Daniel Silveira"},"content":{"rendered":"<div>\n<p>Tr\u00eas a\u00e7\u00f5es foram protocoladas no STF contra o decreto que concedeu perd\u00e3o ao deputado federal Daniel Silveira, condenado pelo Supremo a 8 anos e 9 meses de pris\u00e3o. Essas a\u00e7\u00f5es argumentam que houve &#8220;desvio de finalidade&#8221; e que o ato viola &#8220;os\u00a0 princ\u00edpios da impessoalidade e da moralidade\u201d. O presidente Jair Bolsonaro tem a expectativa de que o decreto seja mantido.<\/p>\n<\/div>\n<div class=\"toolkit-card-primary mb-7\" data-dp6-item=\"vejaTambem\">\n<div class=\"toolkit-card-primary__body\"><\/div>\n<\/div>\n","protected":false},"excerpt":{"rendered":"<p>Tr\u00eas a\u00e7\u00f5es foram protocoladas no STF contra o decreto que concedeu perd\u00e3o ao deputado federal Daniel Silveira, condenado pelo Supremo a 8 anos e 9 meses de pris\u00e3o. Essas a\u00e7\u00f5es argumentam que houve &#8220;desvio de finalidade&#8221; e que o ato viola &#8220;os\u00a0 princ\u00edpios da impessoalidade e da moralidade\u201d. O presidente Jair Bolsonaro tem a expectativa [&hellip;]<\/p>\n","protected":false},"author":1,"featured_media":36275,"comment_status":"closed","ping_status":"open","sticky":false,"template":"","format":"standard","meta":{"_uag_custom_page_level_css":"","_monsterinsights_skip_tracking":false,"_monsterinsights_sitenote_active":false,"_monsterinsights_sitenote_note":"","_monsterinsights_sitenote_category":0,"jetpack_post_was_ever_published":false,"_jetpack_newsletter_access":"","_jetpack_dont_email_post_to_subs":false,"_jetpack_newsletter_tier_id":0,"_jetpack_memberships_contains_paywalled_content":false,"_jetpack_memberships_contains_paid_content":false,"footnotes":"","jetpack_publicize_message":"","jetpack_publicize_feature_enabled":true,"jetpack_social_post_already_shared":true,"jetpack_social_options":{"image_generator_settings":{"template":"highway","default_image_id":0,"font":"","enabled":false},"version":2}},"categories":[200,210,197],"tags":[],"class_list":["post-36274","post","type-post","status-publish","format-standard","has-post-thumbnail","hentry","category-brasil","category-justica","category-politica"],"jetpack_publicize_connections":[],"jetpack_featured_media_url":"https:\/\/blogopara.com.br\/wp-content\/uploads\/2022\/04\/124246028_daniel_silveira_gettyimages-1239646089.jpg","uagb_featured_image_src":{"full":["https:\/\/blogopara.com.br\/wp-content\/uploads\/2022\/04\/124246028_daniel_silveira_gettyimages-1239646089.jpg",500,281,false],"thumbnail":["https:\/\/blogopara.com.br\/wp-content\/uploads\/2022\/04\/124246028_daniel_silveira_gettyimages-1239646089-150x150.jpg",150,150,true],"medium":["https:\/\/blogopara.com.br\/wp-content\/uploads\/2022\/04\/124246028_daniel_silveira_gettyimages-1239646089-300x169.jpg",300,169,true],"medium_large":["https:\/\/blogopara.com.br\/wp-content\/uploads\/2022\/04\/124246028_daniel_silveira_gettyimages-1239646089.jpg",500,281,false],"large":["https:\/\/blogopara.com.br\/wp-content\/uploads\/2022\/04\/124246028_daniel_silveira_gettyimages-1239646089.jpg",500,281,false],"1536x1536":["https:\/\/blogopara.com.br\/wp-content\/uploads\/2022\/04\/124246028_daniel_silveira_gettyimages-1239646089.jpg",500,281,false],"2048x2048":["https:\/\/blogopara.com.br\/wp-content\/uploads\/2022\/04\/124246028_daniel_silveira_gettyimages-1239646089.jpg",500,281,false],"mantranews-slider-large":["https:\/\/blogopara.com.br\/wp-content\/uploads\/2022\/04\/124246028_daniel_silveira_gettyimages-1239646089.jpg",500,281,false],"mantranews-featured-medium":["https:\/\/blogopara.com.br\/wp-content\/uploads\/2022\/04\/124246028_daniel_silveira_gettyimages-1239646089-420x281.jpg",420,281,true],"mantranews-featured-long":["https:\/\/blogopara.com.br\/wp-content\/uploads\/2022\/04\/124246028_daniel_silveira_gettyimages-1239646089-300x281.jpg",300,281,true],"mantranews-block-medium":["https:\/\/blogopara.com.br\/wp-content\/uploads\/2022\/04\/124246028_daniel_silveira_gettyimages-1239646089-464x281.jpg",464,281,true],"mantranews-carousel-image":["https:\/\/blogopara.com.br\/wp-content\/uploads\/2022\/04\/124246028_daniel_silveira_gettyimages-1239646089.jpg",500,281,false],"mantranews-block-thumb":["https:\/\/blogopara.com.br\/wp-content\/uploads\/2022\/04\/124246028_daniel_silveira_gettyimages-1239646089-322x230.jpg",322,230,true],"mantranews-single-large":["https:\/\/blogopara.com.br\/wp-content\/uploads\/2022\/04\/124246028_daniel_silveira_gettyimages-1239646089.jpg",500,281,false]},"uagb_author_info":{"display_name":"Reda\u00e7\u00e3o geral","author_link":"https:\/\/blogopara.com.br\/index.php\/author\/blogopara"},"uagb_comment_info":0,"uagb_excerpt":"Tr\u00eas a\u00e7\u00f5es foram protocoladas no STF contra o decreto que concedeu perd\u00e3o ao deputado federal Daniel Silveira, condenado pelo Supremo a 8 anos e 9 meses de pris\u00e3o. Essas a\u00e7\u00f5es argumentam que houve &#8220;desvio de finalidade&#8221; e que o ato viola &#8220;os\u00a0 princ\u00edpios da impessoalidade e da moralidade\u201d. O presidente Jair Bolsonaro tem a expectativa&hellip;","jetpack_sharing_enabled":true,"jetpack_likes_enabled":true,"_links":{"self":[{"href":"https:\/\/blogopara.com.br\/index.php\/wp-json\/wp\/v2\/posts\/36274","targetHints":{"allow":["GET"]}}],"collection":[{"href":"https:\/\/blogopara.com.br\/index.php\/wp-json\/wp\/v2\/posts"}],"about":[{"href":"https:\/\/blogopara.com.br\/index.php\/wp-json\/wp\/v2\/types\/post"}],"author":[{"embeddable":true,"href":"https:\/\/blogopara.com.br\/index.php\/wp-json\/wp\/v2\/users\/1"}],"replies":[{"embeddable":true,"href":"https:\/\/blogopara.com.br\/index.php\/wp-json\/wp\/v2\/comments?post=36274"}],"version-history":[{"count":1,"href":"https:\/\/blogopara.com.br\/index.php\/wp-json\/wp\/v2\/posts\/36274\/revisions"}],"predecessor-version":[{"id":36276,"href":"https:\/\/blogopara.com.br\/index.php\/wp-json\/wp\/v2\/posts\/36274\/revisions\/36276"}],"wp:featuredmedia":[{"embeddable":true,"href":"https:\/\/blogopara.com.br\/index.php\/wp-json\/wp\/v2\/media\/36275"}],"wp:attachment":[{"href":"https:\/\/blogopara.com.br\/index.php\/wp-json\/wp\/v2\/media?parent=36274"}],"wp:term":[{"taxonomy":"category","embeddable":true,"href":"https:\/\/blogopara.com.br\/index.php\/wp-json\/wp\/v2\/categories?post=36274"},{"taxonomy":"post_tag","embeddable":true,"href":"https:\/\/blogopara.com.br\/index.php\/wp-json\/wp\/v2\/tags?post=36274"}],"curies":[{"name":"wp","href":"https:\/\/api.w.org\/{rel}","templated":true}]}}