{"id":36319,"date":"2022-04-25T13:17:00","date_gmt":"2022-04-25T16:17:00","guid":{"rendered":"https:\/\/blogopara.com.br\/?p=36319"},"modified":"2022-04-25T13:22:49","modified_gmt":"2022-04-25T16:22:49","slug":"greve-dos-servidores-do-inss-chega-ao-29o-dia-na-ba-mais-de-20-mil-pericias-deixaram-de-ser-realizadas","status":"publish","type":"post","link":"https:\/\/blogopara.com.br\/index.php\/2022\/04\/25\/greve-dos-servidores-do-inss-chega-ao-29o-dia-na-ba-mais-de-20-mil-pericias-deixaram-de-ser-realizadas","title":{"rendered":"Greve dos servidores do INSS chega ao 29\u00ba dia na BA; mais de 20 mil per\u00edcias deixaram de ser realizadas"},"content":{"rendered":"<div class=\"mc-column content-text active-extra-styles \" data-block-type=\"unstyled\" data-block-weight=\"59\" data-block-id=\"2\">\n<p class=\"content-text__container \" style=\"text-align: justify;\" data-track-category=\"Link no Texto\" data-track-links=\"\">A&nbsp;<a href=\"https:\/\/g1.globo.com\/ba\/bahia\/noticia\/2022\/03\/28\/inss-greve-bahia.ghtml\">greve dos servidores e m\u00e9dicos peritos do Instituto Nacional do Seguro Social<\/a>&nbsp;(<a href=\"https:\/\/g1.globo.com\/tudo-sobre\/inss\/\">INSS<\/a>) completa 29 dias na Bahia, nesta segunda-feira (25). Com a suspens\u00e3o dos servi\u00e7os em todos os 140 postos e ag\u00eancias de&nbsp;<a href=\"https:\/\/g1.globo.com\/ba\/bahia\/cidade\/salvador\/\">Salvador<\/a>&nbsp;e interior do estado, 22 mil per\u00edcias deixaram de ser feitas na Bahia durante o per\u00edodo, segundo a associa\u00e7\u00e3o que representa os trabalhadores.<\/p>\n<\/div>\n<div class=\"wall protected-content\">\n<div class=\"mc-column content-text active-extra-styles\" style=\"text-align: justify;\" data-block-type=\"raw\" data-block-weight=\"25\" data-block-id=\"3\">\n<p><span style=\"font-size: revert; color: initial;\">Como somente as per\u00edcias est\u00e3o suspensas, as marca\u00e7\u00f5es continuam sendo feitas pela central telef\u00f4nica. Com isso, alguns benefici\u00e1rios t\u00eam se deslocado at\u00e9 os postos, mas n\u00e3o conseguem o atendimento agendado.<\/span><\/p>\n<\/div>\n<div class=\"mc-column content-text active-extra-styles \" style=\"text-align: justify;\" data-block-type=\"unstyled\" data-block-weight=\"38\" data-block-id=\"6\">\n<p class=\"content-text__container \" data-track-category=\"Link no Texto\" data-track-links=\"\">Na manh\u00e3 desta segunda-feira (25), algumas pessoas buscaram a ag\u00eancia do bairro de Brotas, em&nbsp;<a href=\"https:\/\/g1.globo.com\/ba\/bahia\/cidade\/salvador\/\">Salvador<\/a>. Uma moradora do bairro de Pernambu\u00e9s informou que foi comunicada pela central telef\u00f4nica que os postos estavam funcionando mesmo com a greve.<\/p>\n<\/div>\n<div class=\"mc-column content-text active-extra-styles \" style=\"text-align: justify;\" data-block-type=\"unstyled\" data-block-weight=\"22\" data-block-id=\"7\">\n<p class=\"content-text__container \" data-track-category=\"Link no Texto\" data-track-links=\"\">Ela disse que tinha uma per\u00edcia agendada, mas vai precisar remarcar o atendimento por causa da greve dos servidores e m\u00e9dicos peritos.<\/p>\n<\/div>\n<div class=\"mc-column content-text active-extra-styles\" style=\"text-align: justify;\" data-block-type=\"raw\" data-block-weight=\"28\" data-block-id=\"8\">\n<p class=\"content-text__container\">\n<blockquote class=\"content-blockquote theme-border-color-primary-before\"><p>\u201cLiguei para o 135 e disseram que tinha postos funcionando e eu poderia vir. Cheguei aqui, nada. Vou ter que remarcar a partir de amanh\u00e3\u201d, comentou a benefici\u00e1ria.<\/p><\/blockquote>\n<\/div>\n<div class=\"mc-column content-text active-extra-styles \" style=\"text-align: justify;\" data-block-type=\"unstyled\" data-block-weight=\"53\" data-block-id=\"9\">\n<p class=\"content-text__container \" data-track-category=\"Link no Texto\" data-track-links=\"\">De acordo com o Sindicato dos Trabalhadores Federais em Sa\u00fade, Trabalho, Previd\u00eancia e Assist\u00eancia Social (Sindprev), a categoria reivindica a realiza\u00e7\u00e3o de concurso p\u00fablico para suprir a car\u00eancia de quadro de pessoal na Previd\u00eancia e tamb\u00e9m a reposi\u00e7\u00e3o salarial de 19,9%, que, segundo a entidade, corresponde \u00e0s perdas acumuladas nos \u00faltimos tr\u00eas anos.<\/p>\n<\/div>\n<div class=\"mc-column content-text active-extra-styles \" style=\"text-align: justify;\" data-block-type=\"unstyled\" data-block-weight=\"19\" data-block-id=\"10\">\n<p class=\"content-text__container \" data-track-category=\"Link no Texto\" data-track-links=\"\">Al\u00e9m disso, a categoria cobra a contrata\u00e7\u00e3o de pelo menos 1100 novos servidores para atender normalmente a demanda.<\/p>\n<\/div>\n<div class=\"mc-column content-text active-extra-styles\" style=\"text-align: justify;\" data-block-type=\"raw\" data-block-weight=\"4\" data-block-id=\"11\">\n<p class=\"content-text__container\">\n<div class=\"content-intertitle\">\n<h2>Como reagendar o atendimento<\/h2>\n<p>Mesmo sem uma data para o fim da greve, \u00e9 poss\u00edvel reagendar atendimentos pelo site, pelo aplicativo Meu <a style=\"font-size: revert;\" href=\"https:\/\/g1.globo.com\/tudo-sobre\/inss\/\">INSS<\/a><span style=\"color: initial; font-size: revert;\">&nbsp;e pelo telefone 135. Outra op\u00e7\u00e3o \u00e9&nbsp;<\/span><a style=\"font-size: revert;\" href=\"https:\/\/meu.inss.gov.br\/#\/login\" target=\"_blank\" rel=\"noopener\">acessar o site ou Meu INSS<\/a><span style=\"color: initial; font-size: revert;\">&nbsp;e tentar a realiza\u00e7\u00e3o do servi\u00e7o pela plataforma, antes de procurar uma ag\u00eancia.<\/span><\/p>\n<\/div>\n<\/div>\n<div class=\"mc-column content-text active-extra-styles\" style=\"text-align: justify;\" data-block-type=\"raw\" data-block-weight=\"10\" data-block-id=\"15\">\n<p><span style=\"font-size: revert; color: initial;\">Entre os servi\u00e7os dispon\u00edveis na plataforma est\u00e3o: <\/span><span class=\"highlight highlighted\" style=\"font-size: revert;\">pedido e acompanhamento de aposentadorias, benef\u00edcio assistencial e pens\u00e3o por morte, pedido do sal\u00e1rio-maternidade, de aux\u00edlio-doen\u00e7a, consulta \u00e0 revis\u00e3o do benef\u00edcio, pedido de recurso de benef\u00edcio e certid\u00e3o de tempo de contribui\u00e7\u00e3o<\/span><span style=\"font-size: revert; color: initial;\">.<\/span><\/p>\n<\/div>\n<div class=\"mc-column content-text active-extra-styles \" style=\"text-align: justify;\" data-block-type=\"unstyled\" data-block-weight=\"39\" data-block-id=\"17\">\n<p class=\"content-text__container \" data-track-category=\"Link no Texto\" data-track-links=\"\">Pelo app tamb\u00e9m \u00e9 poss\u00edvel enviar documentos digitalizados, escaneados ou fotografados pelo celular. Depois de solicitar, o segurado pode acompanhar o andamento do pedido, com o protocolo de requerimento. Esse acompanhamento pode ser feito pelo aplicativo ou telefone 135.<\/p>\n<\/div>\n<div class=\"mc-column content-text active-extra-styles \" data-block-type=\"unstyled\" data-block-weight=\"48\" data-block-id=\"18\">\n<p class=\"content-text__container \" style=\"text-align: justify;\" data-track-category=\"Link no Texto\" data-track-links=\"\">Se a ag\u00eancia estiver aberta e os servidores se negarem a prestar atendimento, \u00e9 recomendado pedir um documento que comprove o comparecimento ao local. O segurado pode solicitar, ainda, que o servi\u00e7o seja reagendado pelo atendente &#8211; e depois confirmar a remarca\u00e7\u00e3o pelo 135, pedindo n\u00famero de protocolo.<\/p>\n<p data-track-category=\"Link no Texto\" data-track-links=\"\">\n<\/div>\n<p data-track-category=\"Link no Texto\" data-track-links=\"\">Por g1 e TV Bahia<\/p>\n<\/div>\n","protected":false},"excerpt":{"rendered":"<p>A&nbsp;greve dos servidores e m\u00e9dicos peritos do Instituto Nacional do Seguro Social&nbsp;(INSS) completa 29 dias na Bahia, nesta segunda-feira (25). Com a suspens\u00e3o dos servi\u00e7os em todos os 140 postos e ag\u00eancias de&nbsp;Salvador&nbsp;e interior do estado, 22 mil per\u00edcias deixaram de ser feitas na Bahia durante o per\u00edodo, segundo a associa\u00e7\u00e3o que representa os trabalhadores. [&hellip;]<\/p>\n","protected":false},"author":1,"featured_media":36320,"comment_status":"closed","ping_status":"open","sticky":false,"template":"","format":"standard","meta":{"_uag_custom_page_level_css":"","_monsterinsights_skip_tracking":false,"_monsterinsights_sitenote_active":false,"_monsterinsights_sitenote_note":"","_monsterinsights_sitenote_category":0,"jetpack_post_was_ever_published":false,"_jetpack_newsletter_access":"","_jetpack_dont_email_post_to_subs":false,"_jetpack_newsletter_tier_id":0,"_jetpack_memberships_contains_paywalled_content":false,"_jetpack_memberships_contains_paid_content":false,"footnotes":"","jetpack_publicize_message":"","jetpack_publicize_feature_enabled":true,"jetpack_social_post_already_shared":true,"jetpack_social_options":{"image_generator_settings":{"template":"highway","default_image_id":0,"font":"","enabled":false},"version":2}},"categories":[199],"tags":[9133,9131,189],"class_list":["post-36319","post","type-post","status-publish","format-standard","has-post-thumbnail","hentry","category-bahia","tag-29o-dia-na-ba","tag-greve-dos-servidores","tag-inss"],"jetpack_publicize_connections":[],"jetpack_featured_media_url":"https:\/\/blogopara.com.br\/wp-content\/uploads\/2022\/04\/image.psd-2-.webp","uagb_featured_image_src":{"full":["https:\/\/blogopara.com.br\/wp-content\/uploads\/2022\/04\/image.psd-2-.webp",984,614,false],"thumbnail":["https:\/\/blogopara.com.br\/wp-content\/uploads\/2022\/04\/image.psd-2--150x150.webp",150,150,true],"medium":["https:\/\/blogopara.com.br\/wp-content\/uploads\/2022\/04\/image.psd-2--300x187.webp",300,187,true],"medium_large":["https:\/\/blogopara.com.br\/wp-content\/uploads\/2022\/04\/image.psd-2--768x479.webp",640,399,true],"large":["https:\/\/blogopara.com.br\/wp-content\/uploads\/2022\/04\/image.psd-2-.webp",640,399,false],"1536x1536":["https:\/\/blogopara.com.br\/wp-content\/uploads\/2022\/04\/image.psd-2-.webp",984,614,false],"2048x2048":["https:\/\/blogopara.com.br\/wp-content\/uploads\/2022\/04\/image.psd-2-.webp",984,614,false],"mantranews-slider-large":["https:\/\/blogopara.com.br\/wp-content\/uploads\/2022\/04\/image.psd-2-.webp",984,614,false],"mantranews-featured-medium":["https:\/\/blogopara.com.br\/wp-content\/uploads\/2022\/04\/image.psd-2--420x307.webp",420,307,true],"mantranews-featured-long":["https:\/\/blogopara.com.br\/wp-content\/uploads\/2022\/04\/image.psd-2--300x443.webp",300,443,true],"mantranews-block-medium":["https:\/\/blogopara.com.br\/wp-content\/uploads\/2022\/04\/image.psd-2--464x290.webp",464,290,true],"mantranews-carousel-image":["https:\/\/blogopara.com.br\/wp-content\/uploads\/2022\/04\/image.psd-2--600x500.webp",600,500,true],"mantranews-block-thumb":["https:\/\/blogopara.com.br\/wp-content\/uploads\/2022\/04\/image.psd-2--322x230.webp",322,230,true],"mantranews-single-large":["https:\/\/blogopara.com.br\/wp-content\/uploads\/2022\/04\/image.psd-2-.webp",984,614,false]},"uagb_author_info":{"display_name":"Reda\u00e7\u00e3o geral","author_link":"https:\/\/blogopara.com.br\/index.php\/author\/blogopara"},"uagb_comment_info":0,"uagb_excerpt":"A&nbsp;greve dos servidores e m\u00e9dicos peritos do Instituto Nacional do Seguro Social&nbsp;(INSS) completa 29 dias na Bahia, nesta segunda-feira (25). Com a suspens\u00e3o dos servi\u00e7os em todos os 140 postos e ag\u00eancias de&nbsp;Salvador&nbsp;e interior do estado, 22 mil per\u00edcias deixaram de ser feitas na Bahia durante o per\u00edodo, segundo a associa\u00e7\u00e3o que representa os trabalhadores.&hellip;","jetpack_sharing_enabled":true,"jetpack_likes_enabled":true,"_links":{"self":[{"href":"https:\/\/blogopara.com.br\/index.php\/wp-json\/wp\/v2\/posts\/36319","targetHints":{"allow":["GET"]}}],"collection":[{"href":"https:\/\/blogopara.com.br\/index.php\/wp-json\/wp\/v2\/posts"}],"about":[{"href":"https:\/\/blogopara.com.br\/index.php\/wp-json\/wp\/v2\/types\/post"}],"author":[{"embeddable":true,"href":"https:\/\/blogopara.com.br\/index.php\/wp-json\/wp\/v2\/users\/1"}],"replies":[{"embeddable":true,"href":"https:\/\/blogopara.com.br\/index.php\/wp-json\/wp\/v2\/comments?post=36319"}],"version-history":[{"count":2,"href":"https:\/\/blogopara.com.br\/index.php\/wp-json\/wp\/v2\/posts\/36319\/revisions"}],"predecessor-version":[{"id":36327,"href":"https:\/\/blogopara.com.br\/index.php\/wp-json\/wp\/v2\/posts\/36319\/revisions\/36327"}],"wp:featuredmedia":[{"embeddable":true,"href":"https:\/\/blogopara.com.br\/index.php\/wp-json\/wp\/v2\/media\/36320"}],"wp:attachment":[{"href":"https:\/\/blogopara.com.br\/index.php\/wp-json\/wp\/v2\/media?parent=36319"}],"wp:term":[{"taxonomy":"category","embeddable":true,"href":"https:\/\/blogopara.com.br\/index.php\/wp-json\/wp\/v2\/categories?post=36319"},{"taxonomy":"post_tag","embeddable":true,"href":"https:\/\/blogopara.com.br\/index.php\/wp-json\/wp\/v2\/tags?post=36319"}],"curies":[{"name":"wp","href":"https:\/\/api.w.org\/{rel}","templated":true}]}}