{"id":36409,"date":"2022-04-27T17:11:00","date_gmt":"2022-04-27T20:11:00","guid":{"rendered":"https:\/\/blogopara.com.br\/?p=36409"},"modified":"2022-04-27T13:51:58","modified_gmt":"2022-04-27T16:51:58","slug":"pf-deflagra-operacao-para-apurar-supostos-desvios-na-compra-de-respiradores-pelo-consorcio-nordeste","status":"publish","type":"post","link":"https:\/\/blogopara.com.br\/index.php\/2022\/04\/27\/pf-deflagra-operacao-para-apurar-supostos-desvios-na-compra-de-respiradores-pelo-consorcio-nordeste","title":{"rendered":"PF deflagra opera\u00e7\u00e3o para apurar supostos desvios na compra de respiradores pelo cons\u00f3rcio Nordeste"},"content":{"rendered":"<p style=\"text-align: justify;\">A Pol\u00edcia Federal deflagrou opera\u00e7\u00e3o, nesta ter\u00e7a-feira (26), para investigar supostos desvios na compra de respiradores pelo cons\u00f3rcio do Nordeste, no valor de cerca de R$ 45 milh\u00f5es.<\/p>\n<p style=\"text-align: justify;\">De acordo com o jornal O Globo, os agentes da PF cumprem busca e apreens\u00e3o contra empres\u00e1rios, laranjas e lobistas envolvidos no suposto esquema. N\u00e3o h\u00e1 mandados contra governadores na opera\u00e7\u00e3o. Em Salvador, os mandados s\u00e3o cumpridos no Corredor da Vit\u00f3ria.<\/p>\n<p style=\"text-align: justify;\">O caso transmita no Superior Tribunal de Justi\u00e7a (STJ) porque o governador da Bahia, Rui Costa (PT), presidente do cons\u00f3rcio \u00e0 \u00e9poca dos fatos, \u00e9 investigado por ter dado autoriza\u00e7\u00e3o \u00e0 aquisi\u00e7\u00e3o dos aparelhos, que nunca foram entregues.<\/p>\n<p>Fonte: Metro 1<\/p>\n","protected":false},"excerpt":{"rendered":"<p>A Pol\u00edcia Federal deflagrou opera\u00e7\u00e3o, nesta ter\u00e7a-feira (26), para investigar supostos desvios na compra de respiradores pelo cons\u00f3rcio do Nordeste, no valor de cerca de R$ 45 milh\u00f5es. De acordo com o jornal O Globo, os agentes da PF cumprem busca e apreens\u00e3o contra empres\u00e1rios, laranjas e lobistas envolvidos no suposto esquema. N\u00e3o h\u00e1 mandados [&hellip;]<\/p>\n","protected":false},"author":1,"featured_media":36410,"comment_status":"closed","ping_status":"open","sticky":false,"template":"","format":"standard","meta":{"_uag_custom_page_level_css":"","_monsterinsights_skip_tracking":false,"_monsterinsights_sitenote_active":false,"_monsterinsights_sitenote_note":"","_monsterinsights_sitenote_category":0,"jetpack_post_was_ever_published":false,"_jetpack_newsletter_access":"","_jetpack_dont_email_post_to_subs":false,"_jetpack_newsletter_tier_id":0,"_jetpack_memberships_contains_paywalled_content":false,"_jetpack_memberships_contains_paid_content":false,"footnotes":"","jetpack_publicize_message":"","jetpack_publicize_feature_enabled":true,"jetpack_social_post_already_shared":true,"jetpack_social_options":{"image_generator_settings":{"template":"highway","default_image_id":0,"font":"","enabled":false},"version":2}},"categories":[202],"tags":[9182,2193,810,4855,9181],"class_list":["post-36409","post","type-post","status-publish","format-standard","has-post-thumbnail","hentry","category-policia","tag-compra-de-respiradores","tag-consorcio-nordeste","tag-operacao","tag-pf-deflagra","tag-supostos-desvios"],"jetpack_publicize_connections":[],"jetpack_featured_media_url":"https:\/\/blogopara.com.br\/wp-content\/uploads\/2022\/04\/122370pf-deflagra-operacao-para-apurar-supostos-desvios-na-compra-de-respiradores-pelo-consorcio-nordeste-3.jpg","uagb_featured_image_src":{"full":["https:\/\/blogopara.com.br\/wp-content\/uploads\/2022\/04\/122370pf-deflagra-operacao-para-apurar-supostos-desvios-na-compra-de-respiradores-pelo-consorcio-nordeste-3.jpg",500,235,false],"thumbnail":["https:\/\/blogopara.com.br\/wp-content\/uploads\/2022\/04\/122370pf-deflagra-operacao-para-apurar-supostos-desvios-na-compra-de-respiradores-pelo-consorcio-nordeste-3-150x150.jpg",150,150,true],"medium":["https:\/\/blogopara.com.br\/wp-content\/uploads\/2022\/04\/122370pf-deflagra-operacao-para-apurar-supostos-desvios-na-compra-de-respiradores-pelo-consorcio-nordeste-3-300x141.jpg",300,141,true],"medium_large":["https:\/\/blogopara.com.br\/wp-content\/uploads\/2022\/04\/122370pf-deflagra-operacao-para-apurar-supostos-desvios-na-compra-de-respiradores-pelo-consorcio-nordeste-3.jpg",500,235,false],"large":["https:\/\/blogopara.com.br\/wp-content\/uploads\/2022\/04\/122370pf-deflagra-operacao-para-apurar-supostos-desvios-na-compra-de-respiradores-pelo-consorcio-nordeste-3.jpg",500,235,false],"1536x1536":["https:\/\/blogopara.com.br\/wp-content\/uploads\/2022\/04\/122370pf-deflagra-operacao-para-apurar-supostos-desvios-na-compra-de-respiradores-pelo-consorcio-nordeste-3.jpg",500,235,false],"2048x2048":["https:\/\/blogopara.com.br\/wp-content\/uploads\/2022\/04\/122370pf-deflagra-operacao-para-apurar-supostos-desvios-na-compra-de-respiradores-pelo-consorcio-nordeste-3.jpg",500,235,false],"mantranews-slider-large":["https:\/\/blogopara.com.br\/wp-content\/uploads\/2022\/04\/122370pf-deflagra-operacao-para-apurar-supostos-desvios-na-compra-de-respiradores-pelo-consorcio-nordeste-3.jpg",500,235,false],"mantranews-featured-medium":["https:\/\/blogopara.com.br\/wp-content\/uploads\/2022\/04\/122370pf-deflagra-operacao-para-apurar-supostos-desvios-na-compra-de-respiradores-pelo-consorcio-nordeste-3-420x235.jpg",420,235,true],"mantranews-featured-long":["https:\/\/blogopara.com.br\/wp-content\/uploads\/2022\/04\/122370pf-deflagra-operacao-para-apurar-supostos-desvios-na-compra-de-respiradores-pelo-consorcio-nordeste-3-300x235.jpg",300,235,true],"mantranews-block-medium":["https:\/\/blogopara.com.br\/wp-content\/uploads\/2022\/04\/122370pf-deflagra-operacao-para-apurar-supostos-desvios-na-compra-de-respiradores-pelo-consorcio-nordeste-3-464x235.jpg",464,235,true],"mantranews-carousel-image":["https:\/\/blogopara.com.br\/wp-content\/uploads\/2022\/04\/122370pf-deflagra-operacao-para-apurar-supostos-desvios-na-compra-de-respiradores-pelo-consorcio-nordeste-3.jpg",500,235,false],"mantranews-block-thumb":["https:\/\/blogopara.com.br\/wp-content\/uploads\/2022\/04\/122370pf-deflagra-operacao-para-apurar-supostos-desvios-na-compra-de-respiradores-pelo-consorcio-nordeste-3-322x230.jpg",322,230,true],"mantranews-single-large":["https:\/\/blogopara.com.br\/wp-content\/uploads\/2022\/04\/122370pf-deflagra-operacao-para-apurar-supostos-desvios-na-compra-de-respiradores-pelo-consorcio-nordeste-3.jpg",500,235,false]},"uagb_author_info":{"display_name":"Reda\u00e7\u00e3o geral","author_link":"https:\/\/blogopara.com.br\/index.php\/author\/blogopara"},"uagb_comment_info":0,"uagb_excerpt":"A Pol\u00edcia Federal deflagrou opera\u00e7\u00e3o, nesta ter\u00e7a-feira (26), para investigar supostos desvios na compra de respiradores pelo cons\u00f3rcio do Nordeste, no valor de cerca de R$ 45 milh\u00f5es. De acordo com o jornal O Globo, os agentes da PF cumprem busca e apreens\u00e3o contra empres\u00e1rios, laranjas e lobistas envolvidos no suposto esquema. N\u00e3o h\u00e1 mandados&hellip;","jetpack_sharing_enabled":true,"jetpack_likes_enabled":true,"_links":{"self":[{"href":"https:\/\/blogopara.com.br\/index.php\/wp-json\/wp\/v2\/posts\/36409","targetHints":{"allow":["GET"]}}],"collection":[{"href":"https:\/\/blogopara.com.br\/index.php\/wp-json\/wp\/v2\/posts"}],"about":[{"href":"https:\/\/blogopara.com.br\/index.php\/wp-json\/wp\/v2\/types\/post"}],"author":[{"embeddable":true,"href":"https:\/\/blogopara.com.br\/index.php\/wp-json\/wp\/v2\/users\/1"}],"replies":[{"embeddable":true,"href":"https:\/\/blogopara.com.br\/index.php\/wp-json\/wp\/v2\/comments?post=36409"}],"version-history":[{"count":1,"href":"https:\/\/blogopara.com.br\/index.php\/wp-json\/wp\/v2\/posts\/36409\/revisions"}],"predecessor-version":[{"id":36411,"href":"https:\/\/blogopara.com.br\/index.php\/wp-json\/wp\/v2\/posts\/36409\/revisions\/36411"}],"wp:featuredmedia":[{"embeddable":true,"href":"https:\/\/blogopara.com.br\/index.php\/wp-json\/wp\/v2\/media\/36410"}],"wp:attachment":[{"href":"https:\/\/blogopara.com.br\/index.php\/wp-json\/wp\/v2\/media?parent=36409"}],"wp:term":[{"taxonomy":"category","embeddable":true,"href":"https:\/\/blogopara.com.br\/index.php\/wp-json\/wp\/v2\/categories?post=36409"},{"taxonomy":"post_tag","embeddable":true,"href":"https:\/\/blogopara.com.br\/index.php\/wp-json\/wp\/v2\/tags?post=36409"}],"curies":[{"name":"wp","href":"https:\/\/api.w.org\/{rel}","templated":true}]}}