{"id":36412,"date":"2022-04-27T18:38:00","date_gmt":"2022-04-27T21:38:00","guid":{"rendered":"https:\/\/blogopara.com.br\/?p=36412"},"modified":"2022-04-27T14:46:03","modified_gmt":"2022-04-27T17:46:03","slug":"opiniao-o-momento-agora-e-de-peneirar","status":"publish","type":"post","link":"https:\/\/blogopara.com.br\/index.php\/2022\/04\/27\/opiniao-o-momento-agora-e-de-peneirar","title":{"rendered":"Opini\u00e3o: O momento agora \u00e9 de peneirar!"},"content":{"rendered":"<p style=\"text-align: justify;\">Nas elei\u00e7\u00f5es de 2020, a sociedade juazeirense escolheu Suzana Ramos para derrotar o projeto do PT em Juazeiro, representado \u00e0 \u00e9poca, pelo ent\u00e3o prefeito Paulo Bonfim e seu mentor, Isaac Carvalho.<\/p>\n<p style=\"text-align: justify;\">As trincheiras de luta, estavam bem definidas!!!<\/p>\n<p style=\"text-align: justify;\">Ap\u00f3s um ano e quatro meses de gest\u00e3o, o que vemos \u00e9 um governo de retalhos, composto por alguns caciques, com interesses pol\u00edticos pessoais. A m\u00e1quina est\u00e1 inchada com indiv\u00edduos que por doze anos estiveram do outro lado e em parte comprometem o sucesso dessa nova gest\u00e3o, ocupando, inclusive, os espa\u00e7os daqueles que comeram sal e poeira com Suzana nas elei\u00e7\u00f5es.<\/p>\n<p style=\"text-align: justify;\">Vice n\u00e3o se demite, mas o resto sim! Deputado n\u00e3o se exonera, mas os seus liderados sim!!!<\/p>\n<p style=\"text-align: justify;\">Coragem para peneirar e tomar as r\u00e9deas do governo de &#8220;um novo tempo de trabalho&#8221; \u00e9 o que esperamos da nossa l\u00edder. Tenho certeza que ainda temos tempo para reorganizar o governo, servir a nossa Juazeiro e corresponder a confian\u00e7a que o povo depositou na nossa Prefeita. Nosso governo precisa de um freio de arruma\u00e7\u00e3o.<\/p>\n<p style=\"text-align: justify;\">Se quisermos um futuro melhor pra nossa terra, temos que garantir a continuidade desse projeto que cuida de nosso povo e muda a cidade. Por isso, \u00e9 necess\u00e1rio peneirar, reorganizar, servir melhor a nossa popula\u00e7\u00e3o e derrotar o candidato do PT na Bahia, j\u00e1 agora em 2022!!<\/p>\n<p style=\"text-align: justify;\">\u00c9 necess\u00e1rio separar o joio do trigo. Quem est\u00e1 do lado de l\u00e1; n\u00e3o est\u00e1 do lado de c\u00e1.<\/p>\n<p style=\"text-align: justify;\">Viva a f\u00e9, ainda que a descren\u00e7a bata a porta!!!<\/p>\n<p style=\"text-align: justify;\">Atenciosamente,<br \/>\nJos\u00e9 Carlos Medeiros dos Santos<br \/>\n1\u00b0 suplente de vereador \/ PRTB<\/p>\n","protected":false},"excerpt":{"rendered":"<p>Nas elei\u00e7\u00f5es de 2020, a sociedade juazeirense escolheu Suzana Ramos para derrotar o projeto do PT em Juazeiro, representado \u00e0 \u00e9poca, pelo ent\u00e3o prefeito Paulo Bonfim e seu mentor, Isaac Carvalho. As trincheiras de luta, estavam bem definidas!!! Ap\u00f3s um ano e quatro meses de gest\u00e3o, o que vemos \u00e9 um governo de retalhos, composto [&hellip;]<\/p>\n","protected":false},"author":1,"featured_media":36413,"comment_status":"closed","ping_status":"open","sticky":false,"template":"","format":"standard","meta":{"_uag_custom_page_level_css":"","_monsterinsights_skip_tracking":false,"_monsterinsights_sitenote_active":false,"_monsterinsights_sitenote_note":"","_monsterinsights_sitenote_category":0,"jetpack_post_was_ever_published":false,"_jetpack_newsletter_access":"","_jetpack_dont_email_post_to_subs":false,"_jetpack_newsletter_tier_id":0,"_jetpack_memberships_contains_paywalled_content":false,"_jetpack_memberships_contains_paid_content":false,"footnotes":"","jetpack_publicize_message":"","jetpack_publicize_feature_enabled":true,"jetpack_social_post_already_shared":true,"jetpack_social_options":{"image_generator_settings":{"template":"highway","default_image_id":0,"font":"","enabled":false},"version":2}},"categories":[203,197],"tags":[],"class_list":["post-36412","post","type-post","status-publish","format-standard","has-post-thumbnail","hentry","category-juazeiro","category-politica"],"jetpack_publicize_connections":[],"jetpack_featured_media_url":"https:\/\/blogopara.com.br\/wp-content\/uploads\/2022\/04\/Ze-Carlos-Medeiros.jpg","uagb_featured_image_src":{"full":["https:\/\/blogopara.com.br\/wp-content\/uploads\/2022\/04\/Ze-Carlos-Medeiros.jpg",500,326,false],"thumbnail":["https:\/\/blogopara.com.br\/wp-content\/uploads\/2022\/04\/Ze-Carlos-Medeiros-150x150.jpg",150,150,true],"medium":["https:\/\/blogopara.com.br\/wp-content\/uploads\/2022\/04\/Ze-Carlos-Medeiros-300x196.jpg",300,196,true],"medium_large":["https:\/\/blogopara.com.br\/wp-content\/uploads\/2022\/04\/Ze-Carlos-Medeiros.jpg",500,326,false],"large":["https:\/\/blogopara.com.br\/wp-content\/uploads\/2022\/04\/Ze-Carlos-Medeiros.jpg",500,326,false],"1536x1536":["https:\/\/blogopara.com.br\/wp-content\/uploads\/2022\/04\/Ze-Carlos-Medeiros.jpg",500,326,false],"2048x2048":["https:\/\/blogopara.com.br\/wp-content\/uploads\/2022\/04\/Ze-Carlos-Medeiros.jpg",500,326,false],"mantranews-slider-large":["https:\/\/blogopara.com.br\/wp-content\/uploads\/2022\/04\/Ze-Carlos-Medeiros.jpg",500,326,false],"mantranews-featured-medium":["https:\/\/blogopara.com.br\/wp-content\/uploads\/2022\/04\/Ze-Carlos-Medeiros-420x307.jpg",420,307,true],"mantranews-featured-long":["https:\/\/blogopara.com.br\/wp-content\/uploads\/2022\/04\/Ze-Carlos-Medeiros-300x326.jpg",300,326,true],"mantranews-block-medium":["https:\/\/blogopara.com.br\/wp-content\/uploads\/2022\/04\/Ze-Carlos-Medeiros-464x290.jpg",464,290,true],"mantranews-carousel-image":["https:\/\/blogopara.com.br\/wp-content\/uploads\/2022\/04\/Ze-Carlos-Medeiros.jpg",500,326,false],"mantranews-block-thumb":["https:\/\/blogopara.com.br\/wp-content\/uploads\/2022\/04\/Ze-Carlos-Medeiros-322x230.jpg",322,230,true],"mantranews-single-large":["https:\/\/blogopara.com.br\/wp-content\/uploads\/2022\/04\/Ze-Carlos-Medeiros.jpg",500,326,false]},"uagb_author_info":{"display_name":"Reda\u00e7\u00e3o geral","author_link":"https:\/\/blogopara.com.br\/index.php\/author\/blogopara"},"uagb_comment_info":0,"uagb_excerpt":"Nas elei\u00e7\u00f5es de 2020, a sociedade juazeirense escolheu Suzana Ramos para derrotar o projeto do PT em Juazeiro, representado \u00e0 \u00e9poca, pelo ent\u00e3o prefeito Paulo Bonfim e seu mentor, Isaac Carvalho. As trincheiras de luta, estavam bem definidas!!! Ap\u00f3s um ano e quatro meses de gest\u00e3o, o que vemos \u00e9 um governo de retalhos, composto&hellip;","jetpack_sharing_enabled":true,"jetpack_likes_enabled":true,"_links":{"self":[{"href":"https:\/\/blogopara.com.br\/index.php\/wp-json\/wp\/v2\/posts\/36412","targetHints":{"allow":["GET"]}}],"collection":[{"href":"https:\/\/blogopara.com.br\/index.php\/wp-json\/wp\/v2\/posts"}],"about":[{"href":"https:\/\/blogopara.com.br\/index.php\/wp-json\/wp\/v2\/types\/post"}],"author":[{"embeddable":true,"href":"https:\/\/blogopara.com.br\/index.php\/wp-json\/wp\/v2\/users\/1"}],"replies":[{"embeddable":true,"href":"https:\/\/blogopara.com.br\/index.php\/wp-json\/wp\/v2\/comments?post=36412"}],"version-history":[{"count":1,"href":"https:\/\/blogopara.com.br\/index.php\/wp-json\/wp\/v2\/posts\/36412\/revisions"}],"predecessor-version":[{"id":36415,"href":"https:\/\/blogopara.com.br\/index.php\/wp-json\/wp\/v2\/posts\/36412\/revisions\/36415"}],"wp:featuredmedia":[{"embeddable":true,"href":"https:\/\/blogopara.com.br\/index.php\/wp-json\/wp\/v2\/media\/36413"}],"wp:attachment":[{"href":"https:\/\/blogopara.com.br\/index.php\/wp-json\/wp\/v2\/media?parent=36412"}],"wp:term":[{"taxonomy":"category","embeddable":true,"href":"https:\/\/blogopara.com.br\/index.php\/wp-json\/wp\/v2\/categories?post=36412"},{"taxonomy":"post_tag","embeddable":true,"href":"https:\/\/blogopara.com.br\/index.php\/wp-json\/wp\/v2\/tags?post=36412"}],"curies":[{"name":"wp","href":"https:\/\/api.w.org\/{rel}","templated":true}]}}