{"id":36485,"date":"2022-04-29T14:45:00","date_gmt":"2022-04-29T17:45:00","guid":{"rendered":"https:\/\/blogopara.com.br\/?p=36485"},"modified":"2022-04-29T12:23:16","modified_gmt":"2022-04-29T15:23:16","slug":"lula-desmonta-discurso-de-marilia-e-confirma-meu-candidato-a-governador-e-o-danilo","status":"publish","type":"post","link":"https:\/\/blogopara.com.br\/index.php\/2022\/04\/29\/lula-desmonta-discurso-de-marilia-e-confirma-meu-candidato-a-governador-e-o-danilo","title":{"rendered":"Lula desmonta discurso de Mar\u00edlia e confirma: \u201cMeu candidato a governador \u00e9 o Danilo\u201d"},"content":{"rendered":"<p style=\"text-align: justify;\">A declara\u00e7\u00e3o de Mar\u00edlia Arraes (SD) sobre ser a verdadeira candidata de Lula (PT) em Pernambuco n\u00e3o ficou sem resposta. Em entrevista hoje (29) \u00e0 R\u00e1dio Jornal, o ex-presidente declarou de forma concisa onde ser\u00e1 o seu palanque no Estado.<\/p>\n<p style=\"text-align: justify;\">\u201cMeu candidato a governador do estado de Pernambuco \u00e9 o Danilo. N\u00f3s temos um acordo com o PSB. Esse acordo n\u00e3o \u00e9 apenas em Pernambuco, \u00e9 um acordo nacional; um acordo que nos interessa porque apoia o Alckmin, que faz parte do PSB. O PSB ganhou uma dimens\u00e3o nacional importante e para n\u00f3s essa alian\u00e7a com o PSB \u00e9 muito importante, a n\u00edvel nacional e a n\u00edvel de Pernambuco\u201d, refor\u00e7ou.<\/p>\n<p style=\"text-align: justify;\">A confirma\u00e7\u00e3o do apoio de Lula desmontou o discurso da\u00a0 pr\u00e9-candidata do Solidariedade ao Governo de Pernambuco. Em entrevista recente, Mar\u00edlia disparou que seria a candidata oficial de Lula em Pernambuco e que Danilo Cabral (PSB), seria o candidato de Paulo C\u00e2mara.<\/p>\n<p style=\"text-align: justify;\">\u201cOficialmente Lula \u00e9 meu candidato, sim, Inclusive, o partido do Solidariedade est\u00e1 na coliga\u00e7\u00e3o com o presidente Lula. Mas diferente do candidato de Paulo C\u00e2mara (Danilo Cabral),\u00a0 esse sim \u00e9 candidato de Paulo C\u00e2mara e n\u00e3o candidato de Lula, eu tenho mais a falar do presidente. Pernambuco inteiro sabe que sempre votei nele e defendi no bom e no ruim\u00a0 e n\u00e3o preciso ficar dando explica\u00e7\u00f5es em rela\u00e7\u00e3o a isso\u201d, contou a pr\u00e9-candidata durante entrevista ao Magno Martins.<\/p>\n<p>Blog Nossa Voz<\/p>\n","protected":false},"excerpt":{"rendered":"<p>A declara\u00e7\u00e3o de Mar\u00edlia Arraes (SD) sobre ser a verdadeira candidata de Lula (PT) em Pernambuco n\u00e3o ficou sem resposta. Em entrevista hoje (29) \u00e0 R\u00e1dio Jornal, o ex-presidente declarou de forma concisa onde ser\u00e1 o seu palanque no Estado. \u201cMeu candidato a governador do estado de Pernambuco \u00e9 o Danilo. N\u00f3s temos um acordo [&hellip;]<\/p>\n","protected":false},"author":1,"featured_media":36486,"comment_status":"closed","ping_status":"open","sticky":false,"template":"","format":"standard","meta":{"_uag_custom_page_level_css":"","_monsterinsights_skip_tracking":false,"_monsterinsights_sitenote_active":false,"_monsterinsights_sitenote_note":"","_monsterinsights_sitenote_category":0,"jetpack_post_was_ever_published":false,"_jetpack_newsletter_access":"","_jetpack_dont_email_post_to_subs":false,"_jetpack_newsletter_tier_id":0,"_jetpack_memberships_contains_paywalled_content":false,"_jetpack_memberships_contains_paid_content":false,"footnotes":"","jetpack_publicize_message":"","jetpack_publicize_feature_enabled":true,"jetpack_social_post_already_shared":true,"jetpack_social_options":{"image_generator_settings":{"template":"highway","default_image_id":0,"font":"","enabled":false},"version":2}},"categories":[197],"tags":[9228,9226,554],"class_list":["post-36485","post","type-post","status-publish","format-standard","has-post-thumbnail","hentry","category-politica","tag-afirma-que-seu-candidato-a-governador-e-danilo-cabral","tag-desmonta-discurso-de-marilia","tag-lula"],"jetpack_publicize_connections":[],"jetpack_featured_media_url":"https:\/\/blogopara.com.br\/wp-content\/uploads\/2022\/04\/lula-danilo-marilia.jpg","uagb_featured_image_src":{"full":["https:\/\/blogopara.com.br\/wp-content\/uploads\/2022\/04\/lula-danilo-marilia.jpg",500,333,false],"thumbnail":["https:\/\/blogopara.com.br\/wp-content\/uploads\/2022\/04\/lula-danilo-marilia-150x150.jpg",150,150,true],"medium":["https:\/\/blogopara.com.br\/wp-content\/uploads\/2022\/04\/lula-danilo-marilia-300x200.jpg",300,200,true],"medium_large":["https:\/\/blogopara.com.br\/wp-content\/uploads\/2022\/04\/lula-danilo-marilia.jpg",500,333,false],"large":["https:\/\/blogopara.com.br\/wp-content\/uploads\/2022\/04\/lula-danilo-marilia.jpg",500,333,false],"1536x1536":["https:\/\/blogopara.com.br\/wp-content\/uploads\/2022\/04\/lula-danilo-marilia.jpg",500,333,false],"2048x2048":["https:\/\/blogopara.com.br\/wp-content\/uploads\/2022\/04\/lula-danilo-marilia.jpg",500,333,false],"mantranews-slider-large":["https:\/\/blogopara.com.br\/wp-content\/uploads\/2022\/04\/lula-danilo-marilia.jpg",500,333,false],"mantranews-featured-medium":["https:\/\/blogopara.com.br\/wp-content\/uploads\/2022\/04\/lula-danilo-marilia-420x307.jpg",420,307,true],"mantranews-featured-long":["https:\/\/blogopara.com.br\/wp-content\/uploads\/2022\/04\/lula-danilo-marilia-300x333.jpg",300,333,true],"mantranews-block-medium":["https:\/\/blogopara.com.br\/wp-content\/uploads\/2022\/04\/lula-danilo-marilia-464x290.jpg",464,290,true],"mantranews-carousel-image":["https:\/\/blogopara.com.br\/wp-content\/uploads\/2022\/04\/lula-danilo-marilia.jpg",500,333,false],"mantranews-block-thumb":["https:\/\/blogopara.com.br\/wp-content\/uploads\/2022\/04\/lula-danilo-marilia-322x230.jpg",322,230,true],"mantranews-single-large":["https:\/\/blogopara.com.br\/wp-content\/uploads\/2022\/04\/lula-danilo-marilia.jpg",500,333,false]},"uagb_author_info":{"display_name":"Reda\u00e7\u00e3o geral","author_link":"https:\/\/blogopara.com.br\/index.php\/author\/blogopara"},"uagb_comment_info":0,"uagb_excerpt":"A declara\u00e7\u00e3o de Mar\u00edlia Arraes (SD) sobre ser a verdadeira candidata de Lula (PT) em Pernambuco n\u00e3o ficou sem resposta. Em entrevista hoje (29) \u00e0 R\u00e1dio Jornal, o ex-presidente declarou de forma concisa onde ser\u00e1 o seu palanque no Estado. \u201cMeu candidato a governador do estado de Pernambuco \u00e9 o Danilo. N\u00f3s temos um acordo&hellip;","jetpack_sharing_enabled":true,"jetpack_likes_enabled":true,"_links":{"self":[{"href":"https:\/\/blogopara.com.br\/index.php\/wp-json\/wp\/v2\/posts\/36485","targetHints":{"allow":["GET"]}}],"collection":[{"href":"https:\/\/blogopara.com.br\/index.php\/wp-json\/wp\/v2\/posts"}],"about":[{"href":"https:\/\/blogopara.com.br\/index.php\/wp-json\/wp\/v2\/types\/post"}],"author":[{"embeddable":true,"href":"https:\/\/blogopara.com.br\/index.php\/wp-json\/wp\/v2\/users\/1"}],"replies":[{"embeddable":true,"href":"https:\/\/blogopara.com.br\/index.php\/wp-json\/wp\/v2\/comments?post=36485"}],"version-history":[{"count":1,"href":"https:\/\/blogopara.com.br\/index.php\/wp-json\/wp\/v2\/posts\/36485\/revisions"}],"predecessor-version":[{"id":36487,"href":"https:\/\/blogopara.com.br\/index.php\/wp-json\/wp\/v2\/posts\/36485\/revisions\/36487"}],"wp:featuredmedia":[{"embeddable":true,"href":"https:\/\/blogopara.com.br\/index.php\/wp-json\/wp\/v2\/media\/36486"}],"wp:attachment":[{"href":"https:\/\/blogopara.com.br\/index.php\/wp-json\/wp\/v2\/media?parent=36485"}],"wp:term":[{"taxonomy":"category","embeddable":true,"href":"https:\/\/blogopara.com.br\/index.php\/wp-json\/wp\/v2\/categories?post=36485"},{"taxonomy":"post_tag","embeddable":true,"href":"https:\/\/blogopara.com.br\/index.php\/wp-json\/wp\/v2\/tags?post=36485"}],"curies":[{"name":"wp","href":"https:\/\/api.w.org\/{rel}","templated":true}]}}