{"id":36491,"date":"2022-04-29T12:47:00","date_gmt":"2022-04-29T15:47:00","guid":{"rendered":"https:\/\/blogopara.com.br\/?p=36491"},"modified":"2022-04-29T12:22:30","modified_gmt":"2022-04-29T15:22:30","slug":"bombeiros-do-9-gbm-continuam-nas-buscas-do-menino-desaparecido-apos-mergulhar-no-rio-em-curaca","status":"publish","type":"post","link":"https:\/\/blogopara.com.br\/index.php\/2022\/04\/29\/bombeiros-do-9-gbm-continuam-nas-buscas-do-menino-desaparecido-apos-mergulhar-no-rio-em-curaca","title":{"rendered":"Bombeiros do 9\u00b0 GBM continuam nas buscas do menino desaparecido, ap\u00f3s mergulhar no rio, em Cura\u00e7\u00e1"},"content":{"rendered":"<p style=\"text-align: justify;\">Nesta sexta-feira (29),\u00a0 equipes do 9\u00ba Grupamento de Bombeiros Militar (9\u00b0 GBM\/Juazeiro) continuam nas buscas do um menino que desapareceu, ap\u00f3s mergulhar na regi\u00e3o do Projeto Pedra Branca, em Cura\u00e7\u00e1(BA).<\/p>\n<p style=\"text-align: justify;\">Os bombeiros est\u00e3o no quinto dia de buscas a um menino que e j\u00e1 realizaram varredura em toda \u00e1rea das margens do rio, tanto no estado da Bahia quanto em Pernambuco.<\/p>\n<p style=\"text-align: justify;\">A tropa do 15\u00ba GBM\/Paulo Afonso iniciou nesta sexta-feira (29) buscas na regi\u00e3o da cidade de Abar\u00e9, para efetuar uma maior cobertura, enquanto isso, guarni\u00e7\u00e3o do 13\u00ba GBM\/Gmar est\u00e1 em deslocamento para a regi\u00e3o para refor\u00e7ar as buscas pelo desaparecido.<\/p>\n<p style=\"text-align: justify;\">\n<p style=\"text-align: justify;\">Fonte: 9\u00b0GBM<\/p>\n","protected":false},"excerpt":{"rendered":"<p>Nesta sexta-feira (29),\u00a0 equipes do 9\u00ba Grupamento de Bombeiros Militar (9\u00b0 GBM\/Juazeiro) continuam nas buscas do um menino que desapareceu, ap\u00f3s mergulhar na regi\u00e3o do Projeto Pedra Branca, em Cura\u00e7\u00e1(BA). Os bombeiros est\u00e3o no quinto dia de buscas a um menino que e j\u00e1 realizaram varredura em toda \u00e1rea das margens do rio, tanto no [&hellip;]<\/p>\n","protected":false},"author":1,"featured_media":15648,"comment_status":"closed","ping_status":"open","sticky":false,"template":"","format":"standard","meta":{"_uag_custom_page_level_css":"","_monsterinsights_skip_tracking":false,"_monsterinsights_sitenote_active":false,"_monsterinsights_sitenote_note":"","_monsterinsights_sitenote_category":0,"jetpack_post_was_ever_published":false,"_jetpack_newsletter_access":"","_jetpack_dont_email_post_to_subs":false,"_jetpack_newsletter_tier_id":0,"_jetpack_memberships_contains_paywalled_content":false,"_jetpack_memberships_contains_paid_content":false,"footnotes":"","jetpack_publicize_message":"","jetpack_publicize_feature_enabled":true,"jetpack_social_post_already_shared":true,"jetpack_social_options":{"image_generator_settings":{"template":"highway","default_image_id":0,"font":"","enabled":false},"version":2}},"categories":[1503],"tags":[168,9233,7589,980,7590],"class_list":["post-36491","post","type-post","status-publish","format-standard","has-post-thumbnail","hentry","category-curaca","tag-9o-gbm","tag-apos-mergulho-em-rio","tag-continua-busca","tag-curaca-2","tag-garoto-desaparecido"],"jetpack_publicize_connections":[],"jetpack_featured_media_url":"https:\/\/blogopara.com.br\/wp-content\/uploads\/2020\/10\/afogamento2-800x445-1.jpeg","uagb_featured_image_src":{"full":["https:\/\/blogopara.com.br\/wp-content\/uploads\/2020\/10\/afogamento2-800x445-1.jpeg",500,278,false],"thumbnail":["https:\/\/blogopara.com.br\/wp-content\/uploads\/2020\/10\/afogamento2-800x445-1-150x150.jpeg",150,150,true],"medium":["https:\/\/blogopara.com.br\/wp-content\/uploads\/2020\/10\/afogamento2-800x445-1-300x167.jpeg",300,167,true],"medium_large":["https:\/\/blogopara.com.br\/wp-content\/uploads\/2020\/10\/afogamento2-800x445-1.jpeg",500,278,false],"large":["https:\/\/blogopara.com.br\/wp-content\/uploads\/2020\/10\/afogamento2-800x445-1.jpeg",500,278,false],"1536x1536":["https:\/\/blogopara.com.br\/wp-content\/uploads\/2020\/10\/afogamento2-800x445-1.jpeg",500,278,false],"2048x2048":["https:\/\/blogopara.com.br\/wp-content\/uploads\/2020\/10\/afogamento2-800x445-1.jpeg",500,278,false],"mantranews-slider-large":["https:\/\/blogopara.com.br\/wp-content\/uploads\/2020\/10\/afogamento2-800x445-1.jpeg",500,278,false],"mantranews-featured-medium":["https:\/\/blogopara.com.br\/wp-content\/uploads\/2020\/10\/afogamento2-800x445-1-420x278.jpeg",420,278,true],"mantranews-featured-long":["https:\/\/blogopara.com.br\/wp-content\/uploads\/2020\/10\/afogamento2-800x445-1-300x278.jpeg",300,278,true],"mantranews-block-medium":["https:\/\/blogopara.com.br\/wp-content\/uploads\/2020\/10\/afogamento2-800x445-1-464x278.jpeg",464,278,true],"mantranews-carousel-image":["https:\/\/blogopara.com.br\/wp-content\/uploads\/2020\/10\/afogamento2-800x445-1.jpeg",500,278,false],"mantranews-block-thumb":["https:\/\/blogopara.com.br\/wp-content\/uploads\/2020\/10\/afogamento2-800x445-1-322x230.jpeg",322,230,true],"mantranews-single-large":["https:\/\/blogopara.com.br\/wp-content\/uploads\/2020\/10\/afogamento2-800x445-1.jpeg",500,278,false]},"uagb_author_info":{"display_name":"Reda\u00e7\u00e3o geral","author_link":"https:\/\/blogopara.com.br\/index.php\/author\/blogopara"},"uagb_comment_info":0,"uagb_excerpt":"Nesta sexta-feira (29),\u00a0 equipes do 9\u00ba Grupamento de Bombeiros Militar (9\u00b0 GBM\/Juazeiro) continuam nas buscas do um menino que desapareceu, ap\u00f3s mergulhar na regi\u00e3o do Projeto Pedra Branca, em Cura\u00e7\u00e1(BA). Os bombeiros est\u00e3o no quinto dia de buscas a um menino que e j\u00e1 realizaram varredura em toda \u00e1rea das margens do rio, tanto no&hellip;","jetpack_sharing_enabled":true,"jetpack_likes_enabled":true,"_links":{"self":[{"href":"https:\/\/blogopara.com.br\/index.php\/wp-json\/wp\/v2\/posts\/36491","targetHints":{"allow":["GET"]}}],"collection":[{"href":"https:\/\/blogopara.com.br\/index.php\/wp-json\/wp\/v2\/posts"}],"about":[{"href":"https:\/\/blogopara.com.br\/index.php\/wp-json\/wp\/v2\/types\/post"}],"author":[{"embeddable":true,"href":"https:\/\/blogopara.com.br\/index.php\/wp-json\/wp\/v2\/users\/1"}],"replies":[{"embeddable":true,"href":"https:\/\/blogopara.com.br\/index.php\/wp-json\/wp\/v2\/comments?post=36491"}],"version-history":[{"count":1,"href":"https:\/\/blogopara.com.br\/index.php\/wp-json\/wp\/v2\/posts\/36491\/revisions"}],"predecessor-version":[{"id":36492,"href":"https:\/\/blogopara.com.br\/index.php\/wp-json\/wp\/v2\/posts\/36491\/revisions\/36492"}],"wp:featuredmedia":[{"embeddable":true,"href":"https:\/\/blogopara.com.br\/index.php\/wp-json\/wp\/v2\/media\/15648"}],"wp:attachment":[{"href":"https:\/\/blogopara.com.br\/index.php\/wp-json\/wp\/v2\/media?parent=36491"}],"wp:term":[{"taxonomy":"category","embeddable":true,"href":"https:\/\/blogopara.com.br\/index.php\/wp-json\/wp\/v2\/categories?post=36491"},{"taxonomy":"post_tag","embeddable":true,"href":"https:\/\/blogopara.com.br\/index.php\/wp-json\/wp\/v2\/tags?post=36491"}],"curies":[{"name":"wp","href":"https:\/\/api.w.org\/{rel}","templated":true}]}}