{"id":36498,"date":"2022-04-29T19:42:00","date_gmt":"2022-04-29T22:42:00","guid":{"rendered":"https:\/\/blogopara.com.br\/?p=36498"},"modified":"2022-04-29T18:40:15","modified_gmt":"2022-04-29T21:40:15","slug":"fiepe-sertao-do-sao-francisco-apresenta-nova-coordenadora","status":"publish","type":"post","link":"https:\/\/blogopara.com.br\/index.php\/2022\/04\/29\/fiepe-sertao-do-sao-francisco-apresenta-nova-coordenadora","title":{"rendered":"FIEPE Sert\u00e3o do S\u00e3o Francisco apresenta nova coordenadora"},"content":{"rendered":"<p style=\"text-align: justify;\">Tr\u00eas breves e objetivas apresenta\u00e7\u00f5es marcaram, em Petrolina &#8211; PE, a reuni\u00e3o mensal do Conselho Empresarial da Unidade Regional do Sert\u00e3o do S\u00e3o Francisco da Federa\u00e7\u00e3o das Ind\u00fastrias do Estado de Pernambuco (URSF\/FIEPE), na tarde desta quinta-feira (28).<\/p>\n<p style=\"text-align: justify;\">Aberto pelo diretor da unidade regional, Alb\u00e2nio Ven\u00e2ncio, o encontro come\u00e7ou com o an\u00fancio da nova coordenadora da URSF, a administradora de empresas Fabiana Ribeiro. Depois de apresentar a equipe de trabalho, a nova gestora falou dos planos e projetos futuros da entidade, que atende 7 munic\u00edpios da regi\u00e3o (Petrolina, Afr\u00e2nio, Cabrob\u00f3, Dormentes, Lagoa Grande, Santa Maria da Boa Vista e Oroc\u00f3).<\/p>\n<p style=\"text-align: justify;\">&#8220;Tenho experi\u00eancia nos segmentos aliment\u00edcio, de log\u00edstica e gest\u00e3o educacional. A frente desse novo desafio, pretendo agregar conhecimento com intuito de alavancar, ainda mais, o crescimento das ind\u00fastrias no Vale do S\u00e3o Francisco&#8221;, ressaltou.<\/p>\n<p style=\"text-align: justify;\">Na segunda apresenta\u00e7\u00e3o, o gerente escolar do SENAI Petrolina, Tarc\u00edsio Abreu, atualizou os conselheiros com uma breve e abrangente explana\u00e7\u00e3o acerca da institui\u00e7\u00e3o, que atende hoje 974 alunos e, al\u00e9m da forma\u00e7\u00e3o profissional, oferece tamb\u00e9m os servi\u00e7os de metrologia, ensaios, consultorias e inova\u00e7\u00e3o para a ind\u00fastria pernambucana.<\/p>\n<p style=\"text-align: justify;\">E no terceiro e \u00faltimo momento, o gerente do SESI Petrolina, C\u00e1ssio Saturnino, falou sobre a unidade que atua no desenvolvimento de solu\u00e7\u00f5es para amplia\u00e7\u00e3o da competitividade do segmento industrial atrav\u00e9s da oferta de servi\u00e7os de educa\u00e7\u00e3o b\u00e1sica. A institui\u00e7\u00e3o conta, atualmente, com 527 alunos matriculados e oferece tamb\u00e9m a\u00e7\u00f5es de promo\u00e7\u00e3o \u00e0 sa\u00fade, seguran\u00e7a e atividades culturais.<\/p>\n<p style=\"text-align: justify;\">Clas Comunica\u00e7\u00e3o e Marketing<\/p>\n","protected":false},"excerpt":{"rendered":"<p>Tr\u00eas breves e objetivas apresenta\u00e7\u00f5es marcaram, em Petrolina &#8211; PE, a reuni\u00e3o mensal do Conselho Empresarial da Unidade Regional do Sert\u00e3o do S\u00e3o Francisco da Federa\u00e7\u00e3o das Ind\u00fastrias do Estado de Pernambuco (URSF\/FIEPE), na tarde desta quinta-feira (28). Aberto pelo diretor da unidade regional, Alb\u00e2nio Ven\u00e2ncio, o encontro come\u00e7ou com o an\u00fancio da nova coordenadora [&hellip;]<\/p>\n","protected":false},"author":1,"featured_media":36499,"comment_status":"closed","ping_status":"open","sticky":false,"template":"","format":"standard","meta":{"_uag_custom_page_level_css":"","_monsterinsights_skip_tracking":false,"_monsterinsights_sitenote_active":false,"_monsterinsights_sitenote_note":"","_monsterinsights_sitenote_category":0,"jetpack_post_was_ever_published":false,"_jetpack_newsletter_access":"","_jetpack_dont_email_post_to_subs":false,"_jetpack_newsletter_tier_id":0,"_jetpack_memberships_contains_paywalled_content":false,"_jetpack_memberships_contains_paid_content":false,"footnotes":"","jetpack_publicize_message":"","jetpack_publicize_feature_enabled":true,"jetpack_social_post_already_shared":true,"jetpack_social_options":{"image_generator_settings":{"template":"highway","default_image_id":0,"font":"","enabled":false},"version":2}},"categories":[851],"tags":[9237,9236,9238],"class_list":["post-36498","post","type-post","status-publish","format-standard","has-post-thumbnail","hentry","category-petrolina","tag-apresenta","tag-fiepe-sertao-do-vale-sao-francisco","tag-nova-coordenadora"],"jetpack_publicize_connections":[],"jetpack_featured_media_url":"https:\/\/blogopara.com.br\/wp-content\/uploads\/2022\/04\/WhatsApp-Image-2022-04-29-at-11.50.51-1.jpeg","uagb_featured_image_src":{"full":["https:\/\/blogopara.com.br\/wp-content\/uploads\/2022\/04\/WhatsApp-Image-2022-04-29-at-11.50.51-1.jpeg",500,333,false],"thumbnail":["https:\/\/blogopara.com.br\/wp-content\/uploads\/2022\/04\/WhatsApp-Image-2022-04-29-at-11.50.51-1-150x150.jpeg",150,150,true],"medium":["https:\/\/blogopara.com.br\/wp-content\/uploads\/2022\/04\/WhatsApp-Image-2022-04-29-at-11.50.51-1-300x200.jpeg",300,200,true],"medium_large":["https:\/\/blogopara.com.br\/wp-content\/uploads\/2022\/04\/WhatsApp-Image-2022-04-29-at-11.50.51-1.jpeg",500,333,false],"large":["https:\/\/blogopara.com.br\/wp-content\/uploads\/2022\/04\/WhatsApp-Image-2022-04-29-at-11.50.51-1.jpeg",500,333,false],"1536x1536":["https:\/\/blogopara.com.br\/wp-content\/uploads\/2022\/04\/WhatsApp-Image-2022-04-29-at-11.50.51-1.jpeg",500,333,false],"2048x2048":["https:\/\/blogopara.com.br\/wp-content\/uploads\/2022\/04\/WhatsApp-Image-2022-04-29-at-11.50.51-1.jpeg",500,333,false],"mantranews-slider-large":["https:\/\/blogopara.com.br\/wp-content\/uploads\/2022\/04\/WhatsApp-Image-2022-04-29-at-11.50.51-1.jpeg",500,333,false],"mantranews-featured-medium":["https:\/\/blogopara.com.br\/wp-content\/uploads\/2022\/04\/WhatsApp-Image-2022-04-29-at-11.50.51-1-420x307.jpeg",420,307,true],"mantranews-featured-long":["https:\/\/blogopara.com.br\/wp-content\/uploads\/2022\/04\/WhatsApp-Image-2022-04-29-at-11.50.51-1-300x333.jpeg",300,333,true],"mantranews-block-medium":["https:\/\/blogopara.com.br\/wp-content\/uploads\/2022\/04\/WhatsApp-Image-2022-04-29-at-11.50.51-1-464x290.jpeg",464,290,true],"mantranews-carousel-image":["https:\/\/blogopara.com.br\/wp-content\/uploads\/2022\/04\/WhatsApp-Image-2022-04-29-at-11.50.51-1.jpeg",500,333,false],"mantranews-block-thumb":["https:\/\/blogopara.com.br\/wp-content\/uploads\/2022\/04\/WhatsApp-Image-2022-04-29-at-11.50.51-1-322x230.jpeg",322,230,true],"mantranews-single-large":["https:\/\/blogopara.com.br\/wp-content\/uploads\/2022\/04\/WhatsApp-Image-2022-04-29-at-11.50.51-1.jpeg",500,333,false]},"uagb_author_info":{"display_name":"Reda\u00e7\u00e3o geral","author_link":"https:\/\/blogopara.com.br\/index.php\/author\/blogopara"},"uagb_comment_info":0,"uagb_excerpt":"Tr\u00eas breves e objetivas apresenta\u00e7\u00f5es marcaram, em Petrolina &#8211; PE, a reuni\u00e3o mensal do Conselho Empresarial da Unidade Regional do Sert\u00e3o do S\u00e3o Francisco da Federa\u00e7\u00e3o das Ind\u00fastrias do Estado de Pernambuco (URSF\/FIEPE), na tarde desta quinta-feira (28). Aberto pelo diretor da unidade regional, Alb\u00e2nio Ven\u00e2ncio, o encontro come\u00e7ou com o an\u00fancio da nova coordenadora&hellip;","jetpack_sharing_enabled":true,"jetpack_likes_enabled":true,"_links":{"self":[{"href":"https:\/\/blogopara.com.br\/index.php\/wp-json\/wp\/v2\/posts\/36498","targetHints":{"allow":["GET"]}}],"collection":[{"href":"https:\/\/blogopara.com.br\/index.php\/wp-json\/wp\/v2\/posts"}],"about":[{"href":"https:\/\/blogopara.com.br\/index.php\/wp-json\/wp\/v2\/types\/post"}],"author":[{"embeddable":true,"href":"https:\/\/blogopara.com.br\/index.php\/wp-json\/wp\/v2\/users\/1"}],"replies":[{"embeddable":true,"href":"https:\/\/blogopara.com.br\/index.php\/wp-json\/wp\/v2\/comments?post=36498"}],"version-history":[{"count":1,"href":"https:\/\/blogopara.com.br\/index.php\/wp-json\/wp\/v2\/posts\/36498\/revisions"}],"predecessor-version":[{"id":36500,"href":"https:\/\/blogopara.com.br\/index.php\/wp-json\/wp\/v2\/posts\/36498\/revisions\/36500"}],"wp:featuredmedia":[{"embeddable":true,"href":"https:\/\/blogopara.com.br\/index.php\/wp-json\/wp\/v2\/media\/36499"}],"wp:attachment":[{"href":"https:\/\/blogopara.com.br\/index.php\/wp-json\/wp\/v2\/media?parent=36498"}],"wp:term":[{"taxonomy":"category","embeddable":true,"href":"https:\/\/blogopara.com.br\/index.php\/wp-json\/wp\/v2\/categories?post=36498"},{"taxonomy":"post_tag","embeddable":true,"href":"https:\/\/blogopara.com.br\/index.php\/wp-json\/wp\/v2\/tags?post=36498"}],"curies":[{"name":"wp","href":"https:\/\/api.w.org\/{rel}","templated":true}]}}