{"id":3652,"date":"2019-10-06T21:04:18","date_gmt":"2019-10-07T00:04:18","guid":{"rendered":"http:\/\/blogopara.com.br\/?p=3652"},"modified":"2019-10-06T21:04:20","modified_gmt":"2019-10-07T00:04:20","slug":"incendio-criminoso-atinge-garagem-da-empresa-sao-luiz-em-jacobina","status":"publish","type":"post","link":"https:\/\/blogopara.com.br\/index.php\/2019\/10\/06\/incendio-criminoso-atinge-garagem-da-empresa-sao-luiz-em-jacobina","title":{"rendered":"Inc\u00eandio criminoso atinge garagem da empresa S\u00e3o Luiz em Jacobina"},"content":{"rendered":"<p style=\"text-align: justify;\">Um inc\u00eandio atingiu a garagem da empresa Falc\u00e3o Real\/S\u00e3o Luiz na madrugada deste domingo (6), em Jacobina. As chamas atingiram v\u00e1rios \u00f4nibus da empresa, na garagem que fica localizada na Avenida Nossa Senhora da Concei\u00e7\u00e3o, pr\u00f3ximo ao bairro Inocoop.<\/p>\n<p style=\"text-align: justify;\">Imagens feitas por moradores vizinhos mostram o inc\u00eandio de grandes propor\u00e7\u00f5es no p\u00e1tio da empresa e, aparentemente, na \u00e1rea administrativa. Pessoas relataram espanto e medo por conta das explos\u00f5es. H\u00e1 relatos de que dois homens em uma moto renderam o vigilante e atearam fogo nos \u00f4nibus, por\u00e9m a informa\u00e7\u00e3o ainda n\u00e3o foi confirmada pela pol\u00edcia.<\/p>\n<p style=\"text-align: justify;\">Segundo informa\u00e7\u00f5es, pelo menos 15 \u00f4nibus foram totalmente consumidos pelo fogo. O teto da garagem n\u00e3o suportou o calor produzido pelas chamas e desabou. Os preju\u00edzos ainda ser\u00e3o calculados, mas o cen\u00e1rio \u00e9 de muita destrui\u00e7\u00e3o. Alguns \u00f4nibus n\u00e3o foram atingidos pelas chamas.<\/p>\n<p><img loading=\"lazy\" decoding=\"async\" class=\"alignnone size-medium wp-image-3654\" src=\"https:\/\/blogopara.com.br\/wp-content\/uploads\/2019\/10\/eeee-300x225.jpeg\" alt=\"\" width=\"300\" height=\"225\" srcset=\"https:\/\/blogopara.com.br\/wp-content\/uploads\/2019\/10\/eeee-300x225.jpeg 300w, https:\/\/blogopara.com.br\/wp-content\/uploads\/2019\/10\/eeee.jpeg 640w\" sizes=\"auto, (max-width: 300px) 100vw, 300px\" \/><\/p>\n<pre style=\"text-align: justify;\">Fonte Vale em Foco<\/pre>\n","protected":false},"excerpt":{"rendered":"<p>Um inc\u00eandio atingiu a garagem da empresa Falc\u00e3o Real\/S\u00e3o Luiz na madrugada deste domingo (6), em Jacobina. As chamas atingiram v\u00e1rios \u00f4nibus da empresa, na garagem que fica localizada na Avenida Nossa Senhora da Concei\u00e7\u00e3o, pr\u00f3ximo ao bairro Inocoop. Imagens feitas por moradores vizinhos mostram o inc\u00eandio de grandes propor\u00e7\u00f5es no p\u00e1tio da empresa e, [&hellip;]<\/p>\n","protected":false},"author":1,"featured_media":3653,"comment_status":"open","ping_status":"open","sticky":false,"template":"","format":"standard","meta":{"_uag_custom_page_level_css":"","_monsterinsights_skip_tracking":false,"_monsterinsights_sitenote_active":false,"_monsterinsights_sitenote_note":"","_monsterinsights_sitenote_category":0,"jetpack_post_was_ever_published":false,"_jetpack_newsletter_access":"","_jetpack_dont_email_post_to_subs":false,"_jetpack_newsletter_tier_id":0,"_jetpack_memberships_contains_paywalled_content":false,"_jetpack_memberships_contains_paid_content":false,"footnotes":"","jetpack_publicize_message":"","jetpack_publicize_feature_enabled":true,"jetpack_social_post_already_shared":true,"jetpack_social_options":{"image_generator_settings":{"template":"highway","default_image_id":0,"font":"","enabled":false},"version":2}},"categories":[199],"tags":[898,900],"class_list":["post-3652","post","type-post","status-publish","format-standard","has-post-thumbnail","hentry","category-bahia","tag-incendio","tag-jacobina"],"jetpack_publicize_connections":[],"jetpack_featured_media_url":"https:\/\/blogopara.com.br\/wp-content\/uploads\/2019\/10\/eee.jpeg","uagb_featured_image_src":{"full":["https:\/\/blogopara.com.br\/wp-content\/uploads\/2019\/10\/eee.jpeg",640,640,false],"thumbnail":["https:\/\/blogopara.com.br\/wp-content\/uploads\/2019\/10\/eee-150x150.jpeg",150,150,true],"medium":["https:\/\/blogopara.com.br\/wp-content\/uploads\/2019\/10\/eee-300x300.jpeg",300,300,true],"medium_large":["https:\/\/blogopara.com.br\/wp-content\/uploads\/2019\/10\/eee.jpeg",640,640,false],"large":["https:\/\/blogopara.com.br\/wp-content\/uploads\/2019\/10\/eee.jpeg",640,640,false],"1536x1536":["https:\/\/blogopara.com.br\/wp-content\/uploads\/2019\/10\/eee.jpeg",640,640,false],"2048x2048":["https:\/\/blogopara.com.br\/wp-content\/uploads\/2019\/10\/eee.jpeg",640,640,false],"mantranews-slider-large":["https:\/\/blogopara.com.br\/wp-content\/uploads\/2019\/10\/eee.jpeg",640,640,false],"mantranews-featured-medium":["https:\/\/blogopara.com.br\/wp-content\/uploads\/2019\/10\/eee.jpeg",307,307,false],"mantranews-featured-long":["https:\/\/blogopara.com.br\/wp-content\/uploads\/2019\/10\/eee.jpeg",300,300,false],"mantranews-block-medium":["https:\/\/blogopara.com.br\/wp-content\/uploads\/2019\/10\/eee.jpeg",290,290,false],"mantranews-carousel-image":["https:\/\/blogopara.com.br\/wp-content\/uploads\/2019\/10\/eee.jpeg",500,500,false],"mantranews-block-thumb":["https:\/\/blogopara.com.br\/wp-content\/uploads\/2019\/10\/eee.jpeg",230,230,false],"mantranews-single-large":["https:\/\/blogopara.com.br\/wp-content\/uploads\/2019\/10\/eee.jpeg",640,640,false]},"uagb_author_info":{"display_name":"Reda\u00e7\u00e3o geral","author_link":"https:\/\/blogopara.com.br\/index.php\/author\/blogopara"},"uagb_comment_info":0,"uagb_excerpt":"Um inc\u00eandio atingiu a garagem da empresa Falc\u00e3o Real\/S\u00e3o Luiz na madrugada deste domingo (6), em Jacobina. As chamas atingiram v\u00e1rios \u00f4nibus da empresa, na garagem que fica localizada na Avenida Nossa Senhora da Concei\u00e7\u00e3o, pr\u00f3ximo ao bairro Inocoop. Imagens feitas por moradores vizinhos mostram o inc\u00eandio de grandes propor\u00e7\u00f5es no p\u00e1tio da empresa e,&hellip;","jetpack_sharing_enabled":true,"jetpack_likes_enabled":true,"_links":{"self":[{"href":"https:\/\/blogopara.com.br\/index.php\/wp-json\/wp\/v2\/posts\/3652","targetHints":{"allow":["GET"]}}],"collection":[{"href":"https:\/\/blogopara.com.br\/index.php\/wp-json\/wp\/v2\/posts"}],"about":[{"href":"https:\/\/blogopara.com.br\/index.php\/wp-json\/wp\/v2\/types\/post"}],"author":[{"embeddable":true,"href":"https:\/\/blogopara.com.br\/index.php\/wp-json\/wp\/v2\/users\/1"}],"replies":[{"embeddable":true,"href":"https:\/\/blogopara.com.br\/index.php\/wp-json\/wp\/v2\/comments?post=3652"}],"version-history":[{"count":1,"href":"https:\/\/blogopara.com.br\/index.php\/wp-json\/wp\/v2\/posts\/3652\/revisions"}],"predecessor-version":[{"id":3655,"href":"https:\/\/blogopara.com.br\/index.php\/wp-json\/wp\/v2\/posts\/3652\/revisions\/3655"}],"wp:featuredmedia":[{"embeddable":true,"href":"https:\/\/blogopara.com.br\/index.php\/wp-json\/wp\/v2\/media\/3653"}],"wp:attachment":[{"href":"https:\/\/blogopara.com.br\/index.php\/wp-json\/wp\/v2\/media?parent=3652"}],"wp:term":[{"taxonomy":"category","embeddable":true,"href":"https:\/\/blogopara.com.br\/index.php\/wp-json\/wp\/v2\/categories?post=3652"},{"taxonomy":"post_tag","embeddable":true,"href":"https:\/\/blogopara.com.br\/index.php\/wp-json\/wp\/v2\/tags?post=3652"}],"curies":[{"name":"wp","href":"https:\/\/api.w.org\/{rel}","templated":true}]}}