{"id":36590,"date":"2022-05-02T08:30:00","date_gmt":"2022-05-02T11:30:00","guid":{"rendered":"https:\/\/blogopara.com.br\/?p=36590"},"modified":"2022-05-02T08:39:30","modified_gmt":"2022-05-02T11:39:30","slug":"mais-de-3-mil-doses-foram-aplicadas-no-dia-d-de-vacinacao-contra-gripe-e-sarampo-em-juazeiro-neste-sabado","status":"publish","type":"post","link":"https:\/\/blogopara.com.br\/index.php\/2022\/05\/02\/mais-de-3-mil-doses-foram-aplicadas-no-dia-d-de-vacinacao-contra-gripe-e-sarampo-em-juazeiro-neste-sabado","title":{"rendered":"Mais de 3 mil doses foram aplicadas no Dia D de vacina\u00e7\u00e3o contra gripe e sarampo em Juazeiro neste s\u00e1bado"},"content":{"rendered":"<p style=\"font-weight: 400; text-align: justify;\">Neste s\u00e1bado (30), a Prefeitura de Juazeiro, atrav\u00e9s da Secretaria de Sa\u00fade (Sesau), realizou o Dia D de vacina\u00e7\u00e3o contra a gripe e o sarampo. Foram aplicadas mais de 3.000 doses. A vacina\u00e7\u00e3o aconteceu nas UBSs da zona urbana e contemplou os p\u00fablicos priorit\u00e1rios da primeira e segunda etapa.<\/p>\n<p style=\"font-weight: 400; text-align: justify;\">Puderam se vacinar contra a Influenza, idosos com 60 anos ou mais, trabalhadores da sa\u00fade, crian\u00e7as de 6 meses a menores de 5 anos, gestantes, pu\u00e9rperas (mulheres com at\u00e9 45 dias p\u00f3s-parto), povos ind\u00edgenas, professores de escolas p\u00fablicas e privadas, pessoas com comorbidades, pessoas com defici\u00eancia permanente, caminhoneiros, trabalhadores de transporte coletivo rodovi\u00e1rio, trabalhadores portu\u00e1rios, profissionais das for\u00e7as de salvamento e seguran\u00e7a, profissionais das for\u00e7as armadas, funcion\u00e1rios do sistema de priva\u00e7\u00e3o de liberdade, popula\u00e7\u00e3o privada de liberdade e adolescentes e jovens que est\u00e3o sob medidas socioeducativas.<\/p>\n<p style=\"font-weight: 400; text-align: justify;\">Dona Maria Cust\u00f3dio da Silva, tem 80 anos e conta que desde que completou a idade do grupo priorit\u00e1rio, todos os anos toma a vacina. \u201cDesde que completei a idade, eu fico atenta ao per\u00edodo da campanha e venho tomar a vacina da gripe. \u00c9 muito importante se vacinar porque a gente fica imunizado. Tomo todos os anos\u201d, disse Maria Cust\u00f3dio.<\/p>\n<p style=\"font-weight: 400; text-align: justify;\">Para a vacina\u00e7\u00e3o contra o Sarampo, o p\u00fablico alvo foram os trabalhadores da sa\u00fade e crian\u00e7as de 6 meses a menores de 5 anos.<\/p>\n<p style=\"font-weight: 400; text-align: justify;\">Ademilton Barbosa da Silva trouxe a filha, Laura Grabriela Barreto da Silva, de tr\u00eas anos, para tomar a vacina contra o sarampo. Seu Ademilton destaca que \u00e9 prioridade manter o cart\u00e3o de vacinas da filha atualizado. Ele disse ainda que foi muito r\u00e1pido. \u201c\u00c9 muito importante trazer os filhos para vacinar, uma vez que as vacinas s\u00e3o destinadas para garantir imunidade, inclusive estou sempre atento ao tempo certo, mantendo em dia a caderneta de vacina\u00e7\u00e3o. O Dia D foi muito bom, atendimento bem r\u00e1pido\u201d, concluiu Ademilton Barbosa.<\/p>\n<p style=\"font-weight: 400; text-align: justify;\">\n<p style=\"font-weight: 400; text-align: justify;\"><strong>Campanha<\/strong><\/p>\n<p style=\"font-weight: 400; text-align: justify;\">\n<p style=\"font-weight: 400; text-align: justify;\">A campanha de vacina\u00e7\u00e3o contra a gripe e o sarampo segue at\u00e9 o dia 03 de junho e todas as pessoas que fazem parte dos grupos priorit\u00e1rios e ainda n\u00e3o se vacinaram, podem procurar uma das Unidades B\u00e1sicas de Sa\u00fade (UBSs) para tomar a vacina.<\/p>\n<p style=\"font-weight: 400; text-align: justify;\">\n<p style=\"font-weight: 400; text-align: justify;\"><strong>Documenta\u00e7\u00e3o<\/strong><\/p>\n<p style=\"font-weight: 400; text-align: justify;\">\n<p style=\"font-weight: 400; text-align: justify;\">Para a vacina\u00e7\u00e3o, as pessoas devem levar RG, CPF ou Cart\u00e3o SUS e comprovante de resid\u00eancia. As pessoas que possuem comorbidades devem levar laudo m\u00e9dico comprovando a doen\u00e7a.<\/p>\n<p style=\"font-weight: 400; text-align: justify;\">\n<p style=\"font-weight: 400; text-align: justify;\">\u00a0Ascom\/Sesau\/PMJ<\/p>\n<p style=\"font-weight: 400; text-align: justify;\">\n","protected":false},"excerpt":{"rendered":"<p>Neste s\u00e1bado (30), a Prefeitura de Juazeiro, atrav\u00e9s da Secretaria de Sa\u00fade (Sesau), realizou o Dia D de vacina\u00e7\u00e3o contra a gripe e o sarampo. Foram aplicadas mais de 3.000 doses. A vacina\u00e7\u00e3o aconteceu nas UBSs da zona urbana e contemplou os p\u00fablicos priorit\u00e1rios da primeira e segunda etapa. Puderam se vacinar contra a Influenza, [&hellip;]<\/p>\n","protected":false},"author":1,"featured_media":36591,"comment_status":"closed","ping_status":"open","sticky":false,"template":"","format":"standard","meta":{"_uag_custom_page_level_css":"","_monsterinsights_skip_tracking":false,"_monsterinsights_sitenote_active":false,"_monsterinsights_sitenote_note":"","_monsterinsights_sitenote_category":0,"jetpack_post_was_ever_published":false,"_jetpack_newsletter_access":"","_jetpack_dont_email_post_to_subs":false,"_jetpack_newsletter_tier_id":0,"_jetpack_memberships_contains_paywalled_content":false,"_jetpack_memberships_contains_paid_content":false,"footnotes":"","jetpack_publicize_message":"","jetpack_publicize_feature_enabled":true,"jetpack_social_post_already_shared":true,"jetpack_social_options":{"image_generator_settings":{"template":"highway","default_image_id":0,"font":"","enabled":false},"version":2}},"categories":[203,205],"tags":[9277,9276,9275,9278],"class_list":["post-36590","post","type-post","status-publish","format-standard","has-post-thumbnail","hentry","category-juazeiro","category-saude","tag-aplicadas-no-dia-d","tag-doses-de-vacinas","tag-mais-de-3-mil","tag-vacinacao-contra-griipe-e-sarampo"],"jetpack_publicize_connections":[],"jetpack_featured_media_url":"https:\/\/blogopara.com.br\/wp-content\/uploads\/2022\/05\/Dia-D-gripe.jpeg","uagb_featured_image_src":{"full":["https:\/\/blogopara.com.br\/wp-content\/uploads\/2022\/05\/Dia-D-gripe.jpeg",500,375,false],"thumbnail":["https:\/\/blogopara.com.br\/wp-content\/uploads\/2022\/05\/Dia-D-gripe-150x150.jpeg",150,150,true],"medium":["https:\/\/blogopara.com.br\/wp-content\/uploads\/2022\/05\/Dia-D-gripe-300x225.jpeg",300,225,true],"medium_large":["https:\/\/blogopara.com.br\/wp-content\/uploads\/2022\/05\/Dia-D-gripe.jpeg",500,375,false],"large":["https:\/\/blogopara.com.br\/wp-content\/uploads\/2022\/05\/Dia-D-gripe.jpeg",500,375,false],"1536x1536":["https:\/\/blogopara.com.br\/wp-content\/uploads\/2022\/05\/Dia-D-gripe.jpeg",500,375,false],"2048x2048":["https:\/\/blogopara.com.br\/wp-content\/uploads\/2022\/05\/Dia-D-gripe.jpeg",500,375,false],"mantranews-slider-large":["https:\/\/blogopara.com.br\/wp-content\/uploads\/2022\/05\/Dia-D-gripe.jpeg",500,375,false],"mantranews-featured-medium":["https:\/\/blogopara.com.br\/wp-content\/uploads\/2022\/05\/Dia-D-gripe-420x307.jpeg",420,307,true],"mantranews-featured-long":["https:\/\/blogopara.com.br\/wp-content\/uploads\/2022\/05\/Dia-D-gripe-300x375.jpeg",300,375,true],"mantranews-block-medium":["https:\/\/blogopara.com.br\/wp-content\/uploads\/2022\/05\/Dia-D-gripe-464x290.jpeg",464,290,true],"mantranews-carousel-image":["https:\/\/blogopara.com.br\/wp-content\/uploads\/2022\/05\/Dia-D-gripe.jpeg",500,375,false],"mantranews-block-thumb":["https:\/\/blogopara.com.br\/wp-content\/uploads\/2022\/05\/Dia-D-gripe-322x230.jpeg",322,230,true],"mantranews-single-large":["https:\/\/blogopara.com.br\/wp-content\/uploads\/2022\/05\/Dia-D-gripe.jpeg",500,375,false]},"uagb_author_info":{"display_name":"Reda\u00e7\u00e3o geral","author_link":"https:\/\/blogopara.com.br\/index.php\/author\/blogopara"},"uagb_comment_info":0,"uagb_excerpt":"Neste s\u00e1bado (30), a Prefeitura de Juazeiro, atrav\u00e9s da Secretaria de Sa\u00fade (Sesau), realizou o Dia D de vacina\u00e7\u00e3o contra a gripe e o sarampo. Foram aplicadas mais de 3.000 doses. A vacina\u00e7\u00e3o aconteceu nas UBSs da zona urbana e contemplou os p\u00fablicos priorit\u00e1rios da primeira e segunda etapa. Puderam se vacinar contra a Influenza,&hellip;","jetpack_sharing_enabled":true,"jetpack_likes_enabled":true,"_links":{"self":[{"href":"https:\/\/blogopara.com.br\/index.php\/wp-json\/wp\/v2\/posts\/36590","targetHints":{"allow":["GET"]}}],"collection":[{"href":"https:\/\/blogopara.com.br\/index.php\/wp-json\/wp\/v2\/posts"}],"about":[{"href":"https:\/\/blogopara.com.br\/index.php\/wp-json\/wp\/v2\/types\/post"}],"author":[{"embeddable":true,"href":"https:\/\/blogopara.com.br\/index.php\/wp-json\/wp\/v2\/users\/1"}],"replies":[{"embeddable":true,"href":"https:\/\/blogopara.com.br\/index.php\/wp-json\/wp\/v2\/comments?post=36590"}],"version-history":[{"count":1,"href":"https:\/\/blogopara.com.br\/index.php\/wp-json\/wp\/v2\/posts\/36590\/revisions"}],"predecessor-version":[{"id":36592,"href":"https:\/\/blogopara.com.br\/index.php\/wp-json\/wp\/v2\/posts\/36590\/revisions\/36592"}],"wp:featuredmedia":[{"embeddable":true,"href":"https:\/\/blogopara.com.br\/index.php\/wp-json\/wp\/v2\/media\/36591"}],"wp:attachment":[{"href":"https:\/\/blogopara.com.br\/index.php\/wp-json\/wp\/v2\/media?parent=36590"}],"wp:term":[{"taxonomy":"category","embeddable":true,"href":"https:\/\/blogopara.com.br\/index.php\/wp-json\/wp\/v2\/categories?post=36590"},{"taxonomy":"post_tag","embeddable":true,"href":"https:\/\/blogopara.com.br\/index.php\/wp-json\/wp\/v2\/tags?post=36590"}],"curies":[{"name":"wp","href":"https:\/\/api.w.org\/{rel}","templated":true}]}}