{"id":36609,"date":"2022-05-02T14:23:00","date_gmt":"2022-05-02T17:23:00","guid":{"rendered":"https:\/\/blogopara.com.br\/?p=36609"},"modified":"2022-05-02T11:50:41","modified_gmt":"2022-05-02T14:50:41","slug":"escola-em-petrolina-lanca-projeto-maio-azul-de-prevencao-e-combate-ao-bullying-escolar","status":"publish","type":"post","link":"https:\/\/blogopara.com.br\/index.php\/2022\/05\/02\/escola-em-petrolina-lanca-projeto-maio-azul-de-prevencao-e-combate-ao-bullying-escolar","title":{"rendered":"Escola em Petrolina lan\u00e7a projeto &#8216;Maio Azul&#8217; de preven\u00e7\u00e3o e combate ao bullying escolar"},"content":{"rendered":"<p style=\"text-align: justify;\">Professores da Educa\u00e7\u00e3o Infantil I e II ao 3\u00b0 ano do Ensino M\u00e9dio do Plenus Col\u00e9gio e Curso participaram s\u00e1bado (30), de uma manh\u00e3 de preven\u00e7\u00e3o e combate ao bullying escolar.<\/p>\n<p style=\"text-align: justify;\">A abertura do Projeto &#8216;Maio Azul&#8217; come\u00e7ou com um caf\u00e9 da manh\u00e3 e foi seguido por uma s\u00e9rie de din\u00e2micas de intera\u00e7\u00e3o, troca de experi\u00eancias e uma palestra com o tema, &#8216;Bullying: as diferen\u00e7as se completam&#8217;. Foram abordados temas a exemplo do reconhecimento da pr\u00e1tica do bullying, da responsabilidade do agressor, das estrat\u00e9gias de combate \u00e0 pr\u00e1tica da agress\u00e3o e do aux\u00edlio \u00e0s v\u00edtimas.<\/p>\n<p style=\"text-align: justify;\">De acordo com o coordenador do Projeto e respons\u00e1vel pelo setor de Psicologia do Plenus, Bruno Ramos, em todo o m\u00eas de maio ser\u00e1 trabalhado o Projeto de Preven\u00e7\u00e3o e Combate ao Bullying Escolar com aplica\u00e7\u00e3o de pr\u00e1ticas pedag\u00f3gicas estrat\u00e9gicas que levem os estudantes a uma reflex\u00e3o sobre o que \u00e9 bullying. Ser\u00e3o desenvolvidas tamb\u00e9m atividades para identifica\u00e7\u00e3o dos tipos mais comuns, as consequ\u00eancias, e o mais importante, como tratar de forma adequada. Ser\u00e1 feito um trabalho de mobiliza\u00e7\u00e3o de professores, coordenadores e dos pr\u00f3prios alunos.<\/p>\n<p style=\"text-align: justify;\">Bruno, explicou ainda que durante o projeto, os alunos ir\u00e3o receber folhetos informativos, com orienta\u00e7\u00f5es sobre o assunto. No final das atividades, ser\u00e1 ministrada uma palestra para conscientiza\u00e7\u00e3o dos estudantes e dos pais.<\/p>\n<p style=\"text-align: justify;\">Para o professor da disciplina de Hist\u00f3ria, Gesner Santana Silva, a abertura do Projeto serviu de preparo para inicia\u00e7\u00e3o sobre o tema e a melhor forma de trat\u00e1-lo em sala de aula. \u201cEste foi o ponto de partida da palestra e por se tratar de um tema que merece aten\u00e7\u00e3o de todos o tempo inteiro. O projeto ser\u00e1 sempre movimentado com informa\u00e7\u00f5es, enriquecendo nosso conhecimento e atitudes na busca do conv\u00edvio escolar sadio, al\u00e9m de saber o momento certo de intervir em cada situa\u00e7\u00e3o\u201d, concluiu.<\/p>\n<p style=\"text-align: justify;\">Clas Comunica\u00e7\u00e3o e Marketing<\/p>\n","protected":false},"excerpt":{"rendered":"<p>Professores da Educa\u00e7\u00e3o Infantil I e II ao 3\u00b0 ano do Ensino M\u00e9dio do Plenus Col\u00e9gio e Curso participaram s\u00e1bado (30), de uma manh\u00e3 de preven\u00e7\u00e3o e combate ao bullying escolar. A abertura do Projeto &#8216;Maio Azul&#8217; come\u00e7ou com um caf\u00e9 da manh\u00e3 e foi seguido por uma s\u00e9rie de din\u00e2micas de intera\u00e7\u00e3o, troca de [&hellip;]<\/p>\n","protected":false},"author":1,"featured_media":36610,"comment_status":"closed","ping_status":"open","sticky":false,"template":"","format":"standard","meta":{"_uag_custom_page_level_css":"","_monsterinsights_skip_tracking":false,"_monsterinsights_sitenote_active":false,"_monsterinsights_sitenote_note":"","_monsterinsights_sitenote_category":0,"jetpack_post_was_ever_published":false,"_jetpack_newsletter_access":"","_jetpack_dont_email_post_to_subs":false,"_jetpack_newsletter_tier_id":0,"_jetpack_memberships_contains_paywalled_content":false,"_jetpack_memberships_contains_paid_content":false,"footnotes":"","jetpack_publicize_message":"","jetpack_publicize_feature_enabled":true,"jetpack_social_post_already_shared":true,"jetpack_social_options":{"image_generator_settings":{"template":"highway","default_image_id":0,"font":"","enabled":false},"version":2}},"categories":[851],"tags":[9288,9289,9286,9287,2604],"class_list":["post-36609","post","type-post","status-publish","format-standard","has-post-thumbnail","hentry","category-petrolina","tag-maio-azul","tag-bullvina-escolar","tag-escola-de-petrolina","tag-lanca-projeto","tag-prevencao-e-combate"],"jetpack_publicize_connections":[],"jetpack_featured_media_url":"https:\/\/blogopara.com.br\/wp-content\/uploads\/2022\/05\/WhatsApp-Image-2022-04-18-at-17.52.45.jpeg","uagb_featured_image_src":{"full":["https:\/\/blogopara.com.br\/wp-content\/uploads\/2022\/05\/WhatsApp-Image-2022-04-18-at-17.52.45.jpeg",500,333,false],"thumbnail":["https:\/\/blogopara.com.br\/wp-content\/uploads\/2022\/05\/WhatsApp-Image-2022-04-18-at-17.52.45-150x150.jpeg",150,150,true],"medium":["https:\/\/blogopara.com.br\/wp-content\/uploads\/2022\/05\/WhatsApp-Image-2022-04-18-at-17.52.45-300x200.jpeg",300,200,true],"medium_large":["https:\/\/blogopara.com.br\/wp-content\/uploads\/2022\/05\/WhatsApp-Image-2022-04-18-at-17.52.45.jpeg",500,333,false],"large":["https:\/\/blogopara.com.br\/wp-content\/uploads\/2022\/05\/WhatsApp-Image-2022-04-18-at-17.52.45.jpeg",500,333,false],"1536x1536":["https:\/\/blogopara.com.br\/wp-content\/uploads\/2022\/05\/WhatsApp-Image-2022-04-18-at-17.52.45.jpeg",500,333,false],"2048x2048":["https:\/\/blogopara.com.br\/wp-content\/uploads\/2022\/05\/WhatsApp-Image-2022-04-18-at-17.52.45.jpeg",500,333,false],"mantranews-slider-large":["https:\/\/blogopara.com.br\/wp-content\/uploads\/2022\/05\/WhatsApp-Image-2022-04-18-at-17.52.45.jpeg",500,333,false],"mantranews-featured-medium":["https:\/\/blogopara.com.br\/wp-content\/uploads\/2022\/05\/WhatsApp-Image-2022-04-18-at-17.52.45-420x307.jpeg",420,307,true],"mantranews-featured-long":["https:\/\/blogopara.com.br\/wp-content\/uploads\/2022\/05\/WhatsApp-Image-2022-04-18-at-17.52.45-300x333.jpeg",300,333,true],"mantranews-block-medium":["https:\/\/blogopara.com.br\/wp-content\/uploads\/2022\/05\/WhatsApp-Image-2022-04-18-at-17.52.45-464x290.jpeg",464,290,true],"mantranews-carousel-image":["https:\/\/blogopara.com.br\/wp-content\/uploads\/2022\/05\/WhatsApp-Image-2022-04-18-at-17.52.45.jpeg",500,333,false],"mantranews-block-thumb":["https:\/\/blogopara.com.br\/wp-content\/uploads\/2022\/05\/WhatsApp-Image-2022-04-18-at-17.52.45-322x230.jpeg",322,230,true],"mantranews-single-large":["https:\/\/blogopara.com.br\/wp-content\/uploads\/2022\/05\/WhatsApp-Image-2022-04-18-at-17.52.45.jpeg",500,333,false]},"uagb_author_info":{"display_name":"Reda\u00e7\u00e3o geral","author_link":"https:\/\/blogopara.com.br\/index.php\/author\/blogopara"},"uagb_comment_info":0,"uagb_excerpt":"Professores da Educa\u00e7\u00e3o Infantil I e II ao 3\u00b0 ano do Ensino M\u00e9dio do Plenus Col\u00e9gio e Curso participaram s\u00e1bado (30), de uma manh\u00e3 de preven\u00e7\u00e3o e combate ao bullying escolar. A abertura do Projeto &#8216;Maio Azul&#8217; come\u00e7ou com um caf\u00e9 da manh\u00e3 e foi seguido por uma s\u00e9rie de din\u00e2micas de intera\u00e7\u00e3o, troca de&hellip;","jetpack_sharing_enabled":true,"jetpack_likes_enabled":true,"_links":{"self":[{"href":"https:\/\/blogopara.com.br\/index.php\/wp-json\/wp\/v2\/posts\/36609","targetHints":{"allow":["GET"]}}],"collection":[{"href":"https:\/\/blogopara.com.br\/index.php\/wp-json\/wp\/v2\/posts"}],"about":[{"href":"https:\/\/blogopara.com.br\/index.php\/wp-json\/wp\/v2\/types\/post"}],"author":[{"embeddable":true,"href":"https:\/\/blogopara.com.br\/index.php\/wp-json\/wp\/v2\/users\/1"}],"replies":[{"embeddable":true,"href":"https:\/\/blogopara.com.br\/index.php\/wp-json\/wp\/v2\/comments?post=36609"}],"version-history":[{"count":1,"href":"https:\/\/blogopara.com.br\/index.php\/wp-json\/wp\/v2\/posts\/36609\/revisions"}],"predecessor-version":[{"id":36611,"href":"https:\/\/blogopara.com.br\/index.php\/wp-json\/wp\/v2\/posts\/36609\/revisions\/36611"}],"wp:featuredmedia":[{"embeddable":true,"href":"https:\/\/blogopara.com.br\/index.php\/wp-json\/wp\/v2\/media\/36610"}],"wp:attachment":[{"href":"https:\/\/blogopara.com.br\/index.php\/wp-json\/wp\/v2\/media?parent=36609"}],"wp:term":[{"taxonomy":"category","embeddable":true,"href":"https:\/\/blogopara.com.br\/index.php\/wp-json\/wp\/v2\/categories?post=36609"},{"taxonomy":"post_tag","embeddable":true,"href":"https:\/\/blogopara.com.br\/index.php\/wp-json\/wp\/v2\/tags?post=36609"}],"curies":[{"name":"wp","href":"https:\/\/api.w.org\/{rel}","templated":true}]}}