{"id":36882,"date":"2022-05-08T10:38:00","date_gmt":"2022-05-08T13:38:00","guid":{"rendered":"https:\/\/blogopara.com.br\/?p=36882"},"modified":"2022-05-08T09:27:40","modified_gmt":"2022-05-08T12:27:40","slug":"prefeita-suzana-ramos-e-codevasf-assinam-termo-de-cedencia-de-terreno-para-construcao-de-creche-de-alto-padrao-em-manicoba-2","status":"publish","type":"post","link":"https:\/\/blogopara.com.br\/index.php\/2022\/05\/08\/prefeita-suzana-ramos-e-codevasf-assinam-termo-de-cedencia-de-terreno-para-construcao-de-creche-de-alto-padrao-em-manicoba-2","title":{"rendered":"Prefeita Suzana Ramos e Codevasf assinam termo de ced\u00eancia de terreno para constru\u00e7\u00e3o de creche de alto padr\u00e3o em Mani\u00e7oba"},"content":{"rendered":"<p style=\"text-align: justify;\">O distrito de Mani\u00e7oba, em Juazeiro, ir\u00e1 ganhar uma creche pr\u00f3pria para atender com mais conforto e qualidade a comunidade, que atualmente utiliza pr\u00e9dio alugado para realiza\u00e7\u00e3o das atividades.<\/p>\n<p style=\"text-align: justify;\">Nesta sexta-feira (06), a prefeita de Juazeiro, Suzana Ramos, assinou o Termo de cess\u00e3o de direito real de uso gratuito de um terreno cedido pela Codevasf, para a constru\u00e7\u00e3o da nova creche. A assinatura aconteceu no Audit\u00f3rio do Per\u00edmetro do distrito e contou com a participa\u00e7\u00e3o de diversas autoridades.<\/p>\n<p style=\"text-align: justify;\">Al\u00e9m da prefeita Suzana Ramos, tamb\u00e9m integraram a mesa de abertura do evento, a secret\u00e1ria de Educa\u00e7\u00e3o e Juventude, Normeide Almeida; o assessor especial de \u00a0governo, Rivas Esp\u00ednola Ramos; o superintendente regional da Codevasf em Juazeiro, Miled Cussa Filho; o gerente \u00a0executivo do Distrito de Irriga\u00e7\u00e3o de Mani\u00e7oba (Dim), Valter Matias de Alencar; e o vereador e vice-presidente da C\u00e2mara Municipal de Vereadores, Gild\u00e1sio Bar\u00e3o.<\/p>\n<p style=\"text-align: justify;\">O terreno cedido pela Codevasf contempla uma \u00e1rea de 2500 m\u00b2, com capacidade de atendimento para mais de 370 crian\u00e7as em diferentes turnos, e na modalidade integral, 188 alunos, obedecendo ao projeto padr\u00e3o de educa\u00e7\u00e3o infantil estabelecido pelo Fundo Nacional do Desenvolvimento da Educa\u00e7\u00e3o (FNDE), vinculado ao Minist\u00e9rio da Educa\u00e7\u00e3o (Mec). A constru\u00e7\u00e3o da creche de Mani\u00e7oba contempla o maior modelo de financiamento do Mec e ser\u00e1 viabilizada atrav\u00e9s de recursos de emenda parlamentar j\u00e1 concedida ao munic\u00edpio, no valor de aproximadamente R$6 milh\u00f5es.<\/p>\n<p style=\"text-align: justify;\">A prefeita Suzana Ramos destacou a import\u00e2ncia das parcerias e ressaltou os investimentos que j\u00e1 v\u00eam sendo realizados na educa\u00e7\u00e3o municipal. &#8220;Essa \u00e9 mais uma a\u00e7\u00e3o da gest\u00e3o que conseguiu em pouco mais de um ano, entregar mais de 20 escolas requalificadas. A ced\u00eancia deste terreno da Codevasf, para constru\u00e7\u00e3o da creche pr\u00f3pria aqui no distrito, \u00e9 o resultado de um esfor\u00e7o que permitiu concretizar uma a\u00e7\u00e3o que j\u00e1 esperava h\u00e1 bastante tempo para se efetivar&#8221;, enfatizou a prefeita.<\/p>\n<p style=\"text-align: justify;\">A secret\u00e1ria Normeide tamb\u00e9m falou sobre a import\u00e2ncia da parceria com a Codevasf para constru\u00e7\u00e3o de mais um equipamento p\u00fablico no munic\u00edpio. &#8220;Para que n\u00f3s realiz\u00e1ssemos esse sonho da comunidade, foi necess\u00e1ria essa parceria de grande import\u00e2ncia com a Codevasf, que hoje est\u00e1 garantindo a ced\u00eancia do terreno que possui \u00e1rea em torno de 2500 m\u00b2, e que vai nos garantir a viabilidade da constru\u00e7\u00e3o desta Emei&#8221;, explicou a secret\u00e1ria.<\/p>\n<p style=\"text-align: justify;\">J\u00e1 o superintendente regional da Codevasf em Juazeiro, Miled Cussa Filho, ressaltou a import\u00e2ncia dos investimentos no per\u00edmetro irrigado. &#8220;\u00c9 um benef\u00edcio imenso para a comunidade de Mani\u00e7oba que hoje \u00e9 o distrito mais organizado da Codevasf. \u00c9 um ganho social muito grande. A prefeita ter colocado esse recurso aqui no distrito tamb\u00e9m \u00e9 de extrema import\u00e2ncia&#8221;, explicou Filho.<\/p>\n<p style=\"text-align: justify;\">Tamb\u00e9m prestigiaram o evento, os secret\u00e1rios Assis da Apolo (Adeap), S\u00e9rgio Fernandes (Seculte), Anderson Freire (Sedur), Wendell Ara\u00fajo (Sead), Ciro Viana (Sefaz), Fernanda Barros (Secom), o diretor-presidente da CSTT, Ten\u00f3rio Filho, o diretor-executivo do IPJ, Marcos Jorge, o procurador geral do munic\u00edpio, Thiago Cordeiro, o chefe de Gabinete, Allan Jones, o vereador Jean Gomes, e representantes do Dim e da comunidade e da Codevasf.<\/p>\n<p style=\"text-align: justify;\">\n<p style=\"text-align: justify;\">Ascom\/Seduc\/PMJ<\/p>\n","protected":false},"excerpt":{"rendered":"<p>O distrito de Mani\u00e7oba, em Juazeiro, ir\u00e1 ganhar uma creche pr\u00f3pria para atender com mais conforto e qualidade a comunidade, que atualmente utiliza pr\u00e9dio alugado para realiza\u00e7\u00e3o das atividades. Nesta sexta-feira (06), a prefeita de Juazeiro, Suzana Ramos, assinou o Termo de cess\u00e3o de direito real de uso gratuito de um terreno cedido pela Codevasf, [&hellip;]<\/p>\n","protected":false},"author":1,"featured_media":36883,"comment_status":"closed","ping_status":"open","sticky":false,"template":"","format":"standard","meta":{"_uag_custom_page_level_css":"","_monsterinsights_skip_tracking":false,"_monsterinsights_sitenote_active":false,"_monsterinsights_sitenote_note":"","_monsterinsights_sitenote_category":0,"jetpack_post_was_ever_published":false,"_jetpack_newsletter_access":"","_jetpack_dont_email_post_to_subs":false,"_jetpack_newsletter_tier_id":0,"_jetpack_memberships_contains_paywalled_content":false,"_jetpack_memberships_contains_paid_content":false,"footnotes":"","jetpack_publicize_message":"","jetpack_publicize_feature_enabled":true,"jetpack_social_post_already_shared":true,"jetpack_social_options":{"image_generator_settings":{"template":"highway","default_image_id":0,"font":"","enabled":false},"version":2}},"categories":[203],"tags":[9389,547,9390,5195,3946],"class_list":["post-36882","post","type-post","status-publish","format-standard","has-post-thumbnail","hentry","category-juazeiro","tag-assinam-termo-de-cedencia","tag-codevasf","tag-construcao-de-creche","tag-prefeita-suzana-ramos","tag-terreno"],"jetpack_publicize_connections":[],"jetpack_featured_media_url":"https:\/\/blogopara.com.br\/wp-content\/uploads\/2022\/05\/assintatura.jpg","uagb_featured_image_src":{"full":["https:\/\/blogopara.com.br\/wp-content\/uploads\/2022\/05\/assintatura.jpg",500,333,false],"thumbnail":["https:\/\/blogopara.com.br\/wp-content\/uploads\/2022\/05\/assintatura-150x150.jpg",150,150,true],"medium":["https:\/\/blogopara.com.br\/wp-content\/uploads\/2022\/05\/assintatura-300x200.jpg",300,200,true],"medium_large":["https:\/\/blogopara.com.br\/wp-content\/uploads\/2022\/05\/assintatura.jpg",500,333,false],"large":["https:\/\/blogopara.com.br\/wp-content\/uploads\/2022\/05\/assintatura.jpg",500,333,false],"1536x1536":["https:\/\/blogopara.com.br\/wp-content\/uploads\/2022\/05\/assintatura.jpg",500,333,false],"2048x2048":["https:\/\/blogopara.com.br\/wp-content\/uploads\/2022\/05\/assintatura.jpg",500,333,false],"mantranews-slider-large":["https:\/\/blogopara.com.br\/wp-content\/uploads\/2022\/05\/assintatura.jpg",500,333,false],"mantranews-featured-medium":["https:\/\/blogopara.com.br\/wp-content\/uploads\/2022\/05\/assintatura-420x307.jpg",420,307,true],"mantranews-featured-long":["https:\/\/blogopara.com.br\/wp-content\/uploads\/2022\/05\/assintatura-300x333.jpg",300,333,true],"mantranews-block-medium":["https:\/\/blogopara.com.br\/wp-content\/uploads\/2022\/05\/assintatura-464x290.jpg",464,290,true],"mantranews-carousel-image":["https:\/\/blogopara.com.br\/wp-content\/uploads\/2022\/05\/assintatura.jpg",500,333,false],"mantranews-block-thumb":["https:\/\/blogopara.com.br\/wp-content\/uploads\/2022\/05\/assintatura-322x230.jpg",322,230,true],"mantranews-single-large":["https:\/\/blogopara.com.br\/wp-content\/uploads\/2022\/05\/assintatura.jpg",500,333,false]},"uagb_author_info":{"display_name":"Reda\u00e7\u00e3o geral","author_link":"https:\/\/blogopara.com.br\/index.php\/author\/blogopara"},"uagb_comment_info":0,"uagb_excerpt":"O distrito de Mani\u00e7oba, em Juazeiro, ir\u00e1 ganhar uma creche pr\u00f3pria para atender com mais conforto e qualidade a comunidade, que atualmente utiliza pr\u00e9dio alugado para realiza\u00e7\u00e3o das atividades. Nesta sexta-feira (06), a prefeita de Juazeiro, Suzana Ramos, assinou o Termo de cess\u00e3o de direito real de uso gratuito de um terreno cedido pela Codevasf,&hellip;","jetpack_sharing_enabled":true,"jetpack_likes_enabled":true,"_links":{"self":[{"href":"https:\/\/blogopara.com.br\/index.php\/wp-json\/wp\/v2\/posts\/36882","targetHints":{"allow":["GET"]}}],"collection":[{"href":"https:\/\/blogopara.com.br\/index.php\/wp-json\/wp\/v2\/posts"}],"about":[{"href":"https:\/\/blogopara.com.br\/index.php\/wp-json\/wp\/v2\/types\/post"}],"author":[{"embeddable":true,"href":"https:\/\/blogopara.com.br\/index.php\/wp-json\/wp\/v2\/users\/1"}],"replies":[{"embeddable":true,"href":"https:\/\/blogopara.com.br\/index.php\/wp-json\/wp\/v2\/comments?post=36882"}],"version-history":[{"count":1,"href":"https:\/\/blogopara.com.br\/index.php\/wp-json\/wp\/v2\/posts\/36882\/revisions"}],"predecessor-version":[{"id":36884,"href":"https:\/\/blogopara.com.br\/index.php\/wp-json\/wp\/v2\/posts\/36882\/revisions\/36884"}],"wp:featuredmedia":[{"embeddable":true,"href":"https:\/\/blogopara.com.br\/index.php\/wp-json\/wp\/v2\/media\/36883"}],"wp:attachment":[{"href":"https:\/\/blogopara.com.br\/index.php\/wp-json\/wp\/v2\/media?parent=36882"}],"wp:term":[{"taxonomy":"category","embeddable":true,"href":"https:\/\/blogopara.com.br\/index.php\/wp-json\/wp\/v2\/categories?post=36882"},{"taxonomy":"post_tag","embeddable":true,"href":"https:\/\/blogopara.com.br\/index.php\/wp-json\/wp\/v2\/tags?post=36882"}],"curies":[{"name":"wp","href":"https:\/\/api.w.org\/{rel}","templated":true}]}}