{"id":36901,"date":"2022-05-09T08:46:00","date_gmt":"2022-05-09T11:46:00","guid":{"rendered":"https:\/\/blogopara.com.br\/?p=36901"},"modified":"2022-05-09T08:49:20","modified_gmt":"2022-05-09T11:49:20","slug":"motorista-de-conrado-e-aleksandro-e-investigado-por-homicidio-e-lesao-corporal-culposa","status":"publish","type":"post","link":"https:\/\/blogopara.com.br\/index.php\/2022\/05\/09\/motorista-de-conrado-e-aleksandro-e-investigado-por-homicidio-e-lesao-corporal-culposa","title":{"rendered":"Motorista de Conrado e Aleksandro \u00e9 investigado por homic\u00eddio e les\u00e3o corporal culposa"},"content":{"rendered":"<p style=\"text-align: justify;\">O motorista do \u00f4nibus da dupla sertaneja\u00a0<strong>Conrado e Aleksandro<\/strong>\u00a0ser\u00e1 investigado por\u00a0<strong>homic\u00eddio\u00a0<\/strong>e\u00a0<strong>les\u00e3o corporal culposa<\/strong>\u00a0na dire\u00e7\u00e3o de ve\u00edculo automotor, segundo a pol\u00edcia civil do estado de\u00a0<strong>S\u00e3o Paulo<\/strong>.<\/p>\n<div class=\"teads-inread sm-screen\" style=\"text-align: justify;\">\n<div>\n<div class=\"teads-ui-components-label\"><\/div>\n<div id=\"teads0\" class=\"teads-player\"><span style=\"color: initial; font-size: revert;\">Ainda segundo a pol\u00edcia, o local do acidente, na <\/span><strong style=\"color: initial; font-size: revert;\">Rodovia Regis Bittencourt<\/strong><span style=\"color: initial; font-size: revert;\">, na altura da cidade de\u00a0<\/span><strong style=\"color: initial; font-size: revert;\">Miracatu<\/strong><span style=\"color: initial; font-size: revert;\">, foi periciado. Os sobreviventes do acidente, que deixou seis mortos, entre eles o cantor Aleksandro, foram ouvidas.<\/span><\/div>\n<\/div>\n<\/div>\n<p style=\"text-align: justify;\">Aleksandro, Conrado, nome art\u00edstico de Jo\u00e3o Vitor Moreira Sales, e mais 17 pessoas viajavam no \u00f4nibus da dupla sertaneja saindo de Tijucas do Sul, no Paran\u00e1, com destino a S\u00e3o Pedro, munic\u00edpio de S\u00e3o Paulo, onde fariam show na noite de s\u00e1bado (7). Por volta das 10h30, no quil\u00f4metro 402 da Rodovia R\u00e9gis Bittencourt, no munic\u00edpio de Miracatu, o motorista perdeu o controle do ve\u00edculo, que tombou.<\/p>\n<p style=\"text-align: justify;\">Segundo os bombeiros, foi ouvida uma forte explos\u00e3o, o que indicaria que um dos pneus furou e isso levou \u00e0 perda de controle da dire\u00e7\u00e3o. Uma das hip\u00f3teses \u00e9 que o para-choque dianteiro teria se soltado por conta de um desn\u00edvel na estrada e provocado um rasgo no pneu. Depois disso, o motorista perdeu o controle da dire\u00e7\u00e3o, o \u00f4nibus saiu da pista, caiu no canteiro central e tombou.<\/p>\n<p style=\"text-align: justify;\">Segundo a Pol\u00edcia Rodovi\u00e1ria Federal, o acidente foi causado pela explos\u00e3o do pneu dianteiro esquerdo do \u00f4nibus.<\/p>\n<div>\n<div style=\"text-align: justify;\"><\/div>\n<div>\n<div id=\"intext2\" class=\"div-gpt-ad\" data-sizes=\"336x280,300x250,250x250\" data-google-query-id=\"CODbseip0vcCFQGNlQIdfbwAxg\">\n<div id=\"google_ads_iframe_\/88816410\/folhape\/cultura_1__container__\" style=\"text-align: justify;\"><span style=\"font-size: revert; color: initial;\">Segundo a assessoria de imprensa da dupla, al\u00e9m do cantor Luiz Aleksandro Talhari Correia, os m\u00fasicos Wisley Aliston Roberto Novais, Marzio Allan Anibal e Roger Aleixo Calgnoto est\u00e3o entre as v\u00edtimas fatais do acidente. Tamb\u00e9m morreram no local o roadie Giovani Gabriel Lopes dos Santos e o t\u00e9cnico de luz Gabriel Fukuda. Jo\u00e3o Vitor est\u00e1 internado na UTI do Hospital Regional de Registro em estado grave.<\/span><\/div>\n<\/div>\n<div><\/div>\n<div>Por<strong>\u00a0Ag\u00eancia O Globo<\/strong><\/div>\n<\/div>\n<\/div>\n","protected":false},"excerpt":{"rendered":"<p>O motorista do \u00f4nibus da dupla sertaneja\u00a0Conrado e Aleksandro\u00a0ser\u00e1 investigado por\u00a0homic\u00eddio\u00a0e\u00a0les\u00e3o corporal culposa\u00a0na dire\u00e7\u00e3o de ve\u00edculo automotor, segundo a pol\u00edcia civil do estado de\u00a0S\u00e3o Paulo. Ainda segundo a pol\u00edcia, o local do acidente, na Rodovia Regis Bittencourt, na altura da cidade de\u00a0Miracatu, foi periciado. Os sobreviventes do acidente, que deixou seis mortos, entre eles o [&hellip;]<\/p>\n","protected":false},"author":1,"featured_media":36907,"comment_status":"closed","ping_status":"open","sticky":false,"template":"","format":"standard","meta":{"_uag_custom_page_level_css":"","_monsterinsights_skip_tracking":false,"_monsterinsights_sitenote_active":false,"_monsterinsights_sitenote_note":"","_monsterinsights_sitenote_category":0,"jetpack_post_was_ever_published":false,"_jetpack_newsletter_access":"","_jetpack_dont_email_post_to_subs":false,"_jetpack_newsletter_tier_id":0,"_jetpack_memberships_contains_paywalled_content":false,"_jetpack_memberships_contains_paid_content":false,"footnotes":"","jetpack_publicize_message":"","jetpack_publicize_feature_enabled":true,"jetpack_social_post_already_shared":true,"jetpack_social_options":{"image_generator_settings":{"template":"highway","default_image_id":0,"font":"","enabled":false},"version":2}},"categories":[200],"tags":[1195,3433,9403,9401],"class_list":["post-36901","post","type-post","status-publish","format-standard","has-post-thumbnail","hentry","category-brasil","tag-homicidio","tag-investigado","tag-lesao-corporal-culposa","tag-motorista-de-conrado-e-aleksandro"],"jetpack_publicize_connections":[],"jetpack_featured_media_url":"https:\/\/blogopara.com.br\/wp-content\/uploads\/2022\/05\/screenshot-18-1.jpg","uagb_featured_image_src":{"full":["https:\/\/blogopara.com.br\/wp-content\/uploads\/2022\/05\/screenshot-18-1.jpg",500,232,false],"thumbnail":["https:\/\/blogopara.com.br\/wp-content\/uploads\/2022\/05\/screenshot-18-1-150x150.jpg",150,150,true],"medium":["https:\/\/blogopara.com.br\/wp-content\/uploads\/2022\/05\/screenshot-18-1-300x139.jpg",300,139,true],"medium_large":["https:\/\/blogopara.com.br\/wp-content\/uploads\/2022\/05\/screenshot-18-1.jpg",500,232,false],"large":["https:\/\/blogopara.com.br\/wp-content\/uploads\/2022\/05\/screenshot-18-1.jpg",500,232,false],"1536x1536":["https:\/\/blogopara.com.br\/wp-content\/uploads\/2022\/05\/screenshot-18-1.jpg",500,232,false],"2048x2048":["https:\/\/blogopara.com.br\/wp-content\/uploads\/2022\/05\/screenshot-18-1.jpg",500,232,false],"mantranews-slider-large":["https:\/\/blogopara.com.br\/wp-content\/uploads\/2022\/05\/screenshot-18-1.jpg",500,232,false],"mantranews-featured-medium":["https:\/\/blogopara.com.br\/wp-content\/uploads\/2022\/05\/screenshot-18-1-420x232.jpg",420,232,true],"mantranews-featured-long":["https:\/\/blogopara.com.br\/wp-content\/uploads\/2022\/05\/screenshot-18-1-300x232.jpg",300,232,true],"mantranews-block-medium":["https:\/\/blogopara.com.br\/wp-content\/uploads\/2022\/05\/screenshot-18-1-464x232.jpg",464,232,true],"mantranews-carousel-image":["https:\/\/blogopara.com.br\/wp-content\/uploads\/2022\/05\/screenshot-18-1.jpg",500,232,false],"mantranews-block-thumb":["https:\/\/blogopara.com.br\/wp-content\/uploads\/2022\/05\/screenshot-18-1-322x230.jpg",322,230,true],"mantranews-single-large":["https:\/\/blogopara.com.br\/wp-content\/uploads\/2022\/05\/screenshot-18-1.jpg",500,232,false]},"uagb_author_info":{"display_name":"Reda\u00e7\u00e3o geral","author_link":"https:\/\/blogopara.com.br\/index.php\/author\/blogopara"},"uagb_comment_info":0,"uagb_excerpt":"O motorista do \u00f4nibus da dupla sertaneja\u00a0Conrado e Aleksandro\u00a0ser\u00e1 investigado por\u00a0homic\u00eddio\u00a0e\u00a0les\u00e3o corporal culposa\u00a0na dire\u00e7\u00e3o de ve\u00edculo automotor, segundo a pol\u00edcia civil do estado de\u00a0S\u00e3o Paulo. Ainda segundo a pol\u00edcia, o local do acidente, na Rodovia Regis Bittencourt, na altura da cidade de\u00a0Miracatu, foi periciado. Os sobreviventes do acidente, que deixou seis mortos, entre eles o&hellip;","jetpack_sharing_enabled":true,"jetpack_likes_enabled":true,"_links":{"self":[{"href":"https:\/\/blogopara.com.br\/index.php\/wp-json\/wp\/v2\/posts\/36901","targetHints":{"allow":["GET"]}}],"collection":[{"href":"https:\/\/blogopara.com.br\/index.php\/wp-json\/wp\/v2\/posts"}],"about":[{"href":"https:\/\/blogopara.com.br\/index.php\/wp-json\/wp\/v2\/types\/post"}],"author":[{"embeddable":true,"href":"https:\/\/blogopara.com.br\/index.php\/wp-json\/wp\/v2\/users\/1"}],"replies":[{"embeddable":true,"href":"https:\/\/blogopara.com.br\/index.php\/wp-json\/wp\/v2\/comments?post=36901"}],"version-history":[{"count":1,"href":"https:\/\/blogopara.com.br\/index.php\/wp-json\/wp\/v2\/posts\/36901\/revisions"}],"predecessor-version":[{"id":36908,"href":"https:\/\/blogopara.com.br\/index.php\/wp-json\/wp\/v2\/posts\/36901\/revisions\/36908"}],"wp:featuredmedia":[{"embeddable":true,"href":"https:\/\/blogopara.com.br\/index.php\/wp-json\/wp\/v2\/media\/36907"}],"wp:attachment":[{"href":"https:\/\/blogopara.com.br\/index.php\/wp-json\/wp\/v2\/media?parent=36901"}],"wp:term":[{"taxonomy":"category","embeddable":true,"href":"https:\/\/blogopara.com.br\/index.php\/wp-json\/wp\/v2\/categories?post=36901"},{"taxonomy":"post_tag","embeddable":true,"href":"https:\/\/blogopara.com.br\/index.php\/wp-json\/wp\/v2\/tags?post=36901"}],"curies":[{"name":"wp","href":"https:\/\/api.w.org\/{rel}","templated":true}]}}