{"id":36919,"date":"2022-05-09T11:48:00","date_gmt":"2022-05-09T14:48:00","guid":{"rendered":"https:\/\/blogopara.com.br\/?p=36919"},"modified":"2022-05-09T09:43:18","modified_gmt":"2022-05-09T12:43:18","slug":"dois-policiais-militares-foram-mortos-no-retorno-do-velorio-de-colega-em-cajazeiras","status":"publish","type":"post","link":"https:\/\/blogopara.com.br\/index.php\/2022\/05\/09\/dois-policiais-militares-foram-mortos-no-retorno-do-velorio-de-colega-em-cajazeiras","title":{"rendered":"Dois policiais militares foram mortos, no retorno do vel\u00f3rio de colega,  em Salvador"},"content":{"rendered":"<div class=\"tdb-block-inner td-fix-index\">\n<p style=\"text-align: justify;\">Dois policiais militares da 3\u00aaCIPM foram foram v\u00edtimas de homic\u00eddios, na noite deste domingo (08), no bairro de Cajazeiras, em Salvador. A ocorr\u00eancia foi por volta das 19h10, pr\u00f3ximo da localidade conhecida como \u2018Invas\u00e3o da Independ\u00eancia\u2019. Eles retornavam do vel\u00f3rio do colega, soldado Meneses, que foi morto por traficantes no dia anterior, em \u00c1guas Claras.\u00a0 S\u00f3 nas \u00faltimas 24h\u00a0 foram tr\u00eas policiais mortos na regi\u00e3o.<\/p>\n<div class=\"td-a-ad id_inline_ad0 id_ad_content-horiz-left\">\n<div class=\"clever-core-ads\" style=\"text-align: justify;\">\n<div id=\"clever-21982-expandable-banner-left-0\">\n<div id=\"clever-21982-expandable-banner-left-0-box\">\n<div id=\"clever-21982-expandable-banner-left-0-inner-box\"><span style=\"font-size: revert; color: initial;\">De acordo com o Informe Baiano, os soldados Vieira Cruz e Shanderson j\u00e1 estavam trabalhando e foram surpreendidos por bandidos que dispararam tiros contra a viatura. Ambos foram socorridos ao Hospital Municipal de Salvador (HMS), mas n\u00e3o resistiram. A regi\u00e3o est\u00e1 com um grande n\u00famero de viaturas e os integrantes da institui\u00e7\u00e3o est\u00e3o revoltados, exigindo uma resposta do Governo do Estado.<\/span><\/div>\n<\/div>\n<\/div>\n<\/div>\n<p style=\"text-align: justify;\">Ontem, na mesma regi\u00e3o, outros dois policiais foram baleados e ,um deles, tamb\u00e9m veio a \u00f3bito.<\/p>\n<p style=\"text-align: justify;\">\n<\/div>\n<\/div>\n","protected":false},"excerpt":{"rendered":"<p>Dois policiais militares da 3\u00aaCIPM foram foram v\u00edtimas de homic\u00eddios, na noite deste domingo (08), no bairro de Cajazeiras, em Salvador. A ocorr\u00eancia foi por volta das 19h10, pr\u00f3ximo da localidade conhecida como \u2018Invas\u00e3o da Independ\u00eancia\u2019. Eles retornavam do vel\u00f3rio do colega, soldado Meneses, que foi morto por traficantes no dia anterior, em \u00c1guas Claras.\u00a0 [&hellip;]<\/p>\n","protected":false},"author":1,"featured_media":36920,"comment_status":"closed","ping_status":"open","sticky":false,"template":"","format":"standard","meta":{"_uag_custom_page_level_css":"","_monsterinsights_skip_tracking":false,"_monsterinsights_sitenote_active":false,"_monsterinsights_sitenote_note":"","_monsterinsights_sitenote_category":0,"jetpack_post_was_ever_published":false,"_jetpack_newsletter_access":"","_jetpack_dont_email_post_to_subs":false,"_jetpack_newsletter_tier_id":0,"_jetpack_memberships_contains_paywalled_content":false,"_jetpack_memberships_contains_paid_content":false,"footnotes":"","jetpack_publicize_message":"","jetpack_publicize_feature_enabled":true,"jetpack_social_post_already_shared":true,"jetpack_social_options":{"image_generator_settings":{"template":"highway","default_image_id":0,"font":"","enabled":false},"version":2}},"categories":[199],"tags":[8781,7284,2336,9405],"class_list":["post-36919","post","type-post","status-publish","format-standard","has-post-thumbnail","hentry","category-bahia","tag-colega","tag-mortos-por-covid","tag-policiais-militares","tag-retorno-de-veloria"],"jetpack_publicize_connections":[],"jetpack_featured_media_url":"https:\/\/blogopara.com.br\/wp-content\/uploads\/2022\/05\/policiais-baleados-Cajazeiras-696x505-1.webp","uagb_featured_image_src":{"full":["https:\/\/blogopara.com.br\/wp-content\/uploads\/2022\/05\/policiais-baleados-Cajazeiras-696x505-1.webp",696,505,false],"thumbnail":["https:\/\/blogopara.com.br\/wp-content\/uploads\/2022\/05\/policiais-baleados-Cajazeiras-696x505-1-150x150.webp",150,150,true],"medium":["https:\/\/blogopara.com.br\/wp-content\/uploads\/2022\/05\/policiais-baleados-Cajazeiras-696x505-1-300x218.webp",300,218,true],"medium_large":["https:\/\/blogopara.com.br\/wp-content\/uploads\/2022\/05\/policiais-baleados-Cajazeiras-696x505-1.webp",640,464,false],"large":["https:\/\/blogopara.com.br\/wp-content\/uploads\/2022\/05\/policiais-baleados-Cajazeiras-696x505-1.webp",640,464,false],"1536x1536":["https:\/\/blogopara.com.br\/wp-content\/uploads\/2022\/05\/policiais-baleados-Cajazeiras-696x505-1.webp",696,505,false],"2048x2048":["https:\/\/blogopara.com.br\/wp-content\/uploads\/2022\/05\/policiais-baleados-Cajazeiras-696x505-1.webp",696,505,false],"mantranews-slider-large":["https:\/\/blogopara.com.br\/wp-content\/uploads\/2022\/05\/policiais-baleados-Cajazeiras-696x505-1.webp",696,505,false],"mantranews-featured-medium":["https:\/\/blogopara.com.br\/wp-content\/uploads\/2022\/05\/policiais-baleados-Cajazeiras-696x505-1-420x307.webp",420,307,true],"mantranews-featured-long":["https:\/\/blogopara.com.br\/wp-content\/uploads\/2022\/05\/policiais-baleados-Cajazeiras-696x505-1-300x443.webp",300,443,true],"mantranews-block-medium":["https:\/\/blogopara.com.br\/wp-content\/uploads\/2022\/05\/policiais-baleados-Cajazeiras-696x505-1-464x290.webp",464,290,true],"mantranews-carousel-image":["https:\/\/blogopara.com.br\/wp-content\/uploads\/2022\/05\/policiais-baleados-Cajazeiras-696x505-1-600x500.webp",600,500,true],"mantranews-block-thumb":["https:\/\/blogopara.com.br\/wp-content\/uploads\/2022\/05\/policiais-baleados-Cajazeiras-696x505-1-322x230.webp",322,230,true],"mantranews-single-large":["https:\/\/blogopara.com.br\/wp-content\/uploads\/2022\/05\/policiais-baleados-Cajazeiras-696x505-1.webp",696,505,false]},"uagb_author_info":{"display_name":"Reda\u00e7\u00e3o geral","author_link":"https:\/\/blogopara.com.br\/index.php\/author\/blogopara"},"uagb_comment_info":0,"uagb_excerpt":"Dois policiais militares da 3\u00aaCIPM foram foram v\u00edtimas de homic\u00eddios, na noite deste domingo (08), no bairro de Cajazeiras, em Salvador. A ocorr\u00eancia foi por volta das 19h10, pr\u00f3ximo da localidade conhecida como \u2018Invas\u00e3o da Independ\u00eancia\u2019. Eles retornavam do vel\u00f3rio do colega, soldado Meneses, que foi morto por traficantes no dia anterior, em \u00c1guas Claras.\u00a0&hellip;","jetpack_sharing_enabled":true,"jetpack_likes_enabled":true,"_links":{"self":[{"href":"https:\/\/blogopara.com.br\/index.php\/wp-json\/wp\/v2\/posts\/36919","targetHints":{"allow":["GET"]}}],"collection":[{"href":"https:\/\/blogopara.com.br\/index.php\/wp-json\/wp\/v2\/posts"}],"about":[{"href":"https:\/\/blogopara.com.br\/index.php\/wp-json\/wp\/v2\/types\/post"}],"author":[{"embeddable":true,"href":"https:\/\/blogopara.com.br\/index.php\/wp-json\/wp\/v2\/users\/1"}],"replies":[{"embeddable":true,"href":"https:\/\/blogopara.com.br\/index.php\/wp-json\/wp\/v2\/comments?post=36919"}],"version-history":[{"count":2,"href":"https:\/\/blogopara.com.br\/index.php\/wp-json\/wp\/v2\/posts\/36919\/revisions"}],"predecessor-version":[{"id":36922,"href":"https:\/\/blogopara.com.br\/index.php\/wp-json\/wp\/v2\/posts\/36919\/revisions\/36922"}],"wp:featuredmedia":[{"embeddable":true,"href":"https:\/\/blogopara.com.br\/index.php\/wp-json\/wp\/v2\/media\/36920"}],"wp:attachment":[{"href":"https:\/\/blogopara.com.br\/index.php\/wp-json\/wp\/v2\/media?parent=36919"}],"wp:term":[{"taxonomy":"category","embeddable":true,"href":"https:\/\/blogopara.com.br\/index.php\/wp-json\/wp\/v2\/categories?post=36919"},{"taxonomy":"post_tag","embeddable":true,"href":"https:\/\/blogopara.com.br\/index.php\/wp-json\/wp\/v2\/tags?post=36919"}],"curies":[{"name":"wp","href":"https:\/\/api.w.org\/{rel}","templated":true}]}}