{"id":36926,"date":"2022-05-09T14:47:00","date_gmt":"2022-05-09T17:47:00","guid":{"rendered":"https:\/\/blogopara.com.br\/?p=36926"},"modified":"2022-05-09T12:57:23","modified_gmt":"2022-05-09T15:57:23","slug":"rui-costa-se-cala-apos-bahia-ter-tres-policiais-mortos-em-menos-de-24-horas-e-foca-em-pre-campanha-de-lula","status":"publish","type":"post","link":"https:\/\/blogopara.com.br\/index.php\/2022\/05\/09\/rui-costa-se-cala-apos-bahia-ter-tres-policiais-mortos-em-menos-de-24-horas-e-foca-em-pre-campanha-de-lula","title":{"rendered":"Rui Costa se cala ap\u00f3s Bahia ter tr\u00eas policiais mortos em menos de 24 horas e foca em pr\u00e9-campanha de Lula"},"content":{"rendered":"<p style=\"text-align: justify;\">At\u00e9 o presente momento da publica\u00e7\u00e3o desta mat\u00e9ria, o governador Rui Costa (PT) n\u00e3o se manifestou sobre as mortes de tr\u00eas policiais militares que foram assassinados por criminosos em Salvador neste final de semana.<\/p>\n<p style=\"text-align: justify;\">Na conta do governador no Twitter e no Instagram, as publica\u00e7\u00f5es est\u00e3o focadas na pr\u00e9-campanha do ex-presidente Lula, que na semana passada disse que \u201cBolsonaro n\u00e3o gosta de gente, ele gosta de policial\u201d.<\/p>\n<p style=\"text-align: justify;\">No mesmo per\u00edodo de tempo, Rui, e entrevista coletiva \u00e0 imprensa, indicou a discuss\u00e3o da legaliza\u00e7\u00e3o das drogas, afirmando que \u201co tr\u00e1fico gera empregos para jovens\u201d.<\/p>\n<p style=\"text-align: justify;\">Dois policiais militares foram mortos na Rua Vereador Zezeu Ribeiro, no bairro da Fazenda Grande I, em Salvador, enquanto voltavam do vel\u00f3rio do soldado Alexandre Menezes, na noite de domingo (8). A dupla estava \u00e0 paisana.<\/p>\n<p style=\"text-align: justify;\">As v\u00edtimas s\u00e3o Vitor Vieira Ferreira Cruz e Sanderson Lopes Ferreira. Moradores da regi\u00e3o chamaram a Pol\u00edcia Militar e o Servi\u00e7o de Atendimento M\u00f3vel de Urg\u00eancia (Samu), que prestou atendimento e socorreu os dois PMs para o Hospital Municipal de Salvador. Eles n\u00e3o resistiram aos ferimentos.<\/p>\n<p style=\"text-align: justify;\">O soldado Alexandre morreu ap\u00f3s trocar tiros contra homens armados na Rua Ulisses Guimar\u00e3es, no bairro de \u00c1guas Claras, no final da noite de s\u00e1bado (7). Ele estava junto com a equipe fazendo rondas na regi\u00e3o, quando foram surpreendidos por homens que atiraram na dire\u00e7\u00e3o da viatura.<\/p>\n<p style=\"text-align: justify;\">\n<p style=\"text-align: justify;\">Bradojornal<\/p>\n","protected":false},"excerpt":{"rendered":"<p>At\u00e9 o presente momento da publica\u00e7\u00e3o desta mat\u00e9ria, o governador Rui Costa (PT) n\u00e3o se manifestou sobre as mortes de tr\u00eas policiais militares que foram assassinados por criminosos em Salvador neste final de semana. Na conta do governador no Twitter e no Instagram, as publica\u00e7\u00f5es est\u00e3o focadas na pr\u00e9-campanha do ex-presidente Lula, que na semana [&hellip;]<\/p>\n","protected":false},"author":1,"featured_media":34967,"comment_status":"closed","ping_status":"open","sticky":false,"template":"","format":"standard","meta":{"_uag_custom_page_level_css":"","_monsterinsights_skip_tracking":false,"_monsterinsights_sitenote_active":false,"_monsterinsights_sitenote_note":"","_monsterinsights_sitenote_category":0,"jetpack_post_was_ever_published":false,"_jetpack_newsletter_access":"","_jetpack_dont_email_post_to_subs":false,"_jetpack_newsletter_tier_id":0,"_jetpack_memberships_contains_paywalled_content":false,"_jetpack_memberships_contains_paid_content":false,"footnotes":"","jetpack_publicize_message":"","jetpack_publicize_feature_enabled":true,"jetpack_social_post_already_shared":true,"jetpack_social_options":{"image_generator_settings":{"template":"highway","default_image_id":0,"font":"","enabled":false},"version":2}},"categories":[199],"tags":[9411,9410,289,9408],"class_list":["post-36926","post","type-post","status-publish","format-standard","has-post-thumbnail","hentry","category-bahia","tag-foca-em-pre-campanha-de-lula","tag-menos-de-24-horas","tag-rui-costa-pt","tag-se-cala"],"jetpack_publicize_connections":[],"jetpack_featured_media_url":"https:\/\/blogopara.com.br\/wp-content\/uploads\/2022\/03\/750_rui-costa-sao-joao-pandemia-coronavirus_2020429152520103_1_widelg-1.jpeg","uagb_featured_image_src":{"full":["https:\/\/blogopara.com.br\/wp-content\/uploads\/2022\/03\/750_rui-costa-sao-joao-pandemia-coronavirus_2020429152520103_1_widelg-1.jpeg",500,281,false],"thumbnail":["https:\/\/blogopara.com.br\/wp-content\/uploads\/2022\/03\/750_rui-costa-sao-joao-pandemia-coronavirus_2020429152520103_1_widelg-1-150x150.jpeg",150,150,true],"medium":["https:\/\/blogopara.com.br\/wp-content\/uploads\/2022\/03\/750_rui-costa-sao-joao-pandemia-coronavirus_2020429152520103_1_widelg-1-300x169.jpeg",300,169,true],"medium_large":["https:\/\/blogopara.com.br\/wp-content\/uploads\/2022\/03\/750_rui-costa-sao-joao-pandemia-coronavirus_2020429152520103_1_widelg-1.jpeg",500,281,false],"large":["https:\/\/blogopara.com.br\/wp-content\/uploads\/2022\/03\/750_rui-costa-sao-joao-pandemia-coronavirus_2020429152520103_1_widelg-1.jpeg",500,281,false],"1536x1536":["https:\/\/blogopara.com.br\/wp-content\/uploads\/2022\/03\/750_rui-costa-sao-joao-pandemia-coronavirus_2020429152520103_1_widelg-1.jpeg",500,281,false],"2048x2048":["https:\/\/blogopara.com.br\/wp-content\/uploads\/2022\/03\/750_rui-costa-sao-joao-pandemia-coronavirus_2020429152520103_1_widelg-1.jpeg",500,281,false],"mantranews-slider-large":["https:\/\/blogopara.com.br\/wp-content\/uploads\/2022\/03\/750_rui-costa-sao-joao-pandemia-coronavirus_2020429152520103_1_widelg-1.jpeg",500,281,false],"mantranews-featured-medium":["https:\/\/blogopara.com.br\/wp-content\/uploads\/2022\/03\/750_rui-costa-sao-joao-pandemia-coronavirus_2020429152520103_1_widelg-1-420x281.jpeg",420,281,true],"mantranews-featured-long":["https:\/\/blogopara.com.br\/wp-content\/uploads\/2022\/03\/750_rui-costa-sao-joao-pandemia-coronavirus_2020429152520103_1_widelg-1-300x281.jpeg",300,281,true],"mantranews-block-medium":["https:\/\/blogopara.com.br\/wp-content\/uploads\/2022\/03\/750_rui-costa-sao-joao-pandemia-coronavirus_2020429152520103_1_widelg-1-464x281.jpeg",464,281,true],"mantranews-carousel-image":["https:\/\/blogopara.com.br\/wp-content\/uploads\/2022\/03\/750_rui-costa-sao-joao-pandemia-coronavirus_2020429152520103_1_widelg-1.jpeg",500,281,false],"mantranews-block-thumb":["https:\/\/blogopara.com.br\/wp-content\/uploads\/2022\/03\/750_rui-costa-sao-joao-pandemia-coronavirus_2020429152520103_1_widelg-1-322x230.jpeg",322,230,true],"mantranews-single-large":["https:\/\/blogopara.com.br\/wp-content\/uploads\/2022\/03\/750_rui-costa-sao-joao-pandemia-coronavirus_2020429152520103_1_widelg-1.jpeg",500,281,false]},"uagb_author_info":{"display_name":"Reda\u00e7\u00e3o geral","author_link":"https:\/\/blogopara.com.br\/index.php\/author\/blogopara"},"uagb_comment_info":0,"uagb_excerpt":"At\u00e9 o presente momento da publica\u00e7\u00e3o desta mat\u00e9ria, o governador Rui Costa (PT) n\u00e3o se manifestou sobre as mortes de tr\u00eas policiais militares que foram assassinados por criminosos em Salvador neste final de semana. Na conta do governador no Twitter e no Instagram, as publica\u00e7\u00f5es est\u00e3o focadas na pr\u00e9-campanha do ex-presidente Lula, que na semana&hellip;","jetpack_sharing_enabled":true,"jetpack_likes_enabled":true,"_links":{"self":[{"href":"https:\/\/blogopara.com.br\/index.php\/wp-json\/wp\/v2\/posts\/36926","targetHints":{"allow":["GET"]}}],"collection":[{"href":"https:\/\/blogopara.com.br\/index.php\/wp-json\/wp\/v2\/posts"}],"about":[{"href":"https:\/\/blogopara.com.br\/index.php\/wp-json\/wp\/v2\/types\/post"}],"author":[{"embeddable":true,"href":"https:\/\/blogopara.com.br\/index.php\/wp-json\/wp\/v2\/users\/1"}],"replies":[{"embeddable":true,"href":"https:\/\/blogopara.com.br\/index.php\/wp-json\/wp\/v2\/comments?post=36926"}],"version-history":[{"count":1,"href":"https:\/\/blogopara.com.br\/index.php\/wp-json\/wp\/v2\/posts\/36926\/revisions"}],"predecessor-version":[{"id":36927,"href":"https:\/\/blogopara.com.br\/index.php\/wp-json\/wp\/v2\/posts\/36926\/revisions\/36927"}],"wp:featuredmedia":[{"embeddable":true,"href":"https:\/\/blogopara.com.br\/index.php\/wp-json\/wp\/v2\/media\/34967"}],"wp:attachment":[{"href":"https:\/\/blogopara.com.br\/index.php\/wp-json\/wp\/v2\/media?parent=36926"}],"wp:term":[{"taxonomy":"category","embeddable":true,"href":"https:\/\/blogopara.com.br\/index.php\/wp-json\/wp\/v2\/categories?post=36926"},{"taxonomy":"post_tag","embeddable":true,"href":"https:\/\/blogopara.com.br\/index.php\/wp-json\/wp\/v2\/tags?post=36926"}],"curies":[{"name":"wp","href":"https:\/\/api.w.org\/{rel}","templated":true}]}}