{"id":37039,"date":"2022-05-11T14:44:32","date_gmt":"2022-05-11T17:44:32","guid":{"rendered":"https:\/\/blogopara.com.br\/?p=37039"},"modified":"2022-05-12T08:23:26","modified_gmt":"2022-05-12T11:23:26","slug":"juazeiro-ze-carlos-medeiros-assume-o-mandato-na-camara-vem-chumbo-grosso-para-alex-tanuri","status":"publish","type":"post","link":"https:\/\/blogopara.com.br\/index.php\/2022\/05\/11\/juazeiro-ze-carlos-medeiros-assume-o-mandato-na-camara-vem-chumbo-grosso-para-alex-tanuri","title":{"rendered":"Juazeiro: Z\u00e9 Carlos Medeiros assume o mandato na C\u00e2mara, vem chumbo grosso para Alex Tanuri?"},"content":{"rendered":"<p style=\"text-align: justify;\">A sess\u00e3o solene que marcou a posse dos vereadores convocados de Juazeiro, Z\u00e9 Carlos Medeiros e Bebeto Matias j\u00e1 teve o registro do que pode acontecer nas pr\u00f3ximas reuni\u00f5es parlamentares na Casa Apr\u00edgio Duarte Filho.<\/p>\n<p style=\"text-align: justify;\">Na manh\u00e3 desta ter\u00e7a (10), ao fazer o uso da tribuna na retomada de suas atividades legislativas, ap\u00f3s anos sem mandato, Z\u00e9 Carlos Medeiros salientou que viveu um hiato no submundo da pol\u00edtica de Juazeiro e avisou: \u201ctravarei um bom combate, defendendo a verdade. Serei militante do povo de Juazeiro, pois estou de volta para fazer o enfrentamento que for necess\u00e1rio\u201d, ressaltou na tribuna e ao finalizar seu pronunciamento foi cumprimentado pelo tamb\u00e9m vereador Alex Tanuri, com um aperto de m\u00e3o e at\u00e9 pose de foto para a imprensa presente. Tanuri em meio \u00e0s suas palavras de boas vindas rebateu o colega de parlamento dizendo: \u201cMedeiros \u00e9 um empregado da prefeita de Juazeiro\u201d.<\/p>\n<p style=\"text-align: justify;\">Pode ser um pren\u00fancio de que os embates mais acirrados podem voltar a acontecer durante as sess\u00f5es ordin\u00e1rias em Juazeiro, j\u00e1 que os dois pol\u00edticos j\u00e1 protagonizaram muitos debates pol\u00edticos no passado.<\/p>\n","protected":false},"excerpt":{"rendered":"<p>A sess\u00e3o solene que marcou a posse dos vereadores convocados de Juazeiro, Z\u00e9 Carlos Medeiros e Bebeto Matias j\u00e1 teve o registro do que pode acontecer nas pr\u00f3ximas reuni\u00f5es parlamentares na Casa Apr\u00edgio Duarte Filho. Na manh\u00e3 desta ter\u00e7a (10), ao fazer o uso da tribuna na retomada de suas atividades legislativas, ap\u00f3s anos sem [&hellip;]<\/p>\n","protected":false},"author":1,"featured_media":37071,"comment_status":"closed","ping_status":"open","sticky":false,"template":"","format":"standard","meta":{"_uag_custom_page_level_css":"","_monsterinsights_skip_tracking":false,"_monsterinsights_sitenote_active":false,"_monsterinsights_sitenote_note":"","_monsterinsights_sitenote_category":0,"jetpack_post_was_ever_published":false,"_jetpack_newsletter_access":"","_jetpack_dont_email_post_to_subs":false,"_jetpack_newsletter_tier_id":0,"_jetpack_memberships_contains_paywalled_content":false,"_jetpack_memberships_contains_paid_content":false,"footnotes":"","jetpack_publicize_message":"","jetpack_publicize_feature_enabled":true,"jetpack_social_post_already_shared":true,"jetpack_social_options":{"image_generator_settings":{"template":"highway","default_image_id":0,"font":"","enabled":false},"version":2}},"categories":[203,197],"tags":[],"class_list":["post-37039","post","type-post","status-publish","format-standard","has-post-thumbnail","hentry","category-juazeiro","category-politica"],"jetpack_publicize_connections":[],"jetpack_featured_media_url":"https:\/\/blogopara.com.br\/wp-content\/uploads\/2022\/05\/Design-sem-nome-1080x642-1.jpg","uagb_featured_image_src":{"full":["https:\/\/blogopara.com.br\/wp-content\/uploads\/2022\/05\/Design-sem-nome-1080x642-1.jpg",500,297,false],"thumbnail":["https:\/\/blogopara.com.br\/wp-content\/uploads\/2022\/05\/Design-sem-nome-1080x642-1-150x150.jpg",150,150,true],"medium":["https:\/\/blogopara.com.br\/wp-content\/uploads\/2022\/05\/Design-sem-nome-1080x642-1-300x178.jpg",300,178,true],"medium_large":["https:\/\/blogopara.com.br\/wp-content\/uploads\/2022\/05\/Design-sem-nome-1080x642-1.jpg",500,297,false],"large":["https:\/\/blogopara.com.br\/wp-content\/uploads\/2022\/05\/Design-sem-nome-1080x642-1.jpg",500,297,false],"1536x1536":["https:\/\/blogopara.com.br\/wp-content\/uploads\/2022\/05\/Design-sem-nome-1080x642-1.jpg",500,297,false],"2048x2048":["https:\/\/blogopara.com.br\/wp-content\/uploads\/2022\/05\/Design-sem-nome-1080x642-1.jpg",500,297,false],"mantranews-slider-large":["https:\/\/blogopara.com.br\/wp-content\/uploads\/2022\/05\/Design-sem-nome-1080x642-1.jpg",500,297,false],"mantranews-featured-medium":["https:\/\/blogopara.com.br\/wp-content\/uploads\/2022\/05\/Design-sem-nome-1080x642-1-420x297.jpg",420,297,true],"mantranews-featured-long":["https:\/\/blogopara.com.br\/wp-content\/uploads\/2022\/05\/Design-sem-nome-1080x642-1-300x297.jpg",300,297,true],"mantranews-block-medium":["https:\/\/blogopara.com.br\/wp-content\/uploads\/2022\/05\/Design-sem-nome-1080x642-1-464x290.jpg",464,290,true],"mantranews-carousel-image":["https:\/\/blogopara.com.br\/wp-content\/uploads\/2022\/05\/Design-sem-nome-1080x642-1.jpg",500,297,false],"mantranews-block-thumb":["https:\/\/blogopara.com.br\/wp-content\/uploads\/2022\/05\/Design-sem-nome-1080x642-1-322x230.jpg",322,230,true],"mantranews-single-large":["https:\/\/blogopara.com.br\/wp-content\/uploads\/2022\/05\/Design-sem-nome-1080x642-1.jpg",500,297,false]},"uagb_author_info":{"display_name":"Reda\u00e7\u00e3o geral","author_link":"https:\/\/blogopara.com.br\/index.php\/author\/blogopara"},"uagb_comment_info":0,"uagb_excerpt":"A sess\u00e3o solene que marcou a posse dos vereadores convocados de Juazeiro, Z\u00e9 Carlos Medeiros e Bebeto Matias j\u00e1 teve o registro do que pode acontecer nas pr\u00f3ximas reuni\u00f5es parlamentares na Casa Apr\u00edgio Duarte Filho. Na manh\u00e3 desta ter\u00e7a (10), ao fazer o uso da tribuna na retomada de suas atividades legislativas, ap\u00f3s anos sem&hellip;","jetpack_sharing_enabled":true,"jetpack_likes_enabled":true,"_links":{"self":[{"href":"https:\/\/blogopara.com.br\/index.php\/wp-json\/wp\/v2\/posts\/37039","targetHints":{"allow":["GET"]}}],"collection":[{"href":"https:\/\/blogopara.com.br\/index.php\/wp-json\/wp\/v2\/posts"}],"about":[{"href":"https:\/\/blogopara.com.br\/index.php\/wp-json\/wp\/v2\/types\/post"}],"author":[{"embeddable":true,"href":"https:\/\/blogopara.com.br\/index.php\/wp-json\/wp\/v2\/users\/1"}],"replies":[{"embeddable":true,"href":"https:\/\/blogopara.com.br\/index.php\/wp-json\/wp\/v2\/comments?post=37039"}],"version-history":[{"count":1,"href":"https:\/\/blogopara.com.br\/index.php\/wp-json\/wp\/v2\/posts\/37039\/revisions"}],"predecessor-version":[{"id":37043,"href":"https:\/\/blogopara.com.br\/index.php\/wp-json\/wp\/v2\/posts\/37039\/revisions\/37043"}],"wp:featuredmedia":[{"embeddable":true,"href":"https:\/\/blogopara.com.br\/index.php\/wp-json\/wp\/v2\/media\/37071"}],"wp:attachment":[{"href":"https:\/\/blogopara.com.br\/index.php\/wp-json\/wp\/v2\/media?parent=37039"}],"wp:term":[{"taxonomy":"category","embeddable":true,"href":"https:\/\/blogopara.com.br\/index.php\/wp-json\/wp\/v2\/categories?post=37039"},{"taxonomy":"post_tag","embeddable":true,"href":"https:\/\/blogopara.com.br\/index.php\/wp-json\/wp\/v2\/tags?post=37039"}],"curies":[{"name":"wp","href":"https:\/\/api.w.org\/{rel}","templated":true}]}}