{"id":37180,"date":"2022-05-15T13:54:07","date_gmt":"2022-05-15T16:54:07","guid":{"rendered":"https:\/\/blogopara.com.br\/?p=37180"},"modified":"2022-05-15T13:56:47","modified_gmt":"2022-05-15T16:56:47","slug":"juazeiro-moradores-do-parque-residencial-voltam-a-reclamar-de-falta-dagua","status":"publish","type":"post","link":"https:\/\/blogopara.com.br\/index.php\/2022\/05\/15\/juazeiro-moradores-do-parque-residencial-voltam-a-reclamar-de-falta-dagua","title":{"rendered":"Juazeiro: Moradores do Parque Residencial, voltam a reclamar de falta d\u2019\u00e1gua"},"content":{"rendered":"<p style=\"text-align: justify;\">Alguns moradores do bairro Parque Residencial, em Juazeiro (BA), est\u00e3o pedindo provid\u00eancia para resolver a falta d\u2019\u00e1gua na comunidade. Segundo eles, o problema tem persistido e piorado nas \u00faltimas semanas. \u201cA<em>qui no bairro \u00e9 a \u00e1gua n\u00e3o cai<\/em>\u201d, relatou um morador.<\/p>\n<p style=\"text-align: justify;\">Confiram.<\/p>\n<p style=\"text-align: justify;\">\u201cBom dia Me chamo Diego Neves venho aqui deixa minha indigna\u00e7\u00e3o sobre a falta de \u00e1gua no bairro parque residencial em Juazeiro Bahia<\/p>\n<p style=\"text-align: justify;\">Todo dia essa frescura quando vamos abrir a torneira pra fazer as coisas de casa, lavar pratos, roupas, limpar a casa e at\u00e9 mesmo toma banho as torneiras n\u00e3o sai uma gota de \u00e1gua.<\/p>\n<p style=\"text-align: justify;\">Pagamos caro na conta de \u00e1gua para n\u00e3o usufruir do produto isso t\u00e1 sendo um roubo pra nos moradores Juazeirense.<\/p>\n<p style=\"text-align: justify;\">Hoje domingo 15\/05\/2022 n\u00e3o tem uma gota de \u00e1gua nas torneiras mais a conta de \u00e1gua chegou na sexta-feira dia 13\/05 e se nos n\u00e3o pagarmos cortam nossa \u00e1gua e cobram um valor absurdo de R$40,00 pra religar a \u00e1gua que n\u00e3o usamos.<\/p>\n<p style=\"text-align: justify;\">Queremos uma resposta das autoridades respons\u00e1veis da cidade. Al\u00f4 Suzana Ramos! Al\u00f4 SAAE vamos toma uma provid\u00eancia cab\u00edveis sobre isso por que nos moradores Juazeirense merecemos respeito p\u00f3 que pagamos nossas contas\u201d.<\/p>\n<p style=\"text-align: justify;\">\n","protected":false},"excerpt":{"rendered":"<p>Alguns moradores do bairro Parque Residencial, em Juazeiro (BA), est\u00e3o pedindo provid\u00eancia para resolver a falta d\u2019\u00e1gua na comunidade. Segundo eles, o problema tem persistido e piorado nas \u00faltimas semanas. \u201cAqui no bairro \u00e9 a \u00e1gua n\u00e3o cai\u201d, relatou um morador. Confiram. \u201cBom dia Me chamo Diego Neves venho aqui deixa minha indigna\u00e7\u00e3o sobre a [&hellip;]<\/p>\n","protected":false},"author":1,"featured_media":19966,"comment_status":"closed","ping_status":"open","sticky":false,"template":"","format":"standard","meta":{"_uag_custom_page_level_css":"","_monsterinsights_skip_tracking":false,"_monsterinsights_sitenote_active":false,"_monsterinsights_sitenote_note":"","_monsterinsights_sitenote_category":0,"jetpack_post_was_ever_published":false,"_jetpack_newsletter_access":"","_jetpack_dont_email_post_to_subs":false,"_jetpack_newsletter_tier_id":0,"_jetpack_memberships_contains_paywalled_content":false,"_jetpack_memberships_contains_paid_content":false,"footnotes":"","jetpack_publicize_message":"","jetpack_publicize_feature_enabled":true,"jetpack_social_post_already_shared":true,"jetpack_social_options":{"image_generator_settings":{"template":"highway","default_image_id":0,"font":"","enabled":false},"version":2}},"categories":[203,197],"tags":[],"class_list":["post-37180","post","type-post","status-publish","format-standard","has-post-thumbnail","hentry","category-juazeiro","category-politica"],"jetpack_publicize_connections":[],"jetpack_featured_media_url":"https:\/\/blogopara.com.br\/wp-content\/uploads\/2021\/02\/Faltadagua22.02.png","uagb_featured_image_src":{"full":["https:\/\/blogopara.com.br\/wp-content\/uploads\/2021\/02\/Faltadagua22.02.png",500,334,false],"thumbnail":["https:\/\/blogopara.com.br\/wp-content\/uploads\/2021\/02\/Faltadagua22.02-150x150.png",150,150,true],"medium":["https:\/\/blogopara.com.br\/wp-content\/uploads\/2021\/02\/Faltadagua22.02-300x200.png",300,200,true],"medium_large":["https:\/\/blogopara.com.br\/wp-content\/uploads\/2021\/02\/Faltadagua22.02.png",500,334,false],"large":["https:\/\/blogopara.com.br\/wp-content\/uploads\/2021\/02\/Faltadagua22.02.png",500,334,false],"1536x1536":["https:\/\/blogopara.com.br\/wp-content\/uploads\/2021\/02\/Faltadagua22.02.png",500,334,false],"2048x2048":["https:\/\/blogopara.com.br\/wp-content\/uploads\/2021\/02\/Faltadagua22.02.png",500,334,false],"mantranews-slider-large":["https:\/\/blogopara.com.br\/wp-content\/uploads\/2021\/02\/Faltadagua22.02.png",500,334,false],"mantranews-featured-medium":["https:\/\/blogopara.com.br\/wp-content\/uploads\/2021\/02\/Faltadagua22.02-420x307.png",420,307,true],"mantranews-featured-long":["https:\/\/blogopara.com.br\/wp-content\/uploads\/2021\/02\/Faltadagua22.02-300x334.png",300,334,true],"mantranews-block-medium":["https:\/\/blogopara.com.br\/wp-content\/uploads\/2021\/02\/Faltadagua22.02-464x290.png",464,290,true],"mantranews-carousel-image":["https:\/\/blogopara.com.br\/wp-content\/uploads\/2021\/02\/Faltadagua22.02.png",500,334,false],"mantranews-block-thumb":["https:\/\/blogopara.com.br\/wp-content\/uploads\/2021\/02\/Faltadagua22.02-322x230.png",322,230,true],"mantranews-single-large":["https:\/\/blogopara.com.br\/wp-content\/uploads\/2021\/02\/Faltadagua22.02.png",500,334,false]},"uagb_author_info":{"display_name":"Reda\u00e7\u00e3o geral","author_link":"https:\/\/blogopara.com.br\/index.php\/author\/blogopara"},"uagb_comment_info":0,"uagb_excerpt":"Alguns moradores do bairro Parque Residencial, em Juazeiro (BA), est\u00e3o pedindo provid\u00eancia para resolver a falta d\u2019\u00e1gua na comunidade. Segundo eles, o problema tem persistido e piorado nas \u00faltimas semanas. \u201cAqui no bairro \u00e9 a \u00e1gua n\u00e3o cai\u201d, relatou um morador. Confiram. \u201cBom dia Me chamo Diego Neves venho aqui deixa minha indigna\u00e7\u00e3o sobre a&hellip;","jetpack_sharing_enabled":true,"jetpack_likes_enabled":true,"_links":{"self":[{"href":"https:\/\/blogopara.com.br\/index.php\/wp-json\/wp\/v2\/posts\/37180","targetHints":{"allow":["GET"]}}],"collection":[{"href":"https:\/\/blogopara.com.br\/index.php\/wp-json\/wp\/v2\/posts"}],"about":[{"href":"https:\/\/blogopara.com.br\/index.php\/wp-json\/wp\/v2\/types\/post"}],"author":[{"embeddable":true,"href":"https:\/\/blogopara.com.br\/index.php\/wp-json\/wp\/v2\/users\/1"}],"replies":[{"embeddable":true,"href":"https:\/\/blogopara.com.br\/index.php\/wp-json\/wp\/v2\/comments?post=37180"}],"version-history":[{"count":2,"href":"https:\/\/blogopara.com.br\/index.php\/wp-json\/wp\/v2\/posts\/37180\/revisions"}],"predecessor-version":[{"id":37182,"href":"https:\/\/blogopara.com.br\/index.php\/wp-json\/wp\/v2\/posts\/37180\/revisions\/37182"}],"wp:featuredmedia":[{"embeddable":true,"href":"https:\/\/blogopara.com.br\/index.php\/wp-json\/wp\/v2\/media\/19966"}],"wp:attachment":[{"href":"https:\/\/blogopara.com.br\/index.php\/wp-json\/wp\/v2\/media?parent=37180"}],"wp:term":[{"taxonomy":"category","embeddable":true,"href":"https:\/\/blogopara.com.br\/index.php\/wp-json\/wp\/v2\/categories?post=37180"},{"taxonomy":"post_tag","embeddable":true,"href":"https:\/\/blogopara.com.br\/index.php\/wp-json\/wp\/v2\/tags?post=37180"}],"curies":[{"name":"wp","href":"https:\/\/api.w.org\/{rel}","templated":true}]}}