{"id":37183,"date":"2022-05-15T15:13:00","date_gmt":"2022-05-15T18:13:00","guid":{"rendered":"https:\/\/blogopara.com.br\/?p=37183"},"modified":"2022-05-15T14:41:22","modified_gmt":"2022-05-15T17:41:22","slug":"homem-e-preso-apos-arrancar-olho-de-esposa-por-ciumes-na-bahia","status":"publish","type":"post","link":"https:\/\/blogopara.com.br\/index.php\/2022\/05\/15\/homem-e-preso-apos-arrancar-olho-de-esposa-por-ciumes-na-bahia","title":{"rendered":"Homem \u00e9 preso ap\u00f3s arrancar olho de esposa por ci\u00fames na Bahia"},"content":{"rendered":"<p class=\"bodytext\" style=\"text-align: justify;\">O acusado de agredir a companheira e arrancar com as pr\u00f3prias m\u00e3os um de seus olhos na noite de quarta-feira (11), na cidade de Itoror\u00f3, foi preso em flagrante na quinta-feira (12). Em depoimento, o suspeito alegou que estava com ci\u00fames da v\u00edtima. Ele estava escondido em um matagal quando foi encontrado por policiais da 21\u00aa Coordenadoria Regional de Pol\u00edcia do Interior (Coorpin\/Itapetinga).<\/p>\n<p class=\"bodytext\" style=\"text-align: justify;\">\u201cLogo ap\u00f3s conhecimento do crime, quando a mulher deu entrada na unidade hospitalar muito machucada, com hematomas pelo corpo e sem um dos olhos, iniciamos uma persegui\u00e7\u00e3o ininterrupta para alcan\u00e7ar o agressor. Ele abandonou o ve\u00edculo em uma estrada vicinal e, com isso, conseguimos encontr\u00e1-lo escondido dentro de um matagal\u201d, explicou o coordenador da 21\u00aa Coorpin, delegado Ant\u00f4nio Roberto Gomes J\u00fanior.<\/p>\n<div class=\"single-publicidade\" style=\"text-align: justify;\">\n<div id=\"minhabahia_300x250_01\" data-google-query-id=\"CMT3obOC4vcCFS4tuQYd8wkBvA\">\n<div id=\"google_ads_iframe_\/44585206\/c24h_minhabahia_300x250_01_0__container__\"><span style=\"font-size: revert; color: initial;\">Em depoimento, ele contou que descobriu uma trai\u00e7\u00e3o, entrou em luta corporal com a mulher e enfiou seus dedos num dos olhos da v\u00edtima, arrancando-o violentamente. Em seguida, trancou-a em casa e empreendeu fuga. \u201cEle responder\u00e1 por les\u00e3o corporal grav\u00edssima e c\u00e1rcere privado\u201d, relatou o delegado.\u00a0<\/span><\/div>\n<\/div>\n<\/div>\n<p class=\"bodytext\" style=\"text-align: justify;\">O preso\u00a0foi encaminhado para a sede da Delegacia Territorial de Itoror\u00f3, onde segue custodiado \u00e0 disposi\u00e7\u00e3o do Poder Judici\u00e1rio. Foi solicitada uma medida protetiva de urg\u00eancia para a mulher, que est\u00e1 hospitalizada.<\/p>\n<p>Por: Correio 24 horas<\/p>\n","protected":false},"excerpt":{"rendered":"<p>O acusado de agredir a companheira e arrancar com as pr\u00f3prias m\u00e3os um de seus olhos na noite de quarta-feira (11), na cidade de Itoror\u00f3, foi preso em flagrante na quinta-feira (12). Em depoimento, o suspeito alegou que estava com ci\u00fames da v\u00edtima. Ele estava escondido em um matagal quando foi encontrado por policiais da [&hellip;]<\/p>\n","protected":false},"author":1,"featured_media":37184,"comment_status":"closed","ping_status":"open","sticky":false,"template":"","format":"standard","meta":{"_uag_custom_page_level_css":"","_monsterinsights_skip_tracking":false,"_monsterinsights_sitenote_active":false,"_monsterinsights_sitenote_note":"","_monsterinsights_sitenote_category":0,"jetpack_post_was_ever_published":false,"_jetpack_newsletter_access":"","_jetpack_dont_email_post_to_subs":false,"_jetpack_newsletter_tier_id":0,"_jetpack_memberships_contains_paywalled_content":false,"_jetpack_memberships_contains_paid_content":false,"footnotes":"","jetpack_publicize_message":"","jetpack_publicize_feature_enabled":true,"jetpack_social_post_already_shared":true,"jetpack_social_options":{"image_generator_settings":{"template":"highway","default_image_id":0,"font":"","enabled":false},"version":2}},"categories":[199],"tags":[9533,11,9534,6831],"class_list":["post-37183","post","type-post","status-publish","format-standard","has-post-thumbnail","hentry","category-bahia","tag-apos-arrancar-olho-de-esposa","tag-bahia","tag-ciumes","tag-homem-e-preso"],"jetpack_publicize_connections":[],"jetpack_featured_media_url":"https:\/\/blogopara.com.br\/wp-content\/uploads\/2022\/05\/csm_pjimage_-_2022-05-13T132620.560_67875748a5.jpg","uagb_featured_image_src":{"full":["https:\/\/blogopara.com.br\/wp-content\/uploads\/2022\/05\/csm_pjimage_-_2022-05-13T132620.560_67875748a5.jpg",500,333,false],"thumbnail":["https:\/\/blogopara.com.br\/wp-content\/uploads\/2022\/05\/csm_pjimage_-_2022-05-13T132620.560_67875748a5-150x150.jpg",150,150,true],"medium":["https:\/\/blogopara.com.br\/wp-content\/uploads\/2022\/05\/csm_pjimage_-_2022-05-13T132620.560_67875748a5-300x200.jpg",300,200,true],"medium_large":["https:\/\/blogopara.com.br\/wp-content\/uploads\/2022\/05\/csm_pjimage_-_2022-05-13T132620.560_67875748a5.jpg",500,333,false],"large":["https:\/\/blogopara.com.br\/wp-content\/uploads\/2022\/05\/csm_pjimage_-_2022-05-13T132620.560_67875748a5.jpg",500,333,false],"1536x1536":["https:\/\/blogopara.com.br\/wp-content\/uploads\/2022\/05\/csm_pjimage_-_2022-05-13T132620.560_67875748a5.jpg",500,333,false],"2048x2048":["https:\/\/blogopara.com.br\/wp-content\/uploads\/2022\/05\/csm_pjimage_-_2022-05-13T132620.560_67875748a5.jpg",500,333,false],"mantranews-slider-large":["https:\/\/blogopara.com.br\/wp-content\/uploads\/2022\/05\/csm_pjimage_-_2022-05-13T132620.560_67875748a5.jpg",500,333,false],"mantranews-featured-medium":["https:\/\/blogopara.com.br\/wp-content\/uploads\/2022\/05\/csm_pjimage_-_2022-05-13T132620.560_67875748a5-420x307.jpg",420,307,true],"mantranews-featured-long":["https:\/\/blogopara.com.br\/wp-content\/uploads\/2022\/05\/csm_pjimage_-_2022-05-13T132620.560_67875748a5-300x333.jpg",300,333,true],"mantranews-block-medium":["https:\/\/blogopara.com.br\/wp-content\/uploads\/2022\/05\/csm_pjimage_-_2022-05-13T132620.560_67875748a5-464x290.jpg",464,290,true],"mantranews-carousel-image":["https:\/\/blogopara.com.br\/wp-content\/uploads\/2022\/05\/csm_pjimage_-_2022-05-13T132620.560_67875748a5.jpg",500,333,false],"mantranews-block-thumb":["https:\/\/blogopara.com.br\/wp-content\/uploads\/2022\/05\/csm_pjimage_-_2022-05-13T132620.560_67875748a5-322x230.jpg",322,230,true],"mantranews-single-large":["https:\/\/blogopara.com.br\/wp-content\/uploads\/2022\/05\/csm_pjimage_-_2022-05-13T132620.560_67875748a5.jpg",500,333,false]},"uagb_author_info":{"display_name":"Reda\u00e7\u00e3o geral","author_link":"https:\/\/blogopara.com.br\/index.php\/author\/blogopara"},"uagb_comment_info":0,"uagb_excerpt":"O acusado de agredir a companheira e arrancar com as pr\u00f3prias m\u00e3os um de seus olhos na noite de quarta-feira (11), na cidade de Itoror\u00f3, foi preso em flagrante na quinta-feira (12). Em depoimento, o suspeito alegou que estava com ci\u00fames da v\u00edtima. Ele estava escondido em um matagal quando foi encontrado por policiais da&hellip;","jetpack_sharing_enabled":true,"jetpack_likes_enabled":true,"_links":{"self":[{"href":"https:\/\/blogopara.com.br\/index.php\/wp-json\/wp\/v2\/posts\/37183","targetHints":{"allow":["GET"]}}],"collection":[{"href":"https:\/\/blogopara.com.br\/index.php\/wp-json\/wp\/v2\/posts"}],"about":[{"href":"https:\/\/blogopara.com.br\/index.php\/wp-json\/wp\/v2\/types\/post"}],"author":[{"embeddable":true,"href":"https:\/\/blogopara.com.br\/index.php\/wp-json\/wp\/v2\/users\/1"}],"replies":[{"embeddable":true,"href":"https:\/\/blogopara.com.br\/index.php\/wp-json\/wp\/v2\/comments?post=37183"}],"version-history":[{"count":1,"href":"https:\/\/blogopara.com.br\/index.php\/wp-json\/wp\/v2\/posts\/37183\/revisions"}],"predecessor-version":[{"id":37185,"href":"https:\/\/blogopara.com.br\/index.php\/wp-json\/wp\/v2\/posts\/37183\/revisions\/37185"}],"wp:featuredmedia":[{"embeddable":true,"href":"https:\/\/blogopara.com.br\/index.php\/wp-json\/wp\/v2\/media\/37184"}],"wp:attachment":[{"href":"https:\/\/blogopara.com.br\/index.php\/wp-json\/wp\/v2\/media?parent=37183"}],"wp:term":[{"taxonomy":"category","embeddable":true,"href":"https:\/\/blogopara.com.br\/index.php\/wp-json\/wp\/v2\/categories?post=37183"},{"taxonomy":"post_tag","embeddable":true,"href":"https:\/\/blogopara.com.br\/index.php\/wp-json\/wp\/v2\/tags?post=37183"}],"curies":[{"name":"wp","href":"https:\/\/api.w.org\/{rel}","templated":true}]}}