{"id":37223,"date":"2022-05-16T11:46:00","date_gmt":"2022-05-16T14:46:00","guid":{"rendered":"https:\/\/blogopara.com.br\/?p=37223"},"modified":"2022-05-16T09:41:28","modified_gmt":"2022-05-16T12:41:28","slug":"confira-o-cronograma-da-unidade-movel-de-atendimento-odontologico-desta-semana-em-juazeiro","status":"publish","type":"post","link":"https:\/\/blogopara.com.br\/index.php\/2022\/05\/16\/confira-o-cronograma-da-unidade-movel-de-atendimento-odontologico-desta-semana-em-juazeiro","title":{"rendered":"Confira o cronograma da Unidade M\u00f3vel de Atendimento Odontol\u00f3gico desta semana em Juazeiro"},"content":{"rendered":"<p style=\"text-align: justify;\">A Unidade M\u00f3vel Odontol\u00f3gica da Prefeitura de Juazeiro, atrav\u00e9s da Secretaria de Sa\u00fade (Sesau), segue realizando atendimento com dentista em algumas localidades pelo munic\u00edpio. Confira o cronograma desta semana, de 16 a 19 de maio.<\/p>\n<p style=\"text-align: justify;\">Na segunda-feira (16), a Unidade Odontol\u00f3gica ir\u00e1 atender crian\u00e7as do Residencial Mairi. O carro vai ficar em frente \u00e0 associa\u00e7\u00e3o de moradores, a partir das 8h;<\/p>\n<p style=\"text-align: justify;\">Na ter\u00e7a-feira (17), a unidade ficar\u00e1 em frente ao Centro de Sa\u00fade III, no bairro Angary e atender\u00e1 a popula\u00e7\u00e3o LGBTQIA+, em alus\u00e3o ao M\u00eas da Diversidade em conjunto com a Secretaria de Desenvolvimento Social, Mulher e Diversidade (Sedes). Os atendimentos iniciam a partir das 8h;<\/p>\n<p style=\"text-align: justify;\">Na quarta-feira (18) o atendimento ser\u00e1 a partir das 8h na comunidade Sabor do Salitre, atendendo moradores de Bara\u00fana do Salitre, Angico, Mulungu e Alfavaquinha. O carro ficar\u00e1 em frente \u00e0 Associa\u00e7\u00e3o de Moradores;<\/p>\n<p style=\"text-align: justify;\">Na quinta-feira (19) os atendimentos ser\u00e3o na Associa\u00e7\u00e3o de Moradores da comunidade de Vermelhos, pr\u00f3ximo a Pinh\u00f5es, a partir das 8h at\u00e9 \u00e0s 13h.<\/p>\n<p style=\"text-align: justify;\">Nos dias de atendimento aberto \u00e0 popula\u00e7\u00e3o geral, \u00e9 importante que as pessoas levem RG, CPF e Cart\u00e3o SUS para o atendimento.<\/p>\n<p style=\"text-align: justify;\">Amanda Franco \u2013 Ascom Sesau PMJ<\/p>\n","protected":false},"excerpt":{"rendered":"<p>A Unidade M\u00f3vel Odontol\u00f3gica da Prefeitura de Juazeiro, atrav\u00e9s da Secretaria de Sa\u00fade (Sesau), segue realizando atendimento com dentista em algumas localidades pelo munic\u00edpio. Confira o cronograma desta semana, de 16 a 19 de maio. Na segunda-feira (16), a Unidade Odontol\u00f3gica ir\u00e1 atender crian\u00e7as do Residencial Mairi. O carro vai ficar em frente \u00e0 associa\u00e7\u00e3o [&hellip;]<\/p>\n","protected":false},"author":1,"featured_media":37224,"comment_status":"closed","ping_status":"open","sticky":false,"template":"","format":"standard","meta":{"_uag_custom_page_level_css":"","_monsterinsights_skip_tracking":false,"_monsterinsights_sitenote_active":false,"_monsterinsights_sitenote_note":"","_monsterinsights_sitenote_category":0,"jetpack_post_was_ever_published":false,"_jetpack_newsletter_access":"","_jetpack_dont_email_post_to_subs":false,"_jetpack_newsletter_tier_id":0,"_jetpack_memberships_contains_paywalled_content":false,"_jetpack_memberships_contains_paid_content":false,"footnotes":"","jetpack_publicize_message":"","jetpack_publicize_feature_enabled":true,"jetpack_social_post_already_shared":true,"jetpack_social_options":{"image_generator_settings":{"template":"highway","default_image_id":0,"font":"","enabled":false},"version":2}},"categories":[203],"tags":[7432,5486,9399,7431],"class_list":["post-37223","post","type-post","status-publish","format-standard","has-post-thumbnail","hentry","category-juazeiro","tag-atendimento-odontologico","tag-cronograma","tag-desta-semana","tag-unidade-movel"],"jetpack_publicize_connections":[],"jetpack_featured_media_url":"https:\/\/blogopara.com.br\/wp-content\/uploads\/2022\/05\/atendimento-Lar-2.jpeg","uagb_featured_image_src":{"full":["https:\/\/blogopara.com.br\/wp-content\/uploads\/2022\/05\/atendimento-Lar-2.jpeg",500,230,false],"thumbnail":["https:\/\/blogopara.com.br\/wp-content\/uploads\/2022\/05\/atendimento-Lar-2-150x150.jpeg",150,150,true],"medium":["https:\/\/blogopara.com.br\/wp-content\/uploads\/2022\/05\/atendimento-Lar-2-300x138.jpeg",300,138,true],"medium_large":["https:\/\/blogopara.com.br\/wp-content\/uploads\/2022\/05\/atendimento-Lar-2.jpeg",500,230,false],"large":["https:\/\/blogopara.com.br\/wp-content\/uploads\/2022\/05\/atendimento-Lar-2.jpeg",500,230,false],"1536x1536":["https:\/\/blogopara.com.br\/wp-content\/uploads\/2022\/05\/atendimento-Lar-2.jpeg",500,230,false],"2048x2048":["https:\/\/blogopara.com.br\/wp-content\/uploads\/2022\/05\/atendimento-Lar-2.jpeg",500,230,false],"mantranews-slider-large":["https:\/\/blogopara.com.br\/wp-content\/uploads\/2022\/05\/atendimento-Lar-2.jpeg",500,230,false],"mantranews-featured-medium":["https:\/\/blogopara.com.br\/wp-content\/uploads\/2022\/05\/atendimento-Lar-2-420x230.jpeg",420,230,true],"mantranews-featured-long":["https:\/\/blogopara.com.br\/wp-content\/uploads\/2022\/05\/atendimento-Lar-2-300x230.jpeg",300,230,true],"mantranews-block-medium":["https:\/\/blogopara.com.br\/wp-content\/uploads\/2022\/05\/atendimento-Lar-2-464x230.jpeg",464,230,true],"mantranews-carousel-image":["https:\/\/blogopara.com.br\/wp-content\/uploads\/2022\/05\/atendimento-Lar-2.jpeg",500,230,false],"mantranews-block-thumb":["https:\/\/blogopara.com.br\/wp-content\/uploads\/2022\/05\/atendimento-Lar-2-322x230.jpeg",322,230,true],"mantranews-single-large":["https:\/\/blogopara.com.br\/wp-content\/uploads\/2022\/05\/atendimento-Lar-2.jpeg",500,230,false]},"uagb_author_info":{"display_name":"Reda\u00e7\u00e3o geral","author_link":"https:\/\/blogopara.com.br\/index.php\/author\/blogopara"},"uagb_comment_info":0,"uagb_excerpt":"A Unidade M\u00f3vel Odontol\u00f3gica da Prefeitura de Juazeiro, atrav\u00e9s da Secretaria de Sa\u00fade (Sesau), segue realizando atendimento com dentista em algumas localidades pelo munic\u00edpio. Confira o cronograma desta semana, de 16 a 19 de maio. Na segunda-feira (16), a Unidade Odontol\u00f3gica ir\u00e1 atender crian\u00e7as do Residencial Mairi. O carro vai ficar em frente \u00e0 associa\u00e7\u00e3o&hellip;","jetpack_sharing_enabled":true,"jetpack_likes_enabled":true,"_links":{"self":[{"href":"https:\/\/blogopara.com.br\/index.php\/wp-json\/wp\/v2\/posts\/37223","targetHints":{"allow":["GET"]}}],"collection":[{"href":"https:\/\/blogopara.com.br\/index.php\/wp-json\/wp\/v2\/posts"}],"about":[{"href":"https:\/\/blogopara.com.br\/index.php\/wp-json\/wp\/v2\/types\/post"}],"author":[{"embeddable":true,"href":"https:\/\/blogopara.com.br\/index.php\/wp-json\/wp\/v2\/users\/1"}],"replies":[{"embeddable":true,"href":"https:\/\/blogopara.com.br\/index.php\/wp-json\/wp\/v2\/comments?post=37223"}],"version-history":[{"count":1,"href":"https:\/\/blogopara.com.br\/index.php\/wp-json\/wp\/v2\/posts\/37223\/revisions"}],"predecessor-version":[{"id":37225,"href":"https:\/\/blogopara.com.br\/index.php\/wp-json\/wp\/v2\/posts\/37223\/revisions\/37225"}],"wp:featuredmedia":[{"embeddable":true,"href":"https:\/\/blogopara.com.br\/index.php\/wp-json\/wp\/v2\/media\/37224"}],"wp:attachment":[{"href":"https:\/\/blogopara.com.br\/index.php\/wp-json\/wp\/v2\/media?parent=37223"}],"wp:term":[{"taxonomy":"category","embeddable":true,"href":"https:\/\/blogopara.com.br\/index.php\/wp-json\/wp\/v2\/categories?post=37223"},{"taxonomy":"post_tag","embeddable":true,"href":"https:\/\/blogopara.com.br\/index.php\/wp-json\/wp\/v2\/tags?post=37223"}],"curies":[{"name":"wp","href":"https:\/\/api.w.org\/{rel}","templated":true}]}}