{"id":37228,"date":"2022-05-16T13:21:28","date_gmt":"2022-05-16T16:21:28","guid":{"rendered":"https:\/\/blogopara.com.br\/?p=37228"},"modified":"2022-05-16T13:21:31","modified_gmt":"2022-05-16T16:21:31","slug":"john-khoury-expressa-lamento-e-pesar-pelo-falecimento-de-dona-francisca-do-mercado-joca-ocorrido-neste-domingo-15-em-juazeiro","status":"publish","type":"post","link":"https:\/\/blogopara.com.br\/index.php\/2022\/05\/16\/john-khoury-expressa-lamento-e-pesar-pelo-falecimento-de-dona-francisca-do-mercado-joca-ocorrido-neste-domingo-15-em-juazeiro","title":{"rendered":"John Khoury expressa lamento e pesar pelo falecimento de dona Francisca do Mercado Joca, ocorrido neste domingo, 15, em Juazeiro."},"content":{"rendered":"<p style=\"text-align: justify;\">\u201cN\u00e3o s\u00f3 o mercado municipal Joca Oliveira est\u00e1 triste e com um vazio insubstitu\u00edvel. Todos, amigos e fregueses, sentimos sua falta.<\/p>\n<p style=\"text-align: justify;\">Que Deus a tenha em sua infinita miseric\u00f3rdia.\u201d Declarou John Khoury<\/p>\n","protected":false},"excerpt":{"rendered":"<p>\u201cN\u00e3o s\u00f3 o mercado municipal Joca Oliveira est\u00e1 triste e com um vazio insubstitu\u00edvel. Todos, amigos e fregueses, sentimos sua falta. Que Deus a tenha em sua infinita miseric\u00f3rdia.\u201d Declarou John Khoury<\/p>\n","protected":false},"author":1,"featured_media":37229,"comment_status":"closed","ping_status":"open","sticky":false,"template":"","format":"standard","meta":{"_uag_custom_page_level_css":"","_monsterinsights_skip_tracking":false,"_monsterinsights_sitenote_active":false,"_monsterinsights_sitenote_note":"","_monsterinsights_sitenote_category":0,"jetpack_post_was_ever_published":false,"_jetpack_newsletter_access":"","_jetpack_dont_email_post_to_subs":false,"_jetpack_newsletter_tier_id":0,"_jetpack_memberships_contains_paywalled_content":false,"_jetpack_memberships_contains_paid_content":false,"footnotes":"","jetpack_publicize_message":"","jetpack_publicize_feature_enabled":true,"jetpack_social_post_already_shared":true,"jetpack_social_options":{"image_generator_settings":{"template":"highway","default_image_id":0,"font":"","enabled":false},"version":2}},"categories":[203,197],"tags":[],"class_list":["post-37228","post","type-post","status-publish","format-standard","has-post-thumbnail","hentry","category-juazeiro","category-politica"],"jetpack_publicize_connections":[],"jetpack_featured_media_url":"https:\/\/blogopara.com.br\/wp-content\/uploads\/2022\/05\/WhatsApp-Image-2022-05-16-at-11.08.23.jpeg","uagb_featured_image_src":{"full":["https:\/\/blogopara.com.br\/wp-content\/uploads\/2022\/05\/WhatsApp-Image-2022-05-16-at-11.08.23.jpeg",500,504,false],"thumbnail":["https:\/\/blogopara.com.br\/wp-content\/uploads\/2022\/05\/WhatsApp-Image-2022-05-16-at-11.08.23-150x150.jpeg",150,150,true],"medium":["https:\/\/blogopara.com.br\/wp-content\/uploads\/2022\/05\/WhatsApp-Image-2022-05-16-at-11.08.23-298x300.jpeg",298,300,true],"medium_large":["https:\/\/blogopara.com.br\/wp-content\/uploads\/2022\/05\/WhatsApp-Image-2022-05-16-at-11.08.23.jpeg",500,504,false],"large":["https:\/\/blogopara.com.br\/wp-content\/uploads\/2022\/05\/WhatsApp-Image-2022-05-16-at-11.08.23.jpeg",500,504,false],"1536x1536":["https:\/\/blogopara.com.br\/wp-content\/uploads\/2022\/05\/WhatsApp-Image-2022-05-16-at-11.08.23.jpeg",500,504,false],"2048x2048":["https:\/\/blogopara.com.br\/wp-content\/uploads\/2022\/05\/WhatsApp-Image-2022-05-16-at-11.08.23.jpeg",500,504,false],"mantranews-slider-large":["https:\/\/blogopara.com.br\/wp-content\/uploads\/2022\/05\/WhatsApp-Image-2022-05-16-at-11.08.23.jpeg",500,504,false],"mantranews-featured-medium":["https:\/\/blogopara.com.br\/wp-content\/uploads\/2022\/05\/WhatsApp-Image-2022-05-16-at-11.08.23-420x307.jpeg",420,307,true],"mantranews-featured-long":["https:\/\/blogopara.com.br\/wp-content\/uploads\/2022\/05\/WhatsApp-Image-2022-05-16-at-11.08.23-300x443.jpeg",300,443,true],"mantranews-block-medium":["https:\/\/blogopara.com.br\/wp-content\/uploads\/2022\/05\/WhatsApp-Image-2022-05-16-at-11.08.23-464x290.jpeg",464,290,true],"mantranews-carousel-image":["https:\/\/blogopara.com.br\/wp-content\/uploads\/2022\/05\/WhatsApp-Image-2022-05-16-at-11.08.23-500x500.jpeg",500,500,true],"mantranews-block-thumb":["https:\/\/blogopara.com.br\/wp-content\/uploads\/2022\/05\/WhatsApp-Image-2022-05-16-at-11.08.23-322x230.jpeg",322,230,true],"mantranews-single-large":["https:\/\/blogopara.com.br\/wp-content\/uploads\/2022\/05\/WhatsApp-Image-2022-05-16-at-11.08.23.jpeg",500,504,false]},"uagb_author_info":{"display_name":"Reda\u00e7\u00e3o geral","author_link":"https:\/\/blogopara.com.br\/index.php\/author\/blogopara"},"uagb_comment_info":0,"uagb_excerpt":"\u201cN\u00e3o s\u00f3 o mercado municipal Joca Oliveira est\u00e1 triste e com um vazio insubstitu\u00edvel. Todos, amigos e fregueses, sentimos sua falta. Que Deus a tenha em sua infinita miseric\u00f3rdia.\u201d Declarou John Khoury","jetpack_sharing_enabled":true,"jetpack_likes_enabled":true,"_links":{"self":[{"href":"https:\/\/blogopara.com.br\/index.php\/wp-json\/wp\/v2\/posts\/37228","targetHints":{"allow":["GET"]}}],"collection":[{"href":"https:\/\/blogopara.com.br\/index.php\/wp-json\/wp\/v2\/posts"}],"about":[{"href":"https:\/\/blogopara.com.br\/index.php\/wp-json\/wp\/v2\/types\/post"}],"author":[{"embeddable":true,"href":"https:\/\/blogopara.com.br\/index.php\/wp-json\/wp\/v2\/users\/1"}],"replies":[{"embeddable":true,"href":"https:\/\/blogopara.com.br\/index.php\/wp-json\/wp\/v2\/comments?post=37228"}],"version-history":[{"count":1,"href":"https:\/\/blogopara.com.br\/index.php\/wp-json\/wp\/v2\/posts\/37228\/revisions"}],"predecessor-version":[{"id":37230,"href":"https:\/\/blogopara.com.br\/index.php\/wp-json\/wp\/v2\/posts\/37228\/revisions\/37230"}],"wp:featuredmedia":[{"embeddable":true,"href":"https:\/\/blogopara.com.br\/index.php\/wp-json\/wp\/v2\/media\/37229"}],"wp:attachment":[{"href":"https:\/\/blogopara.com.br\/index.php\/wp-json\/wp\/v2\/media?parent=37228"}],"wp:term":[{"taxonomy":"category","embeddable":true,"href":"https:\/\/blogopara.com.br\/index.php\/wp-json\/wp\/v2\/categories?post=37228"},{"taxonomy":"post_tag","embeddable":true,"href":"https:\/\/blogopara.com.br\/index.php\/wp-json\/wp\/v2\/tags?post=37228"}],"curies":[{"name":"wp","href":"https:\/\/api.w.org\/{rel}","templated":true}]}}