{"id":37289,"date":"2022-05-18T07:51:53","date_gmt":"2022-05-18T10:51:53","guid":{"rendered":"https:\/\/blogopara.com.br\/?p=37289"},"modified":"2022-05-18T07:51:56","modified_gmt":"2022-05-18T10:51:56","slug":"alesp-aprova-cassacao-de-arthur-do-val-que-perde-os-direitos-politicos-por-oito-anos-e-o-1o-mandato-cassado-em-23-anos","status":"publish","type":"post","link":"https:\/\/blogopara.com.br\/index.php\/2022\/05\/18\/alesp-aprova-cassacao-de-arthur-do-val-que-perde-os-direitos-politicos-por-oito-anos-e-o-1o-mandato-cassado-em-23-anos","title":{"rendered":"Alesp aprova cassa\u00e7\u00e3o de Arthur do Val, que perde os direitos pol\u00edticos por oito anos; \u00e9 o 1\u00ba mandato cassado em 23 anos"},"content":{"rendered":"<p style=\"text-align: justify;\">A Assembleia Legislativa de S\u00e3o Paulo (<a href=\"https:\/\/g1.globo.com\/tudo-sobre\/alesp\/\">Alesp<\/a>) aprovou nesta ter\u00e7a-feira (17) a cassa\u00e7\u00e3o do mandato do ex-deputado estadual\u00a0<a href=\"https:\/\/g1.globo.com\/tudo-sobre\/arthur-do-val\/\">Arthur do Val<\/a>\u00a0(Uni\u00e3o Brasil). Apesar\u00a0<a href=\"https:\/\/g1.globo.com\/sp\/sao-paulo\/noticia\/2022\/04\/20\/arthur-do-val-renuncia-ao-cargo-de-deputado-estadual-apos-aprovar-abertura-de-processo.ghtml\">dele ter renunciado ao cargo,<\/a>\u00a0a cassa\u00e7\u00e3o significa que\u00a0<a href=\"https:\/\/g1.globo.com\/sp\/sao-paulo\/noticia\/2022\/04\/20\/arthur-do-val-pode-ficar-inelegivel-por-oito-anos-mesmo-apos-renuncia-dizem-especialistas-entenda-processo.ghtml\">ele perder\u00e1 os direitos pol\u00edticos por oito anos, segundo a Lei da Ficha Limpa<\/a>.<\/p>\n<p style=\"text-align: justify;\">A cassa\u00e7\u00e3o foi aprovada por unanimidade entre todos os 73 deputados que participaram da sess\u00e3o. Para ter o mandato cassado, era preciso 48 votos entre os 94 deputados estaduais da\u00a0<a href=\"https:\/\/g1.globo.com\/tudo-sobre\/alesp\/\">Alesp<\/a>. A aprova\u00e7\u00e3o ocorreu em sess\u00e3o muito curta para os padr\u00f5es do Poder Legislativo paulista.<\/p>\n<p style=\"text-align: justify;\">Conhecido como \u2018Mam\u00e3e Falei\u2019,\u00a0<a href=\"https:\/\/g1.globo.com\/tudo-sobre\/arthur-do-val\/\">Arthur do Val<\/a>\u00a0\u00e9 o primeiro deputado cassado pela\u00a0<a href=\"https:\/\/g1.globo.com\/tudo-sobre\/alesp\/\">Alesp<\/a>\u00a0em mais de 23 anos. O \u00faltimo parlamentar que havia sido cassado pelo Legislativo Paulista foi o ex-deputado Hanna Garib, em 1999, que era acusado de fazer parte da chamada &#8220;m\u00e1fia dos fiscais&#8221; da cidade de S\u00e3o Paulo, na \u00e9poca que era vereador da capital.<\/p>\n<p style=\"text-align: justify;\">\n<p style=\"text-align: justify;\">O que disse\u00a0<a href=\"https:\/\/g1.globo.com\/tudo-sobre\/arthur-do-val\/\">Arthur do Val<\/a><\/p>\n<p style=\"text-align: justify;\">\n<p style=\"text-align: justify;\">Por meio de nota, a assessoria de\u00a0<a href=\"https:\/\/g1.globo.com\/tudo-sobre\/arthur-do-val\/\">Arthur do Val<\/a>\u00a0afirmou que \u201ca decis\u00e3o do plen\u00e1rio da\u00a0<a href=\"https:\/\/g1.globo.com\/tudo-sobre\/alesp\/\">Alesp<\/a>\u00a0deixa claro que foi promovida uma persegui\u00e7\u00e3o contra\u00a0<a href=\"https:\/\/g1.globo.com\/tudo-sobre\/arthur-do-val\/\">Arthur do Val<\/a>\u00a0e que o motivo principal n\u00e3o era o seu mandato, ao qual j\u00e1 renunciou, mas sim retir\u00e1-lo da disputa eleitoral deste ano\u201d.<\/p>\n<p style=\"text-align: justify;\">\u201cA despropor\u00e7\u00e3o da sua puni\u00e7\u00e3o fica evidente j\u00e1 que a mesma Casa foi branda em rela\u00e7\u00e3o a casos muito mais graves, como o do parlamentar Fernando Cury, que apalpou os seios de uma deputada e foi suspenso por apenas seis meses\u201d, disse a nota.<\/p>\n<p style=\"text-align: justify;\">No in\u00edcio da sess\u00e3o, o advogado de\u00a0<a href=\"https:\/\/g1.globo.com\/tudo-sobre\/arthur-do-val\/\">Arthur do Val<\/a>, Paulo Henrique Franco Bueno, discursou e voltou a comparar o caso do parlamentar com a situa\u00e7\u00e3o que envolveu o tamb\u00e9m deputado Fernando Cury, acusado de ass\u00e9dio contra a tamb\u00e9m deputada Isa Penna. Cury foi suspenso pela\u00a0<a href=\"https:\/\/g1.globo.com\/tudo-sobre\/alesp\/\">Alesp<\/a>\u00a0por 180 dias.<\/p>\n<p style=\"text-align: justify;\">O advogado defendeu ainda o uso ilegal de provas e inadmissibilidade do uso dos \u00e1udios privados de\u00a0<a href=\"https:\/\/g1.globo.com\/tudo-sobre\/arthur-do-val\/\">Arthur do Val<\/a>\u00a0no processo, pois foram vazados sem a autoriza\u00e7\u00e3o do parlamentar. O defensor ainda pontuou que n\u00e3o houve per\u00edcia nas evid\u00eancias.<\/p>\n<p style=\"text-align: justify;\">O voto de n\u00famero 48 que selou a cassa\u00e7\u00e3o do parlamentar nesta ter\u00e7a (17) foi dado pelo deputado Gil Diniz (PL), que\u00a0<a href=\"https:\/\/g1.globo.com\/sp\/sao-paulo\/noticia\/2021\/12\/16\/deputado-gil-diniz-tenta-tomar-celular-de-arthur-do-val-durante-filmagem-de-manifestantes-na-alesp-caso-deve-ir-ao-conselho-de-etica.ghtml\">v\u00e1rias vezes entrou em embates com Do Val no plen\u00e1rio da Alesp.<\/a><\/p>\n<p style=\"text-align: justify;\">Hist\u00f3rico<\/p>\n<p style=\"text-align: justify;\"><a href=\"https:\/\/g1.globo.com\/tudo-sobre\/arthur-do-val\/\">Arthur do Val<\/a>\u00a0renunciou ao cargo em abril, ap\u00f3s o Conselho de \u00c9tica da Assembleia Legislativa de S\u00e3o Paulo (<a href=\"https:\/\/g1.globo.com\/tudo-sobre\/alesp\/\">Alesp<\/a>) aprovar, por unanimidade, o processo que poderia gerar a cassa\u00e7\u00e3o do seu mandato.<\/p>\n<p style=\"text-align: justify;\">Ele era alvo\u00a0<a href=\"https:\/\/g1.globo.com\/sp\/sao-paulo\/noticia\/2022\/04\/20\/arthur-do-val-renuncia-ao-cargo-de-deputado-estadual-apos-aprovar-abertura-de-processo.ghtml\">no colegiado de 21 representa\u00e7\u00f5es\u00a0<\/a>pedindo a cassa\u00e7\u00e3o por quebra de decoro parlamentar, ap\u00f3s dizer frases sexistas contra mulheres refugiadas ucranianas.<\/p>\n<p style=\"text-align: justify;\"><a href=\"https:\/\/g1.globo.com\/tudo-sobre\/arthur-do-val\/https:\/g1.globo.com\/sp\/sao-paulo\/noticia\/2022\/04\/20\/arthur-do-val-pode-ficar-inelegivel-por-oito-anos-mesmo-apos-renuncia-dizem-especialistas-entenda-processo.ghtml\">Arthur do Val pode ficar ineleg\u00edvel por oito anos mesmo ap\u00f3s ren\u00fancia, dizem especialistas; entenda processo<\/a><\/p>\n<p style=\"text-align: justify;\">&#8220;Sem o mandato, os deputados agora ser\u00e3o obrigados a discutir apenas os meus direitos pol\u00edticos e vai ficar claro que eles querem na verdade \u00e9 me tirar das pr\u00f3ximas elei\u00e7\u00f5es&#8221;, disse do Val em nota ap\u00f3s deixar a Casa.<\/p>\n<p style=\"text-align: justify;\">&#8220;Estou sendo v\u00edtima de um processo injusto e arbitr\u00e1rio dentro da\u00a0<a href=\"https:\/\/g1.globo.com\/tudo-sobre\/alesp\/\">Alesp<\/a>. O amplo direito a defesa foi ignorado pelos deputados, que promovem uma persegui\u00e7\u00e3o pol\u00edtica. Vou renunciar ao meu mandato em respeito aos 500 mil paulistas que votaram em mim, para que n\u00e3o vejam seus votos sendo subjugados pela Assembleia. Mas n\u00e3o pensem que desisti, continuarei lutando pelos meus direitos.\u201d<\/p>\n<p style=\"text-align: justify;\">\n<p style=\"text-align: justify;\">Conselho de \u00c9tica da\u00a0<a href=\"https:\/\/g1.globo.com\/tudo-sobre\/alesp\/\">Alesp<\/a><\/p>\n<p style=\"text-align: justify;\">\n<p style=\"text-align: justify;\">O processo pedindo a cassa\u00e7\u00e3o de\u00a0<a href=\"https:\/\/g1.globo.com\/tudo-sobre\/arthur-do-val\/\">Arthur do Val<\/a>\u00a0<a href=\"https:\/\/g1.globo.com\/sp\/sao-paulo\/noticia\/2022\/04\/12\/conselho-de-etica-da-alesp-vota-pedido-de-cassacao-de-arthur-do-val-por-falas-machistas-contra-refugiadas-ucranianas.ghtml\">foi aprovado no Conselho de \u00c9tica da Alesp<\/a>\u00a0no \u00faltimo dia 12 de abril.<\/p>\n<p style=\"text-align: justify;\">Os nove membros do conselho acataram o parecer do relator Delegado Olim (PP), que viu quebra de decoro parlamentar no deputado ap\u00f3s a divulga\u00e7\u00e3o de \u00e1udios machistas sobre refugiadas ucranianas, vazados no in\u00edcio de mar\u00e7o, durante viagem para suposta ajuda humanit\u00e1ria ao pa\u00eds.<\/p>\n<p style=\"text-align: justify;\">\n<p style=\"text-align: justify;\">Ap\u00f3s a aprova\u00e7\u00e3o do parecer no colegiado, o processo seguiu para a Mesa Diretora da Casa.<\/p>\n<p style=\"text-align: justify;\">Arthur do Val: o que o deputado disse sobre ucranianas e o que aconteceu depois; entenda<\/p>\n<p style=\"text-align: justify;\">\n<p style=\"text-align: justify;\">O que dizem os \u00e1udios?<\/p>\n<p style=\"text-align: justify;\">\n<p style=\"text-align: justify;\">Nos \u00e1udios, que circularam nas redes sociais e teriam sido enviados para um grupo de amigos do parlamentar, h\u00e1 declara\u00e7\u00f5es machistas e mis\u00f3ginas.<\/p>\n<p style=\"text-align: justify;\">\u201cS\u00e3o f\u00e1ceis, porque elas s\u00e3o pobres. E aqui minha carta do Instagram, cheia de inscritos, funciona demais. N\u00e3o peguei ningu\u00e9m, mas eu colei em duas \u2018minas\u2019, em dois grupos de \u2018mina\u2019. \u00c9 inacredit\u00e1vel a facilidade. Essas &#8216;minas&#8217; em S\u00e3o Paulo voc\u00ea d\u00e1 bom dia e ela ia cuspir na sua cara e aqui s\u00e3o super simp\u00e1ticas&#8221;, diz o \u00e1udio.<\/p>\n<p style=\"text-align: justify;\">As declara\u00e7\u00f5es teriam sido feitas durante viagem \u00e0 Ucr\u00e2nia. Ele disse ter viajado para enviar doa\u00e7\u00f5es para refugiados ucranianos ap\u00f3s a invas\u00e3o da R\u00fassia ao pa\u00eds.<\/p>\n<p style=\"text-align: justify;\">Nos \u00e1udios, o deputado tamb\u00e9m teria comparado a fila de refugiadas \u00e0 fila de uma balada.<\/p>\n<p style=\"text-align: justify;\">&#8220;Acabei de cruzar a fronteira a p\u00e9 aqui, da Ucr\u00e2nia com a Eslov\u00e1quia. Eu juro, nunca na minha vida vi nada parecido em termos de \u2018mina\u2019 bonita. A fila das refugiadas, irm\u00e3o. Imagina uma fila de sei l\u00e1, de 200 metros ou mais, s\u00f3 deusa. Sem no\u00e7\u00e3o, inacredit\u00e1vel, \u00e9 um bagulho fora de s\u00e9rie. Se pegar a fila da melhor balada do Brasil, na melhor \u00e9poca do ano, n\u00e3o chega aos p\u00e9s da fila de refugiados aqui.&#8221;<\/p>\n<p style=\"text-align: justify;\">Em outro trecho, o \u00e1udio diz: &#8220;Passei agora quatro barreiras alfandeg\u00e1rias, duas casinhas pra cada pa\u00eds. Eu contei, s\u00e3o doze policiais deusas. Que voc\u00ea casa e faz tudo que ela quiser. Eu estou mal cara, n\u00e3o tenho nem palavras para expressar. Quatro dessas eram &#8216;minas&#8217; que voc\u00ea se ela cagar voc\u00ea limpa o c* dela com a l\u00edngua. Assim que essa guerra passar eu vou voltar para c\u00e1&#8221;.<\/p>\n<p style=\"text-align: justify;\">\n<p style=\"text-align: justify;\">Por\u00a0 g1 SP<\/p>\n","protected":false},"excerpt":{"rendered":"<p>A Assembleia Legislativa de S\u00e3o Paulo (Alesp) aprovou nesta ter\u00e7a-feira (17) a cassa\u00e7\u00e3o do mandato do ex-deputado estadual\u00a0Arthur do Val\u00a0(Uni\u00e3o Brasil). Apesar\u00a0dele ter renunciado ao cargo,\u00a0a cassa\u00e7\u00e3o significa que\u00a0ele perder\u00e1 os direitos pol\u00edticos por oito anos, segundo a Lei da Ficha Limpa. A cassa\u00e7\u00e3o foi aprovada por unanimidade entre todos os 73 deputados que participaram [&hellip;]<\/p>\n","protected":false},"author":1,"featured_media":37290,"comment_status":"closed","ping_status":"open","sticky":false,"template":"","format":"standard","meta":{"_uag_custom_page_level_css":"","_monsterinsights_skip_tracking":false,"_monsterinsights_sitenote_active":false,"_monsterinsights_sitenote_note":"","_monsterinsights_sitenote_category":0,"jetpack_post_was_ever_published":false,"_jetpack_newsletter_access":"","_jetpack_dont_email_post_to_subs":false,"_jetpack_newsletter_tier_id":0,"_jetpack_memberships_contains_paywalled_content":false,"_jetpack_memberships_contains_paid_content":false,"footnotes":"","jetpack_publicize_message":"","jetpack_publicize_feature_enabled":true,"jetpack_social_post_already_shared":true,"jetpack_social_options":{"image_generator_settings":{"template":"highway","default_image_id":0,"font":"","enabled":false},"version":2}},"categories":[197],"tags":[9565,3428,9566,9568,9567],"class_list":["post-37289","post","type-post","status-publish","format-standard","has-post-thumbnail","hentry","category-politica","tag-alesp","tag-aprovacao","tag-cassacao-de-arthur-do-val","tag-oito-anos","tag-perde-direitos-politicos"],"jetpack_publicize_connections":[],"jetpack_featured_media_url":"https:\/\/blogopara.com.br\/wp-content\/uploads\/2022\/05\/th.jpg","uagb_featured_image_src":{"full":["https:\/\/blogopara.com.br\/wp-content\/uploads\/2022\/05\/th.jpg",500,264,false],"thumbnail":["https:\/\/blogopara.com.br\/wp-content\/uploads\/2022\/05\/th-150x150.jpg",150,150,true],"medium":["https:\/\/blogopara.com.br\/wp-content\/uploads\/2022\/05\/th-300x158.jpg",300,158,true],"medium_large":["https:\/\/blogopara.com.br\/wp-content\/uploads\/2022\/05\/th.jpg",500,264,false],"large":["https:\/\/blogopara.com.br\/wp-content\/uploads\/2022\/05\/th.jpg",500,264,false],"1536x1536":["https:\/\/blogopara.com.br\/wp-content\/uploads\/2022\/05\/th.jpg",500,264,false],"2048x2048":["https:\/\/blogopara.com.br\/wp-content\/uploads\/2022\/05\/th.jpg",500,264,false],"mantranews-slider-large":["https:\/\/blogopara.com.br\/wp-content\/uploads\/2022\/05\/th.jpg",500,264,false],"mantranews-featured-medium":["https:\/\/blogopara.com.br\/wp-content\/uploads\/2022\/05\/th-420x264.jpg",420,264,true],"mantranews-featured-long":["https:\/\/blogopara.com.br\/wp-content\/uploads\/2022\/05\/th-300x264.jpg",300,264,true],"mantranews-block-medium":["https:\/\/blogopara.com.br\/wp-content\/uploads\/2022\/05\/th-464x264.jpg",464,264,true],"mantranews-carousel-image":["https:\/\/blogopara.com.br\/wp-content\/uploads\/2022\/05\/th.jpg",500,264,false],"mantranews-block-thumb":["https:\/\/blogopara.com.br\/wp-content\/uploads\/2022\/05\/th-322x230.jpg",322,230,true],"mantranews-single-large":["https:\/\/blogopara.com.br\/wp-content\/uploads\/2022\/05\/th.jpg",500,264,false]},"uagb_author_info":{"display_name":"Reda\u00e7\u00e3o geral","author_link":"https:\/\/blogopara.com.br\/index.php\/author\/blogopara"},"uagb_comment_info":0,"uagb_excerpt":"A Assembleia Legislativa de S\u00e3o Paulo (Alesp) aprovou nesta ter\u00e7a-feira (17) a cassa\u00e7\u00e3o do mandato do ex-deputado estadual\u00a0Arthur do Val\u00a0(Uni\u00e3o Brasil). Apesar\u00a0dele ter renunciado ao cargo,\u00a0a cassa\u00e7\u00e3o significa que\u00a0ele perder\u00e1 os direitos pol\u00edticos por oito anos, segundo a Lei da Ficha Limpa. A cassa\u00e7\u00e3o foi aprovada por unanimidade entre todos os 73 deputados que participaram&hellip;","jetpack_sharing_enabled":true,"jetpack_likes_enabled":true,"_links":{"self":[{"href":"https:\/\/blogopara.com.br\/index.php\/wp-json\/wp\/v2\/posts\/37289","targetHints":{"allow":["GET"]}}],"collection":[{"href":"https:\/\/blogopara.com.br\/index.php\/wp-json\/wp\/v2\/posts"}],"about":[{"href":"https:\/\/blogopara.com.br\/index.php\/wp-json\/wp\/v2\/types\/post"}],"author":[{"embeddable":true,"href":"https:\/\/blogopara.com.br\/index.php\/wp-json\/wp\/v2\/users\/1"}],"replies":[{"embeddable":true,"href":"https:\/\/blogopara.com.br\/index.php\/wp-json\/wp\/v2\/comments?post=37289"}],"version-history":[{"count":1,"href":"https:\/\/blogopara.com.br\/index.php\/wp-json\/wp\/v2\/posts\/37289\/revisions"}],"predecessor-version":[{"id":37291,"href":"https:\/\/blogopara.com.br\/index.php\/wp-json\/wp\/v2\/posts\/37289\/revisions\/37291"}],"wp:featuredmedia":[{"embeddable":true,"href":"https:\/\/blogopara.com.br\/index.php\/wp-json\/wp\/v2\/media\/37290"}],"wp:attachment":[{"href":"https:\/\/blogopara.com.br\/index.php\/wp-json\/wp\/v2\/media?parent=37289"}],"wp:term":[{"taxonomy":"category","embeddable":true,"href":"https:\/\/blogopara.com.br\/index.php\/wp-json\/wp\/v2\/categories?post=37289"},{"taxonomy":"post_tag","embeddable":true,"href":"https:\/\/blogopara.com.br\/index.php\/wp-json\/wp\/v2\/tags?post=37289"}],"curies":[{"name":"wp","href":"https:\/\/api.w.org\/{rel}","templated":true}]}}