{"id":37368,"date":"2022-05-19T17:36:00","date_gmt":"2022-05-19T20:36:00","guid":{"rendered":"https:\/\/blogopara.com.br\/?p=37368"},"modified":"2022-05-19T12:46:11","modified_gmt":"2022-05-19T15:46:11","slug":"pastor-e-preso-por-estuprar-e-passar-oleo-ungido-nas-partes-intimas-de-mulheres","status":"publish","type":"post","link":"https:\/\/blogopara.com.br\/index.php\/2022\/05\/19\/pastor-e-preso-por-estuprar-e-passar-oleo-ungido-nas-partes-intimas-de-mulheres","title":{"rendered":"Pastor \u00e9 preso por estuprar e passar &#8216;\u00f3leo ungido&#8217; nas partes \u00edntimas de mulheres"},"content":{"rendered":"<p style=\"text-align: justify;\">Um pastor foi preso nesta quarta-feira (17), na cidade de Confresa, interior do Mato Grosso, suspeito de estuprar quatro mulheres sendo duas delas menores de idade. Em depoimento \u00e0 Pol\u00edcia Civil, as v\u00edtimas disseram que o pastor ainda passava \u201c\u00f3leo ungido\u201d nas partes \u00edntimas das mulheres, com a alega\u00e7\u00e3o que iria tirar \u201cmagia negra\u201d dos corpos.<\/p>\n<p style=\"text-align: justify;\">De acordo com O Globo, os crimes aconteciam quando o pastor, Lourival Santos de Andrade, de 42 anos, que morava em Cuiab\u00e1, ia \u00e0 cidade de Confresa realizar cultos e encontros pastorais. As primeiras den\u00fancias foram registradas em agosto de 2021.<\/p>\n<p style=\"text-align: justify;\">Uma das v\u00edtimas, menor de idade, foi violentada durante uma confer\u00eancia na igreja, segundo informa\u00e7\u00f5es da Pol\u00edcia Civil. O pastor teria levado a menina num quarto fechado e cariciado as partes \u00edntimas dela. Numa outra oportunidade, o suspeito teria feito uma liga\u00e7\u00e3o de v\u00eddeo onde aparece manipulando e exibindo o \u00f3rg\u00e3o genital.<\/p>\n<div class=\"d-flex justify-content-center my-3\" style=\"text-align: justify;\">\n<div id=\"banner-300x250-1-area\" data-desktop=\"300x250\" data-mobile=\"320x50\" data-google-query-id=\"CKK-vYry6_cCFRMGuQYd8SoGag\">\n<div id=\"google_ads_iframe_\/8804\/parceiros\/bnews_0__container__\"><span style=\"color: initial; font-size: revert;\">Em relato, uma garota de 17 anos disse ter ido a igreja evang\u00e9lica pedir ora\u00e7\u00e3o para o pastor, no m\u00eas de fevereiro, quando foi encaminhada ao banheiro, onde o suspeito pediu para que ela passasse um \u00f3leo na barriga. Na sequ\u00eancia, o pastor pegou o produto e passou pelo corpo da menina, que relatou sentir tontura e, posteriormente, ter sido abusada.<\/span><\/div>\n<\/div>\n<\/div>\n<p style=\"text-align: justify;\">A investiga\u00e7\u00e3o da Delegacia de Confresa identificou um padr\u00e3o na conduta do suspeito. Os abusos eram realizados durante os atendimentos particulares. Ele sempre fazia uma ora\u00e7\u00e3o, passa \u00f3leo ungido nas partes \u00edntimas das v\u00edtimas e as violentava sexualmente.<\/p>\n<p>Fonte: BNews<\/p>\n","protected":false},"excerpt":{"rendered":"<p>Um pastor foi preso nesta quarta-feira (17), na cidade de Confresa, interior do Mato Grosso, suspeito de estuprar quatro mulheres sendo duas delas menores de idade. Em depoimento \u00e0 Pol\u00edcia Civil, as v\u00edtimas disseram que o pastor ainda passava \u201c\u00f3leo ungido\u201d nas partes \u00edntimas das mulheres, com a alega\u00e7\u00e3o que iria tirar \u201cmagia negra\u201d dos [&hellip;]<\/p>\n","protected":false},"author":1,"featured_media":37369,"comment_status":"closed","ping_status":"open","sticky":false,"template":"","format":"standard","meta":{"_uag_custom_page_level_css":"","_monsterinsights_skip_tracking":false,"_monsterinsights_sitenote_active":false,"_monsterinsights_sitenote_note":"","_monsterinsights_sitenote_category":0,"jetpack_post_was_ever_published":false,"_jetpack_newsletter_access":"","_jetpack_dont_email_post_to_subs":false,"_jetpack_newsletter_tier_id":0,"_jetpack_memberships_contains_paywalled_content":false,"_jetpack_memberships_contains_paid_content":false,"footnotes":"","jetpack_publicize_message":"","jetpack_publicize_feature_enabled":true,"jetpack_social_post_already_shared":true,"jetpack_social_options":{"image_generator_settings":{"template":"highway","default_image_id":0,"font":"","enabled":false},"version":2}},"categories":[200,202],"tags":[9594,9575,9593],"class_list":["post-37368","post","type-post","status-publish","format-standard","has-post-thumbnail","hentry","category-brasil","category-policia","tag-acusado-de-estuprar-fieis","tag-mato-grosso","tag-pastor-e-preso"],"jetpack_publicize_connections":[],"jetpack_featured_media_url":"https:\/\/blogopara.com.br\/wp-content\/uploads\/2022\/05\/pastor-igreja-evangelica-preso_widelg.jpg","uagb_featured_image_src":{"full":["https:\/\/blogopara.com.br\/wp-content\/uploads\/2022\/05\/pastor-igreja-evangelica-preso_widelg.jpg",500,278,false],"thumbnail":["https:\/\/blogopara.com.br\/wp-content\/uploads\/2022\/05\/pastor-igreja-evangelica-preso_widelg-150x150.jpg",150,150,true],"medium":["https:\/\/blogopara.com.br\/wp-content\/uploads\/2022\/05\/pastor-igreja-evangelica-preso_widelg-300x167.jpg",300,167,true],"medium_large":["https:\/\/blogopara.com.br\/wp-content\/uploads\/2022\/05\/pastor-igreja-evangelica-preso_widelg.jpg",500,278,false],"large":["https:\/\/blogopara.com.br\/wp-content\/uploads\/2022\/05\/pastor-igreja-evangelica-preso_widelg.jpg",500,278,false],"1536x1536":["https:\/\/blogopara.com.br\/wp-content\/uploads\/2022\/05\/pastor-igreja-evangelica-preso_widelg.jpg",500,278,false],"2048x2048":["https:\/\/blogopara.com.br\/wp-content\/uploads\/2022\/05\/pastor-igreja-evangelica-preso_widelg.jpg",500,278,false],"mantranews-slider-large":["https:\/\/blogopara.com.br\/wp-content\/uploads\/2022\/05\/pastor-igreja-evangelica-preso_widelg.jpg",500,278,false],"mantranews-featured-medium":["https:\/\/blogopara.com.br\/wp-content\/uploads\/2022\/05\/pastor-igreja-evangelica-preso_widelg-420x278.jpg",420,278,true],"mantranews-featured-long":["https:\/\/blogopara.com.br\/wp-content\/uploads\/2022\/05\/pastor-igreja-evangelica-preso_widelg-300x278.jpg",300,278,true],"mantranews-block-medium":["https:\/\/blogopara.com.br\/wp-content\/uploads\/2022\/05\/pastor-igreja-evangelica-preso_widelg-464x278.jpg",464,278,true],"mantranews-carousel-image":["https:\/\/blogopara.com.br\/wp-content\/uploads\/2022\/05\/pastor-igreja-evangelica-preso_widelg.jpg",500,278,false],"mantranews-block-thumb":["https:\/\/blogopara.com.br\/wp-content\/uploads\/2022\/05\/pastor-igreja-evangelica-preso_widelg-322x230.jpg",322,230,true],"mantranews-single-large":["https:\/\/blogopara.com.br\/wp-content\/uploads\/2022\/05\/pastor-igreja-evangelica-preso_widelg.jpg",500,278,false]},"uagb_author_info":{"display_name":"Reda\u00e7\u00e3o geral","author_link":"https:\/\/blogopara.com.br\/index.php\/author\/blogopara"},"uagb_comment_info":0,"uagb_excerpt":"Um pastor foi preso nesta quarta-feira (17), na cidade de Confresa, interior do Mato Grosso, suspeito de estuprar quatro mulheres sendo duas delas menores de idade. Em depoimento \u00e0 Pol\u00edcia Civil, as v\u00edtimas disseram que o pastor ainda passava \u201c\u00f3leo ungido\u201d nas partes \u00edntimas das mulheres, com a alega\u00e7\u00e3o que iria tirar \u201cmagia negra\u201d dos&hellip;","jetpack_sharing_enabled":true,"jetpack_likes_enabled":true,"_links":{"self":[{"href":"https:\/\/blogopara.com.br\/index.php\/wp-json\/wp\/v2\/posts\/37368","targetHints":{"allow":["GET"]}}],"collection":[{"href":"https:\/\/blogopara.com.br\/index.php\/wp-json\/wp\/v2\/posts"}],"about":[{"href":"https:\/\/blogopara.com.br\/index.php\/wp-json\/wp\/v2\/types\/post"}],"author":[{"embeddable":true,"href":"https:\/\/blogopara.com.br\/index.php\/wp-json\/wp\/v2\/users\/1"}],"replies":[{"embeddable":true,"href":"https:\/\/blogopara.com.br\/index.php\/wp-json\/wp\/v2\/comments?post=37368"}],"version-history":[{"count":1,"href":"https:\/\/blogopara.com.br\/index.php\/wp-json\/wp\/v2\/posts\/37368\/revisions"}],"predecessor-version":[{"id":37370,"href":"https:\/\/blogopara.com.br\/index.php\/wp-json\/wp\/v2\/posts\/37368\/revisions\/37370"}],"wp:featuredmedia":[{"embeddable":true,"href":"https:\/\/blogopara.com.br\/index.php\/wp-json\/wp\/v2\/media\/37369"}],"wp:attachment":[{"href":"https:\/\/blogopara.com.br\/index.php\/wp-json\/wp\/v2\/media?parent=37368"}],"wp:term":[{"taxonomy":"category","embeddable":true,"href":"https:\/\/blogopara.com.br\/index.php\/wp-json\/wp\/v2\/categories?post=37368"},{"taxonomy":"post_tag","embeddable":true,"href":"https:\/\/blogopara.com.br\/index.php\/wp-json\/wp\/v2\/tags?post=37368"}],"curies":[{"name":"wp","href":"https:\/\/api.w.org\/{rel}","templated":true}]}}