{"id":37371,"date":"2022-05-19T18:46:00","date_gmt":"2022-05-19T21:46:00","guid":{"rendered":"https:\/\/blogopara.com.br\/?p=37371"},"modified":"2022-05-19T12:55:22","modified_gmt":"2022-05-19T15:55:22","slug":"biologo-explica-sumico-das-ararinhas-azuis-da-caatinga","status":"publish","type":"post","link":"https:\/\/blogopara.com.br\/index.php\/2022\/05\/19\/biologo-explica-sumico-das-ararinhas-azuis-da-caatinga","title":{"rendered":"Bi\u00f3logo explica &#8220;sumi\u00e7o&#8221; das ararinhas-azuis da caatinga"},"content":{"rendered":"<p style=\"text-align: justify;\">Um momento hist\u00f3rico e significativo para o Sert\u00e3o do S\u00e3o Francisco e, principalmente para Cura\u00e7\u00e1, no norte da Bahia, ir\u00e1 marcar o pr\u00f3ximo dia 11 de junho. Ararinhas -azuis, esp\u00e9cie nativa amea\u00e7ada de extin\u00e7\u00e3o, que teve sua \u00faltima apari\u00e7\u00e3o em outubro de 2000 pela regi\u00e3o, ser\u00e3o reintroduzidas ao seu local de origem.<\/p>\n<p style=\"text-align: justify;\">Uma das maiores d\u00favidas acerca da quase extin\u00e7\u00e3o das ararinhas-azuis diz respeito ao motivo que as levou a &#8220;sumirem.&#8221; De acordo com o Diretor do Projeto Bluesky Caatinga, Ugo Vercillo, a ca\u00e7a ilegal desenfreada foi crucial para o desaparecimento das aves. &#8220;A ararinha sempre foi muito procurada para o tr\u00e1fico ilegal de animais como item de colecionador, capturadas muito jovens e enviadas ao exterior at\u00e9 o \u00faltimo macho desaparecer em 2000&#8221;, explica.<\/p>\n<p style=\"text-align: justify;\">Ap\u00f3s anos de trabalho para a recupera\u00e7\u00e3o da esp\u00e9cie, em mar\u00e7o de 2020, 52 ararinhas-azuis (49 oriundas da ACTP Alemanha e tr\u00eas do Zool\u00f3gico Pairi Daiza na B\u00e9lgica) chegaram a Cura\u00e7\u00e1, onde est\u00e3o sendo preparadas para viverem livres na natureza a partir do dia 11 de junho.<\/p>\n<p style=\"text-align: justify;\">Ap\u00f3s serem soltas, as ararinhas-azuis ser\u00e3o monitoradas para que se perceba o comportamento delas na natureza, uma vez que s\u00f3 vivera em cativeiro. &#8220;Essa \u00e9 a primeira soltura de outras que pretendemos fazer ao longo dos anos. Agora \u00e9 contar com a parceria da popula\u00e7\u00e3o da localidade de onde a ave \u00e9 oriunda, em Cura\u00e7\u00e1, para que tamb\u00e9m auxiliem no cuidado da esp\u00e9cie e possamos preserv\u00e1-la, contar com a conscientiza\u00e7\u00e3o das pessoas para que n\u00e3o capturem a ararinha-azul para que elas possam se reproduzir e voar livre\u201d, destaca Ugo.<\/p>\n<p style=\"text-align: justify;\">\n<p style=\"text-align: justify;\">Karem Moraes<br \/>\nJornalista | Social Media<br \/>\n(87) 9 8804-3584<\/p>\n","protected":false},"excerpt":{"rendered":"<p>Um momento hist\u00f3rico e significativo para o Sert\u00e3o do S\u00e3o Francisco e, principalmente para Cura\u00e7\u00e1, no norte da Bahia, ir\u00e1 marcar o pr\u00f3ximo dia 11 de junho. Ararinhas -azuis, esp\u00e9cie nativa amea\u00e7ada de extin\u00e7\u00e3o, que teve sua \u00faltima apari\u00e7\u00e3o em outubro de 2000 pela regi\u00e3o, ser\u00e3o reintroduzidas ao seu local de origem. Uma das maiores [&hellip;]<\/p>\n","protected":false},"author":1,"featured_media":37373,"comment_status":"closed","ping_status":"open","sticky":false,"template":"","format":"standard","meta":{"_uag_custom_page_level_css":"","_monsterinsights_skip_tracking":false,"_monsterinsights_sitenote_active":false,"_monsterinsights_sitenote_note":"","_monsterinsights_sitenote_category":0,"jetpack_post_was_ever_published":false,"_jetpack_newsletter_access":"","_jetpack_dont_email_post_to_subs":false,"_jetpack_newsletter_tier_id":0,"_jetpack_memberships_contains_paywalled_content":false,"_jetpack_memberships_contains_paid_content":false,"footnotes":"","jetpack_publicize_message":"","jetpack_publicize_feature_enabled":true,"jetpack_social_post_already_shared":true,"jetpack_social_options":{"image_generator_settings":{"template":"highway","default_image_id":0,"font":"","enabled":false},"version":2}},"categories":[9595],"tags":[3930,9596,8431,9597],"class_list":["post-37371","post","type-post","status-publish","format-standard","has-post-thumbnail","hentry","category-sertao-do-sao-francisco","tag-ararinhas-azuis","tag-biologo","tag-caatinga","tag-explica-sumico"],"jetpack_publicize_connections":[],"jetpack_featured_media_url":"https:\/\/blogopara.com.br\/wp-content\/uploads\/2022\/05\/WhatsApp-Image-2022-05-17-at-09.55.42.jpeg","uagb_featured_image_src":{"full":["https:\/\/blogopara.com.br\/wp-content\/uploads\/2022\/05\/WhatsApp-Image-2022-05-17-at-09.55.42.jpeg",500,333,false],"thumbnail":["https:\/\/blogopara.com.br\/wp-content\/uploads\/2022\/05\/WhatsApp-Image-2022-05-17-at-09.55.42-150x150.jpeg",150,150,true],"medium":["https:\/\/blogopara.com.br\/wp-content\/uploads\/2022\/05\/WhatsApp-Image-2022-05-17-at-09.55.42-300x200.jpeg",300,200,true],"medium_large":["https:\/\/blogopara.com.br\/wp-content\/uploads\/2022\/05\/WhatsApp-Image-2022-05-17-at-09.55.42.jpeg",500,333,false],"large":["https:\/\/blogopara.com.br\/wp-content\/uploads\/2022\/05\/WhatsApp-Image-2022-05-17-at-09.55.42.jpeg",500,333,false],"1536x1536":["https:\/\/blogopara.com.br\/wp-content\/uploads\/2022\/05\/WhatsApp-Image-2022-05-17-at-09.55.42.jpeg",500,333,false],"2048x2048":["https:\/\/blogopara.com.br\/wp-content\/uploads\/2022\/05\/WhatsApp-Image-2022-05-17-at-09.55.42.jpeg",500,333,false],"mantranews-slider-large":["https:\/\/blogopara.com.br\/wp-content\/uploads\/2022\/05\/WhatsApp-Image-2022-05-17-at-09.55.42.jpeg",500,333,false],"mantranews-featured-medium":["https:\/\/blogopara.com.br\/wp-content\/uploads\/2022\/05\/WhatsApp-Image-2022-05-17-at-09.55.42-420x307.jpeg",420,307,true],"mantranews-featured-long":["https:\/\/blogopara.com.br\/wp-content\/uploads\/2022\/05\/WhatsApp-Image-2022-05-17-at-09.55.42-300x333.jpeg",300,333,true],"mantranews-block-medium":["https:\/\/blogopara.com.br\/wp-content\/uploads\/2022\/05\/WhatsApp-Image-2022-05-17-at-09.55.42-464x290.jpeg",464,290,true],"mantranews-carousel-image":["https:\/\/blogopara.com.br\/wp-content\/uploads\/2022\/05\/WhatsApp-Image-2022-05-17-at-09.55.42.jpeg",500,333,false],"mantranews-block-thumb":["https:\/\/blogopara.com.br\/wp-content\/uploads\/2022\/05\/WhatsApp-Image-2022-05-17-at-09.55.42-322x230.jpeg",322,230,true],"mantranews-single-large":["https:\/\/blogopara.com.br\/wp-content\/uploads\/2022\/05\/WhatsApp-Image-2022-05-17-at-09.55.42.jpeg",500,333,false]},"uagb_author_info":{"display_name":"Reda\u00e7\u00e3o geral","author_link":"https:\/\/blogopara.com.br\/index.php\/author\/blogopara"},"uagb_comment_info":0,"uagb_excerpt":"Um momento hist\u00f3rico e significativo para o Sert\u00e3o do S\u00e3o Francisco e, principalmente para Cura\u00e7\u00e1, no norte da Bahia, ir\u00e1 marcar o pr\u00f3ximo dia 11 de junho. Ararinhas -azuis, esp\u00e9cie nativa amea\u00e7ada de extin\u00e7\u00e3o, que teve sua \u00faltima apari\u00e7\u00e3o em outubro de 2000 pela regi\u00e3o, ser\u00e3o reintroduzidas ao seu local de origem. Uma das maiores&hellip;","jetpack_sharing_enabled":true,"jetpack_likes_enabled":true,"_links":{"self":[{"href":"https:\/\/blogopara.com.br\/index.php\/wp-json\/wp\/v2\/posts\/37371","targetHints":{"allow":["GET"]}}],"collection":[{"href":"https:\/\/blogopara.com.br\/index.php\/wp-json\/wp\/v2\/posts"}],"about":[{"href":"https:\/\/blogopara.com.br\/index.php\/wp-json\/wp\/v2\/types\/post"}],"author":[{"embeddable":true,"href":"https:\/\/blogopara.com.br\/index.php\/wp-json\/wp\/v2\/users\/1"}],"replies":[{"embeddable":true,"href":"https:\/\/blogopara.com.br\/index.php\/wp-json\/wp\/v2\/comments?post=37371"}],"version-history":[{"count":1,"href":"https:\/\/blogopara.com.br\/index.php\/wp-json\/wp\/v2\/posts\/37371\/revisions"}],"predecessor-version":[{"id":37374,"href":"https:\/\/blogopara.com.br\/index.php\/wp-json\/wp\/v2\/posts\/37371\/revisions\/37374"}],"wp:featuredmedia":[{"embeddable":true,"href":"https:\/\/blogopara.com.br\/index.php\/wp-json\/wp\/v2\/media\/37373"}],"wp:attachment":[{"href":"https:\/\/blogopara.com.br\/index.php\/wp-json\/wp\/v2\/media?parent=37371"}],"wp:term":[{"taxonomy":"category","embeddable":true,"href":"https:\/\/blogopara.com.br\/index.php\/wp-json\/wp\/v2\/categories?post=37371"},{"taxonomy":"post_tag","embeddable":true,"href":"https:\/\/blogopara.com.br\/index.php\/wp-json\/wp\/v2\/tags?post=37371"}],"curies":[{"name":"wp","href":"https:\/\/api.w.org\/{rel}","templated":true}]}}