{"id":37433,"date":"2022-05-21T18:43:00","date_gmt":"2022-05-21T21:43:00","guid":{"rendered":"https:\/\/blogopara.com.br\/?p=37433"},"modified":"2022-05-21T15:10:57","modified_gmt":"2022-05-21T18:10:57","slug":"gasto-com-sistema-prisional-e-quatro-vezes-maior-que-o-investido-em-educacao-basica-no-brasil","status":"publish","type":"post","link":"https:\/\/blogopara.com.br\/index.php\/2022\/05\/21\/gasto-com-sistema-prisional-e-quatro-vezes-maior-que-o-investido-em-educacao-basica-no-brasil","title":{"rendered":"Gasto com sistema prisional \u00e9 quatro vezes maior que o investido em educa\u00e7\u00e3o b\u00e1sica no Brasil"},"content":{"rendered":"<div class=\"mc-column content-text active-extra-styles \" data-block-type=\"unstyled\" data-block-weight=\"53\" data-block-id=\"2\">\n<p class=\"content-text__container \" style=\"text-align: justify;\" data-track-category=\"Link no Texto\" data-track-links=\"\">O Brasil investe quatro vezes mais no sistema prisional em compara\u00e7\u00e3o com a educa\u00e7\u00e3o b\u00e1sica, de acordo com um levantamento feito pela \u00a0Universidade de S\u00e3o Paulo (USP). Cada preso custa, em m\u00e9dia, R$ 1,8 mil por m\u00eas, enquanto um aluno de escola p\u00fablica nesta fase de ensino recebe R$ 470 em investimentos mensais.<\/p>\n<\/div>\n<div class=\"wall protected-content\">\n<div class=\"mc-column content-text active-extra-styles \" style=\"text-align: justify;\" data-block-type=\"unstyled\" data-block-weight=\"30\" data-block-id=\"4\">\n<p class=\"content-text__container \" data-track-category=\"Link no Texto\" data-track-links=\"\">O levantamento utiliza dados de 2022 do Conselho Nacional de Justi\u00e7a (CNJ) e do Fundo de Manuten\u00e7\u00e3o e Desenvolvimento da Educa\u00e7\u00e3o B\u00e1sica e de Valoriza\u00e7\u00e3o dos Profissionais da Educa\u00e7\u00e3o (Fundeb).<\/p>\n<\/div>\n<div class=\"mc-column content-text active-extra-styles \" style=\"text-align: justify;\" data-block-type=\"unstyled\" data-block-weight=\"42\" data-block-id=\"5\">\n<p class=\"content-text__container \" data-track-category=\"Link no Texto\" data-track-links=\"\">O comparativo dos dados \u00e9 feito por pesquisadores da Faculdade de Direito de Ribeir\u00e3o Preto (FDRP) da USP. A institui\u00e7\u00e3o realizou uma pesquisa pioneira que identificou a falta de transpar\u00eancia em rela\u00e7\u00e3o a informa\u00e7\u00f5es relacionadas aos gastos com presos nas penitenci\u00e1rias brasileiras.<\/p>\n<\/div>\n<div class=\"mc-column content-text active-extra-styles \" style=\"text-align: justify;\" data-block-type=\"unstyled\" data-block-weight=\"38\" data-block-id=\"7\">\n<p class=\"content-text__container \" data-track-category=\"Link no Texto\" data-track-links=\"\">Desde que o estudo foi realizado, em 2016, os dados passaram a ser atualizados mensalmente pelo CNJ. Um dos autores da pesquisa, o professor Cl\u00e1udio do Prado Amaral, afirma que \u00e9 uma &#8220;triste constata\u00e7\u00e3o&#8221; a discrep\u00e2ncia de gastos.<\/p>\n<\/div>\n<div class=\"mc-column content-text active-extra-styles \" style=\"text-align: justify;\" data-block-type=\"unstyled\" data-block-weight=\"17\" data-block-id=\"8\">\n<p class=\"content-text__container \" data-track-category=\"Link no Texto\" data-track-links=\"\">Para Amaral, o comparativo torna-se mais preocupante quando o n\u00edvel de ressocializa\u00e7\u00e3o dos encarcerados tamb\u00e9m \u00e9 analisado.<\/p>\n<\/div>\n<div class=\"content-ads content-ads--reveal\" data-block-type=\"ads\" data-block-id=\"9\">\n<div id=\"banner_materia2\" class=\"tag-manager-publicidade-container mc-has-reveal mc-has-ad-lazyload tag-manager-publicidade-banner_materia2 tag-manager-publicidade-container--carregado tag-manager-publicidade-container--visivel\" data-id=\"banner_materia2\" data-google-query-id=\"CKTvqu6W8fcCFQuClQIdBYkCtA\" data-cid=\"138353283419\" data-lid=\"5997432147\">\n<div id=\"google_ads_iframe_85042905\/info.web.oglobo\/brasil\/materia_2__container__\">\n<div id=\"google_ads_iframe_85042905\/info.web.oglobo\/brasil\/materia_2\" class=\"clever-core-ads\" tabindex=\"0\" title=\"3rd party ad content\" role=\"region\" aria-label=\"Advertisement\" data-load-complete=\"true\" data-google-container-id=\"6\">\n<div class=\"clever-core-super-top-board-scroll\" style=\"text-align: justify;\"><span style=\"font-size: revert; color: initial;\">\u2014 Quando n\u00f3s pensamos que investimos muito em sistema dessocializador, em compara\u00e7\u00e3o ao que investimos no que evita a pris\u00e3o, que \u00e9 a educa\u00e7\u00e3o, a gente tenta chamar a aten\u00e7\u00e3o sobre esse grande paradoxo, essa op\u00e7\u00e3o de pol\u00edtica criminal que o Brasil tem feito h\u00e1 d\u00e9cadas \u2014 afirma o docente.<\/span><\/div>\n<div>\u00a0<\/div>\n<\/div>\n<\/div>\n<\/div>\n<\/div>\n<\/div>\n\n\n<p><strong>Por O GLOBO\u00a0<\/strong><\/p>\n","protected":false},"excerpt":{"rendered":"<p>O Brasil investe quatro vezes mais no sistema prisional em compara\u00e7\u00e3o com a educa\u00e7\u00e3o b\u00e1sica, de acordo com um levantamento feito pela \u00a0Universidade de S\u00e3o Paulo (USP). Cada preso custa, em m\u00e9dia, R$ 1,8 mil por m\u00eas, enquanto um aluno de escola p\u00fablica nesta fase de ensino recebe R$ 470 em investimentos mensais. O levantamento [&hellip;]<\/p>\n","protected":false},"author":1,"featured_media":37434,"comment_status":"closed","ping_status":"open","sticky":false,"template":"","format":"standard","meta":{"_uag_custom_page_level_css":"","_monsterinsights_skip_tracking":false,"_monsterinsights_sitenote_active":false,"_monsterinsights_sitenote_note":"","_monsterinsights_sitenote_category":0,"jetpack_post_was_ever_published":false,"_jetpack_newsletter_access":"","_jetpack_dont_email_post_to_subs":false,"_jetpack_newsletter_tier_id":0,"_jetpack_memberships_contains_paywalled_content":false,"_jetpack_memberships_contains_paid_content":false,"footnotes":"","jetpack_publicize_message":"","jetpack_publicize_feature_enabled":true,"jetpack_social_post_already_shared":true,"jetpack_social_options":{"image_generator_settings":{"template":"highway","default_image_id":0,"font":"","enabled":false},"version":2}},"categories":[200],"tags":[14,3163,9628,9627,227],"class_list":["post-37433","post","type-post","status-publish","format-standard","has-post-thumbnail","hentry","category-brasil","tag-brasil","tag-gasto","tag-investimento-em-educacao","tag-quatro-vezes-maior","tag-sistema-prisional"],"jetpack_publicize_connections":[],"jetpack_featured_media_url":"https:\/\/blogopara.com.br\/wp-content\/uploads\/2022\/05\/IMAGEM_NOTICIA_0.jpg","uagb_featured_image_src":{"full":["https:\/\/blogopara.com.br\/wp-content\/uploads\/2022\/05\/IMAGEM_NOTICIA_0.jpg",500,333,false],"thumbnail":["https:\/\/blogopara.com.br\/wp-content\/uploads\/2022\/05\/IMAGEM_NOTICIA_0-150x150.jpg",150,150,true],"medium":["https:\/\/blogopara.com.br\/wp-content\/uploads\/2022\/05\/IMAGEM_NOTICIA_0-300x200.jpg",300,200,true],"medium_large":["https:\/\/blogopara.com.br\/wp-content\/uploads\/2022\/05\/IMAGEM_NOTICIA_0.jpg",500,333,false],"large":["https:\/\/blogopara.com.br\/wp-content\/uploads\/2022\/05\/IMAGEM_NOTICIA_0.jpg",500,333,false],"1536x1536":["https:\/\/blogopara.com.br\/wp-content\/uploads\/2022\/05\/IMAGEM_NOTICIA_0.jpg",500,333,false],"2048x2048":["https:\/\/blogopara.com.br\/wp-content\/uploads\/2022\/05\/IMAGEM_NOTICIA_0.jpg",500,333,false],"mantranews-slider-large":["https:\/\/blogopara.com.br\/wp-content\/uploads\/2022\/05\/IMAGEM_NOTICIA_0.jpg",500,333,false],"mantranews-featured-medium":["https:\/\/blogopara.com.br\/wp-content\/uploads\/2022\/05\/IMAGEM_NOTICIA_0-420x307.jpg",420,307,true],"mantranews-featured-long":["https:\/\/blogopara.com.br\/wp-content\/uploads\/2022\/05\/IMAGEM_NOTICIA_0-300x333.jpg",300,333,true],"mantranews-block-medium":["https:\/\/blogopara.com.br\/wp-content\/uploads\/2022\/05\/IMAGEM_NOTICIA_0-464x290.jpg",464,290,true],"mantranews-carousel-image":["https:\/\/blogopara.com.br\/wp-content\/uploads\/2022\/05\/IMAGEM_NOTICIA_0.jpg",500,333,false],"mantranews-block-thumb":["https:\/\/blogopara.com.br\/wp-content\/uploads\/2022\/05\/IMAGEM_NOTICIA_0-322x230.jpg",322,230,true],"mantranews-single-large":["https:\/\/blogopara.com.br\/wp-content\/uploads\/2022\/05\/IMAGEM_NOTICIA_0.jpg",500,333,false]},"uagb_author_info":{"display_name":"Reda\u00e7\u00e3o geral","author_link":"https:\/\/blogopara.com.br\/index.php\/author\/blogopara"},"uagb_comment_info":0,"uagb_excerpt":"O Brasil investe quatro vezes mais no sistema prisional em compara\u00e7\u00e3o com a educa\u00e7\u00e3o b\u00e1sica, de acordo com um levantamento feito pela \u00a0Universidade de S\u00e3o Paulo (USP). Cada preso custa, em m\u00e9dia, R$ 1,8 mil por m\u00eas, enquanto um aluno de escola p\u00fablica nesta fase de ensino recebe R$ 470 em investimentos mensais. O levantamento&hellip;","jetpack_sharing_enabled":true,"jetpack_likes_enabled":true,"_links":{"self":[{"href":"https:\/\/blogopara.com.br\/index.php\/wp-json\/wp\/v2\/posts\/37433","targetHints":{"allow":["GET"]}}],"collection":[{"href":"https:\/\/blogopara.com.br\/index.php\/wp-json\/wp\/v2\/posts"}],"about":[{"href":"https:\/\/blogopara.com.br\/index.php\/wp-json\/wp\/v2\/types\/post"}],"author":[{"embeddable":true,"href":"https:\/\/blogopara.com.br\/index.php\/wp-json\/wp\/v2\/users\/1"}],"replies":[{"embeddable":true,"href":"https:\/\/blogopara.com.br\/index.php\/wp-json\/wp\/v2\/comments?post=37433"}],"version-history":[{"count":2,"href":"https:\/\/blogopara.com.br\/index.php\/wp-json\/wp\/v2\/posts\/37433\/revisions"}],"predecessor-version":[{"id":37436,"href":"https:\/\/blogopara.com.br\/index.php\/wp-json\/wp\/v2\/posts\/37433\/revisions\/37436"}],"wp:featuredmedia":[{"embeddable":true,"href":"https:\/\/blogopara.com.br\/index.php\/wp-json\/wp\/v2\/media\/37434"}],"wp:attachment":[{"href":"https:\/\/blogopara.com.br\/index.php\/wp-json\/wp\/v2\/media?parent=37433"}],"wp:term":[{"taxonomy":"category","embeddable":true,"href":"https:\/\/blogopara.com.br\/index.php\/wp-json\/wp\/v2\/categories?post=37433"},{"taxonomy":"post_tag","embeddable":true,"href":"https:\/\/blogopara.com.br\/index.php\/wp-json\/wp\/v2\/tags?post=37433"}],"curies":[{"name":"wp","href":"https:\/\/api.w.org\/{rel}","templated":true}]}}