{"id":37466,"date":"2022-05-23T09:42:00","date_gmt":"2022-05-23T12:42:00","guid":{"rendered":"https:\/\/blogopara.com.br\/?p=37466"},"modified":"2022-05-23T08:19:51","modified_gmt":"2022-05-23T11:19:51","slug":"ivete-conta-no-fantastico-sobre-privilegio-de-celebrar-aniversario-em-juazeiro","status":"publish","type":"post","link":"https:\/\/blogopara.com.br\/index.php\/2022\/05\/23\/ivete-conta-no-fantastico-sobre-privilegio-de-celebrar-aniversario-em-juazeiro","title":{"rendered":"Ivete conta no Fant\u00e1stico sobre privil\u00e9gio de Celebrar anivers\u00e1rio em Juazeiro"},"content":{"rendered":"<p style=\"text-align: justify;\">Na\u00a0 semana de completar 50 anos,<strong>\u00a0Ivete Sangalo<\/strong> participou de um bate-papo, no Fant\u00e1stico com muita emo\u00e7\u00e3o. A entrevista foi exibida neste domingo (22), sob o comando da rep\u00f3rter Giuliana Girardi. Ivete falou sobre a expectativa de celebrar o anivers\u00e1rio com um show em Juazeiro(BA).<\/p>\n<p>\u201cO palco est\u00e1 montado na beira do rio para n\u00e3o ter d\u00favidas da conex\u00e3o. Vou estar na minha terra natal, cidade onde eu nasci, onde vivi com meus pais a minha inf\u00e2ncia, a minha adolesc\u00eancia e tantas mem\u00f3rias lindas. Celebrar dessa maneira \u00e9 muito privil\u00e9gio\u201d, contou. \u201cEstou viva. Eu s\u00f3 posso completar 50 anos porque estou vivendo\u201d, disse emocionada. O evento ser\u00e1 transmitido na TV Globo, no dia 27, depois de Pantanal.<\/p>\n<div style=\"text-align: justify;\"><\/div>\n<div style=\"text-align: justify;\">Fonte: Correio da Bahia<\/div>\n","protected":false},"excerpt":{"rendered":"<p>Na\u00a0 semana de completar 50 anos,\u00a0Ivete Sangalo participou de um bate-papo, no Fant\u00e1stico com muita emo\u00e7\u00e3o. A entrevista foi exibida neste domingo (22), sob o comando da rep\u00f3rter Giuliana Girardi. Ivete falou sobre a expectativa de celebrar o anivers\u00e1rio com um show em Juazeiro(BA). \u201cO palco est\u00e1 montado na beira do rio para n\u00e3o ter [&hellip;]<\/p>\n","protected":false},"author":1,"featured_media":37467,"comment_status":"closed","ping_status":"open","sticky":false,"template":"","format":"standard","meta":{"_uag_custom_page_level_css":"","_monsterinsights_skip_tracking":false,"_monsterinsights_sitenote_active":false,"_monsterinsights_sitenote_note":"","_monsterinsights_sitenote_category":0,"jetpack_post_was_ever_published":false,"_jetpack_newsletter_access":"","_jetpack_dont_email_post_to_subs":false,"_jetpack_newsletter_tier_id":0,"_jetpack_memberships_contains_paywalled_content":false,"_jetpack_memberships_contains_paid_content":false,"footnotes":"","jetpack_publicize_message":"","jetpack_publicize_feature_enabled":true,"jetpack_social_post_already_shared":true,"jetpack_social_options":{"image_generator_settings":{"template":"highway","default_image_id":0,"font":"","enabled":false},"version":2}},"categories":[199],"tags":[9641,9639,9638,9,9640],"class_list":["post-37466","post","type-post","status-publish","format-standard","has-post-thumbnail","hentry","category-bahia","tag-celebrar-aniversario","tag-conta-no-fantastico","tag-ivete","tag-juazeiro","tag-sobre-privilegio"],"jetpack_publicize_connections":[],"jetpack_featured_media_url":"https:\/\/blogopara.com.br\/wp-content\/uploads\/2022\/05\/iveteentrevista_alo_alo_bahia-1.png","uagb_featured_image_src":{"full":["https:\/\/blogopara.com.br\/wp-content\/uploads\/2022\/05\/iveteentrevista_alo_alo_bahia-1.png",500,476,false],"thumbnail":["https:\/\/blogopara.com.br\/wp-content\/uploads\/2022\/05\/iveteentrevista_alo_alo_bahia-1-150x150.png",150,150,true],"medium":["https:\/\/blogopara.com.br\/wp-content\/uploads\/2022\/05\/iveteentrevista_alo_alo_bahia-1-300x286.png",300,286,true],"medium_large":["https:\/\/blogopara.com.br\/wp-content\/uploads\/2022\/05\/iveteentrevista_alo_alo_bahia-1.png",500,476,false],"large":["https:\/\/blogopara.com.br\/wp-content\/uploads\/2022\/05\/iveteentrevista_alo_alo_bahia-1.png",500,476,false],"1536x1536":["https:\/\/blogopara.com.br\/wp-content\/uploads\/2022\/05\/iveteentrevista_alo_alo_bahia-1.png",500,476,false],"2048x2048":["https:\/\/blogopara.com.br\/wp-content\/uploads\/2022\/05\/iveteentrevista_alo_alo_bahia-1.png",500,476,false],"mantranews-slider-large":["https:\/\/blogopara.com.br\/wp-content\/uploads\/2022\/05\/iveteentrevista_alo_alo_bahia-1.png",500,476,false],"mantranews-featured-medium":["https:\/\/blogopara.com.br\/wp-content\/uploads\/2022\/05\/iveteentrevista_alo_alo_bahia-1-420x307.png",420,307,true],"mantranews-featured-long":["https:\/\/blogopara.com.br\/wp-content\/uploads\/2022\/05\/iveteentrevista_alo_alo_bahia-1-300x443.png",300,443,true],"mantranews-block-medium":["https:\/\/blogopara.com.br\/wp-content\/uploads\/2022\/05\/iveteentrevista_alo_alo_bahia-1-464x290.png",464,290,true],"mantranews-carousel-image":["https:\/\/blogopara.com.br\/wp-content\/uploads\/2022\/05\/iveteentrevista_alo_alo_bahia-1.png",500,476,false],"mantranews-block-thumb":["https:\/\/blogopara.com.br\/wp-content\/uploads\/2022\/05\/iveteentrevista_alo_alo_bahia-1-322x230.png",322,230,true],"mantranews-single-large":["https:\/\/blogopara.com.br\/wp-content\/uploads\/2022\/05\/iveteentrevista_alo_alo_bahia-1.png",500,476,false]},"uagb_author_info":{"display_name":"Reda\u00e7\u00e3o geral","author_link":"https:\/\/blogopara.com.br\/index.php\/author\/blogopara"},"uagb_comment_info":0,"uagb_excerpt":"Na\u00a0 semana de completar 50 anos,\u00a0Ivete Sangalo participou de um bate-papo, no Fant\u00e1stico com muita emo\u00e7\u00e3o. A entrevista foi exibida neste domingo (22), sob o comando da rep\u00f3rter Giuliana Girardi. Ivete falou sobre a expectativa de celebrar o anivers\u00e1rio com um show em Juazeiro(BA). \u201cO palco est\u00e1 montado na beira do rio para n\u00e3o ter&hellip;","jetpack_sharing_enabled":true,"jetpack_likes_enabled":true,"_links":{"self":[{"href":"https:\/\/blogopara.com.br\/index.php\/wp-json\/wp\/v2\/posts\/37466","targetHints":{"allow":["GET"]}}],"collection":[{"href":"https:\/\/blogopara.com.br\/index.php\/wp-json\/wp\/v2\/posts"}],"about":[{"href":"https:\/\/blogopara.com.br\/index.php\/wp-json\/wp\/v2\/types\/post"}],"author":[{"embeddable":true,"href":"https:\/\/blogopara.com.br\/index.php\/wp-json\/wp\/v2\/users\/1"}],"replies":[{"embeddable":true,"href":"https:\/\/blogopara.com.br\/index.php\/wp-json\/wp\/v2\/comments?post=37466"}],"version-history":[{"count":2,"href":"https:\/\/blogopara.com.br\/index.php\/wp-json\/wp\/v2\/posts\/37466\/revisions"}],"predecessor-version":[{"id":37469,"href":"https:\/\/blogopara.com.br\/index.php\/wp-json\/wp\/v2\/posts\/37466\/revisions\/37469"}],"wp:featuredmedia":[{"embeddable":true,"href":"https:\/\/blogopara.com.br\/index.php\/wp-json\/wp\/v2\/media\/37467"}],"wp:attachment":[{"href":"https:\/\/blogopara.com.br\/index.php\/wp-json\/wp\/v2\/media?parent=37466"}],"wp:term":[{"taxonomy":"category","embeddable":true,"href":"https:\/\/blogopara.com.br\/index.php\/wp-json\/wp\/v2\/categories?post=37466"},{"taxonomy":"post_tag","embeddable":true,"href":"https:\/\/blogopara.com.br\/index.php\/wp-json\/wp\/v2\/tags?post=37466"}],"curies":[{"name":"wp","href":"https:\/\/api.w.org\/{rel}","templated":true}]}}