{"id":37557,"date":"2022-05-24T18:48:00","date_gmt":"2022-05-24T21:48:00","guid":{"rendered":"https:\/\/blogopara.com.br\/?p=37557"},"modified":"2022-05-24T16:48:02","modified_gmt":"2022-05-24T19:48:02","slug":"suzana-ramos-e-finalista-do-premio-sebrae-prefeito-empreendedor","status":"publish","type":"post","link":"https:\/\/blogopara.com.br\/index.php\/2022\/05\/24\/suzana-ramos-e-finalista-do-premio-sebrae-prefeito-empreendedor","title":{"rendered":"Suzana Ramos \u00e9 finalista do Pr\u00eamio Sebrae &#8216;Prefeito Empreendedor&#8217;"},"content":{"rendered":"<p style=\"text-align: justify;\">A prefeita Suzana Ramos \u00e9 finalista do Pr\u00eamio &#8216;Prefeito Empreendedor&#8217;, que reconhece os prefeitos e prefeitas municipais que tenham implementado projetos com resultados comprovados de est\u00edmulo ao surgimento e ao desenvolvimento dos pequenos neg\u00f3cios, contribuindo de forma efetiva para o desenvolvimento econ\u00f4mico, ambiental e social em seus munic\u00edpios.<\/p>\n<p style=\"text-align: justify;\">A premia\u00e7\u00e3o \u00e9 realizada pelo Servi\u00e7o Brasileiro de Apoio \u00e0s Micro e Pequenas Empresas (Sebrae).<\/p>\n<p style=\"text-align: justify;\">Nesta 11\u00aa edi\u00e7\u00e3o do pr\u00eamio, a prefeita Suzana Ramos, atrav\u00e9s da Sala do Empreendedor, da Ag\u00eancia de Desenvolvimento Econ\u00f4mico, Agricultura e Pecu\u00e1ria (Adeap), concorre com o projeto &#8216;Desburocratiza Juazeiro&#8217;, voltado para a facilita\u00e7\u00e3o do processo de abertura de empresas no munic\u00edpio. Comprovadamente, com a execu\u00e7\u00e3o desse projeto, o prazo para abertura de empresas de m\u00e9dio e grande porte em Juazeiro reduziu de 15 dias para 2 dias e 1 hora.<\/p>\n<p style=\"text-align: justify;\">A cerim\u00f4nia de entrega do pr\u00eamio ser\u00e1 realizada nesta ter\u00e7a-feira (24), \u00e0s 18h, no Espa\u00e7o Multiuso do Sebrae Bahia, em Salvador.<\/p>\n<p style=\"text-align: justify;\">Ascom\/Gabinete\/PMJ<\/p>\n","protected":false},"excerpt":{"rendered":"<p>A prefeita Suzana Ramos \u00e9 finalista do Pr\u00eamio &#8216;Prefeito Empreendedor&#8217;, que reconhece os prefeitos e prefeitas municipais que tenham implementado projetos com resultados comprovados de est\u00edmulo ao surgimento e ao desenvolvimento dos pequenos neg\u00f3cios, contribuindo de forma efetiva para o desenvolvimento econ\u00f4mico, ambiental e social em seus munic\u00edpios. A premia\u00e7\u00e3o \u00e9 realizada pelo Servi\u00e7o Brasileiro [&hellip;]<\/p>\n","protected":false},"author":1,"featured_media":37558,"comment_status":"closed","ping_status":"open","sticky":false,"template":"","format":"standard","meta":{"_uag_custom_page_level_css":"","_monsterinsights_skip_tracking":false,"_monsterinsights_sitenote_active":false,"_monsterinsights_sitenote_note":"","_monsterinsights_sitenote_category":0,"jetpack_post_was_ever_published":false,"_jetpack_newsletter_access":"","_jetpack_dont_email_post_to_subs":false,"_jetpack_newsletter_tier_id":0,"_jetpack_memberships_contains_paywalled_content":false,"_jetpack_memberships_contains_paid_content":false,"footnotes":"","jetpack_publicize_message":"","jetpack_publicize_feature_enabled":true,"jetpack_social_post_already_shared":true,"jetpack_social_options":{"image_generator_settings":{"template":"highway","default_image_id":0,"font":"","enabled":false},"version":2}},"categories":[203],"tags":[9659,9661,9660,1508],"class_list":["post-37557","post","type-post","status-publish","format-standard","has-post-thumbnail","hentry","category-juazeiro","tag-finalista","tag-prefeito-empreendedor","tag-premio-sebrae","tag-suzana-ramos"],"jetpack_publicize_connections":[],"jetpack_featured_media_url":"https:\/\/blogopara.com.br\/wp-content\/uploads\/2022\/05\/suzanaPrefeitaSebrae.jpeg","uagb_featured_image_src":{"full":["https:\/\/blogopara.com.br\/wp-content\/uploads\/2022\/05\/suzanaPrefeitaSebrae.jpeg",500,331,false],"thumbnail":["https:\/\/blogopara.com.br\/wp-content\/uploads\/2022\/05\/suzanaPrefeitaSebrae-150x150.jpeg",150,150,true],"medium":["https:\/\/blogopara.com.br\/wp-content\/uploads\/2022\/05\/suzanaPrefeitaSebrae-300x199.jpeg",300,199,true],"medium_large":["https:\/\/blogopara.com.br\/wp-content\/uploads\/2022\/05\/suzanaPrefeitaSebrae.jpeg",500,331,false],"large":["https:\/\/blogopara.com.br\/wp-content\/uploads\/2022\/05\/suzanaPrefeitaSebrae.jpeg",500,331,false],"1536x1536":["https:\/\/blogopara.com.br\/wp-content\/uploads\/2022\/05\/suzanaPrefeitaSebrae.jpeg",500,331,false],"2048x2048":["https:\/\/blogopara.com.br\/wp-content\/uploads\/2022\/05\/suzanaPrefeitaSebrae.jpeg",500,331,false],"mantranews-slider-large":["https:\/\/blogopara.com.br\/wp-content\/uploads\/2022\/05\/suzanaPrefeitaSebrae.jpeg",500,331,false],"mantranews-featured-medium":["https:\/\/blogopara.com.br\/wp-content\/uploads\/2022\/05\/suzanaPrefeitaSebrae-420x307.jpeg",420,307,true],"mantranews-featured-long":["https:\/\/blogopara.com.br\/wp-content\/uploads\/2022\/05\/suzanaPrefeitaSebrae-300x331.jpeg",300,331,true],"mantranews-block-medium":["https:\/\/blogopara.com.br\/wp-content\/uploads\/2022\/05\/suzanaPrefeitaSebrae-464x290.jpeg",464,290,true],"mantranews-carousel-image":["https:\/\/blogopara.com.br\/wp-content\/uploads\/2022\/05\/suzanaPrefeitaSebrae.jpeg",500,331,false],"mantranews-block-thumb":["https:\/\/blogopara.com.br\/wp-content\/uploads\/2022\/05\/suzanaPrefeitaSebrae-322x230.jpeg",322,230,true],"mantranews-single-large":["https:\/\/blogopara.com.br\/wp-content\/uploads\/2022\/05\/suzanaPrefeitaSebrae.jpeg",500,331,false]},"uagb_author_info":{"display_name":"Reda\u00e7\u00e3o geral","author_link":"https:\/\/blogopara.com.br\/index.php\/author\/blogopara"},"uagb_comment_info":0,"uagb_excerpt":"A prefeita Suzana Ramos \u00e9 finalista do Pr\u00eamio &#8216;Prefeito Empreendedor&#8217;, que reconhece os prefeitos e prefeitas municipais que tenham implementado projetos com resultados comprovados de est\u00edmulo ao surgimento e ao desenvolvimento dos pequenos neg\u00f3cios, contribuindo de forma efetiva para o desenvolvimento econ\u00f4mico, ambiental e social em seus munic\u00edpios. A premia\u00e7\u00e3o \u00e9 realizada pelo Servi\u00e7o Brasileiro&hellip;","jetpack_sharing_enabled":true,"jetpack_likes_enabled":true,"_links":{"self":[{"href":"https:\/\/blogopara.com.br\/index.php\/wp-json\/wp\/v2\/posts\/37557","targetHints":{"allow":["GET"]}}],"collection":[{"href":"https:\/\/blogopara.com.br\/index.php\/wp-json\/wp\/v2\/posts"}],"about":[{"href":"https:\/\/blogopara.com.br\/index.php\/wp-json\/wp\/v2\/types\/post"}],"author":[{"embeddable":true,"href":"https:\/\/blogopara.com.br\/index.php\/wp-json\/wp\/v2\/users\/1"}],"replies":[{"embeddable":true,"href":"https:\/\/blogopara.com.br\/index.php\/wp-json\/wp\/v2\/comments?post=37557"}],"version-history":[{"count":1,"href":"https:\/\/blogopara.com.br\/index.php\/wp-json\/wp\/v2\/posts\/37557\/revisions"}],"predecessor-version":[{"id":37559,"href":"https:\/\/blogopara.com.br\/index.php\/wp-json\/wp\/v2\/posts\/37557\/revisions\/37559"}],"wp:featuredmedia":[{"embeddable":true,"href":"https:\/\/blogopara.com.br\/index.php\/wp-json\/wp\/v2\/media\/37558"}],"wp:attachment":[{"href":"https:\/\/blogopara.com.br\/index.php\/wp-json\/wp\/v2\/media?parent=37557"}],"wp:term":[{"taxonomy":"category","embeddable":true,"href":"https:\/\/blogopara.com.br\/index.php\/wp-json\/wp\/v2\/categories?post=37557"},{"taxonomy":"post_tag","embeddable":true,"href":"https:\/\/blogopara.com.br\/index.php\/wp-json\/wp\/v2\/tags?post=37557"}],"curies":[{"name":"wp","href":"https:\/\/api.w.org\/{rel}","templated":true}]}}