{"id":37703,"date":"2022-05-28T14:38:00","date_gmt":"2022-05-28T17:38:00","guid":{"rendered":"https:\/\/blogopara.com.br\/?p=37703"},"modified":"2022-05-28T14:11:17","modified_gmt":"2022-05-28T17:11:17","slug":"defesa-civil-de-pernambuco-confirma-30-mortes-no-estado-por-causa-das-fortes-chuvas","status":"publish","type":"post","link":"https:\/\/blogopara.com.br\/index.php\/2022\/05\/28\/defesa-civil-de-pernambuco-confirma-30-mortes-no-estado-por-causa-das-fortes-chuvas","title":{"rendered":"Defesa Civil de Pernambuco confirma 30 mortes no Estado por causa das fortes chuvas"},"content":{"rendered":"<p style=\"text-align: justify;\">A Defesa Civil de Pernambuco confirmou, no come\u00e7o da tarde deste s\u00e1bado (28), 30\u00a0mortes no Estado por causa das fortes chuvas que atingem a Regi\u00e3o Metropolitana do Recife e outras regi\u00f5es do territ\u00f3rio pernambucano.<\/p>\n<div style=\"text-align: justify;\">\n<div><strong style=\"color: initial; font-size: revert;\">Em Olinda, 03 pessoas morreram por conta de deslizamentos<\/strong><span style=\"color: initial; font-size: revert;\">\u00a0de barreiras 01 no C\u00f3rrego do Abacate, 02 no C\u00f3rrego do Abacaxi, ambos no bairro de \u00c1guas Compridas.\u00a0<\/span><strong style=\"color: initial; font-size: revert;\">Um motociclista que tentou atravessar um local alagado no bairro de Peixinhos, tamb\u00e9m em Olinda, acabou sendo arrastado pela correnteza e tamb\u00e9m faleceu<\/strong><span style=\"color: initial; font-size: revert;\">. No munic\u00edpio de Jaboat\u00e3o dos Guararapes,\u00a0<\/span><strong style=\"color: initial; font-size: revert;\">um homem que tentou salvar um animal de estima\u00e7\u00e3o tamb\u00e9m acabou sendo arrastado pela correnteza e foi encontrado morto<\/strong><span style=\"color: initial; font-size: revert;\">\u00a0no bairro da Muribeca,\u00a0<\/span><strong style=\"color: initial; font-size: revert;\">01 crian\u00e7a morreu em um deslizamento na localidade de Monteverde.<\/strong><\/div>\n<\/div>\n<p style=\"text-align: justify;\"><strong>Em Recife 02 pessoas morreram em decorr\u00eancia a deslizamentos, um no C\u00f3rrego do Jenipapo e outro na localidade do S\u00edtio dos Pintos<\/strong>. Em Camaragibe recebemos a confirma\u00e7\u00e3o de\u00a0<strong>03 \u00f3bitos no C\u00f3rrego do Desastre<\/strong>. Ainda na localidade de<strong>\u00a0Monteverde, na divisa entre Recife e Olinda 19 pessoas morreram em decorr\u00eancia de um grande deslizamento.<\/strong><\/p>\n<p style=\"text-align: justify;\">At\u00e9 o momento, o Governo de Pernambuco registrou que 516 pessoas est\u00e3o desalojadas e 249 pessoas est\u00e3o desabrigadas. No munic\u00edpio de Abreu e Lima h\u00e1 registro de 16 pessoas desabrigadas e 06 pessoas desalojadas, o Cabo de Santo Agostinho registrou 18 pessoas desalojadas. Camaragibe tem 28 pessoas desalojadas, Jaboat\u00e3o dos Guararapes tem 92 pessoas desabrigadas e 332 pessoas desalojadas, Olinda possui 141 pessoas desabrigadas, em S\u00e3o Jos\u00e9 da Coroa Grande 70 pessoas est\u00e3o desalojadas. Na cidade de Xex\u00e9u 60 pessoas est\u00e3o desalojadas e em Escada 02 pessoas est\u00e3o na mesma situa\u00e7\u00e3o.<\/p>\n<p style=\"text-align: justify;\">A Defesa Civil do Recife orientou a popula\u00e7\u00e3o a n\u00e3o sair de casa neste s\u00e1bado por conta dos riscos de problemas causados pelas chuvas.<\/p>\n<section class=\"bannerBillboardDetalhe\">\n<div id=\"middle\"><\/div>\n<\/section>\n<div class=\"clear\" style=\"text-align: justify;\">Por<strong>\u00a0Portal Folha de Pernambuco<\/strong><\/div>\n<div class=\"spacer30\" style=\"text-align: justify;\"><\/div>\n<div class=\"spacer30\" style=\"text-align: justify;\"><\/div>\n<div class=\"mobileNao\">\n<div class=\"compartilhar\" style=\"text-align: justify;\"><\/div>\n<\/div>\n","protected":false},"excerpt":{"rendered":"<p>A Defesa Civil de Pernambuco confirmou, no come\u00e7o da tarde deste s\u00e1bado (28), 30\u00a0mortes no Estado por causa das fortes chuvas que atingem a Regi\u00e3o Metropolitana do Recife e outras regi\u00f5es do territ\u00f3rio pernambucano. Em Olinda, 03 pessoas morreram por conta de deslizamentos\u00a0de barreiras 01 no C\u00f3rrego do Abacate, 02 no C\u00f3rrego do Abacaxi, ambos [&hellip;]<\/p>\n","protected":false},"author":1,"featured_media":37704,"comment_status":"closed","ping_status":"open","sticky":false,"template":"","format":"standard","meta":{"_uag_custom_page_level_css":"","_monsterinsights_skip_tracking":false,"_monsterinsights_sitenote_active":false,"_monsterinsights_sitenote_note":"","_monsterinsights_sitenote_category":0,"jetpack_post_was_ever_published":false,"_jetpack_newsletter_access":"","_jetpack_dont_email_post_to_subs":false,"_jetpack_newsletter_tier_id":0,"_jetpack_memberships_contains_paywalled_content":false,"_jetpack_memberships_contains_paid_content":false,"footnotes":"","jetpack_publicize_message":"","jetpack_publicize_feature_enabled":true,"jetpack_social_post_already_shared":true,"jetpack_social_options":{"image_generator_settings":{"template":"highway","default_image_id":0,"font":"","enabled":false},"version":2}},"categories":[1507],"tags":[9728,9729,3091,1129,310,532],"class_list":["post-37703","post","type-post","status-publish","format-standard","has-post-thumbnail","hentry","category-pernambuco","tag-30-mortes","tag-chuvas-fortes","tag-confirmacao","tag-defesa-civil","tag-estado","tag-pernambuco"],"jetpack_publicize_connections":[],"jetpack_featured_media_url":"https:\/\/blogopara.com.br\/wp-content\/uploads\/2022\/05\/whatsapp-image-2022-05-25-at-071356.jpeg","uagb_featured_image_src":{"full":["https:\/\/blogopara.com.br\/wp-content\/uploads\/2022\/05\/whatsapp-image-2022-05-25-at-071356.jpeg",500,375,false],"thumbnail":["https:\/\/blogopara.com.br\/wp-content\/uploads\/2022\/05\/whatsapp-image-2022-05-25-at-071356-150x150.jpeg",150,150,true],"medium":["https:\/\/blogopara.com.br\/wp-content\/uploads\/2022\/05\/whatsapp-image-2022-05-25-at-071356-300x225.jpeg",300,225,true],"medium_large":["https:\/\/blogopara.com.br\/wp-content\/uploads\/2022\/05\/whatsapp-image-2022-05-25-at-071356.jpeg",500,375,false],"large":["https:\/\/blogopara.com.br\/wp-content\/uploads\/2022\/05\/whatsapp-image-2022-05-25-at-071356.jpeg",500,375,false],"1536x1536":["https:\/\/blogopara.com.br\/wp-content\/uploads\/2022\/05\/whatsapp-image-2022-05-25-at-071356.jpeg",500,375,false],"2048x2048":["https:\/\/blogopara.com.br\/wp-content\/uploads\/2022\/05\/whatsapp-image-2022-05-25-at-071356.jpeg",500,375,false],"mantranews-slider-large":["https:\/\/blogopara.com.br\/wp-content\/uploads\/2022\/05\/whatsapp-image-2022-05-25-at-071356.jpeg",500,375,false],"mantranews-featured-medium":["https:\/\/blogopara.com.br\/wp-content\/uploads\/2022\/05\/whatsapp-image-2022-05-25-at-071356-420x307.jpeg",420,307,true],"mantranews-featured-long":["https:\/\/blogopara.com.br\/wp-content\/uploads\/2022\/05\/whatsapp-image-2022-05-25-at-071356-300x375.jpeg",300,375,true],"mantranews-block-medium":["https:\/\/blogopara.com.br\/wp-content\/uploads\/2022\/05\/whatsapp-image-2022-05-25-at-071356-464x290.jpeg",464,290,true],"mantranews-carousel-image":["https:\/\/blogopara.com.br\/wp-content\/uploads\/2022\/05\/whatsapp-image-2022-05-25-at-071356.jpeg",500,375,false],"mantranews-block-thumb":["https:\/\/blogopara.com.br\/wp-content\/uploads\/2022\/05\/whatsapp-image-2022-05-25-at-071356-322x230.jpeg",322,230,true],"mantranews-single-large":["https:\/\/blogopara.com.br\/wp-content\/uploads\/2022\/05\/whatsapp-image-2022-05-25-at-071356.jpeg",500,375,false]},"uagb_author_info":{"display_name":"Reda\u00e7\u00e3o geral","author_link":"https:\/\/blogopara.com.br\/index.php\/author\/blogopara"},"uagb_comment_info":0,"uagb_excerpt":"A Defesa Civil de Pernambuco confirmou, no come\u00e7o da tarde deste s\u00e1bado (28), 30\u00a0mortes no Estado por causa das fortes chuvas que atingem a Regi\u00e3o Metropolitana do Recife e outras regi\u00f5es do territ\u00f3rio pernambucano. Em Olinda, 03 pessoas morreram por conta de deslizamentos\u00a0de barreiras 01 no C\u00f3rrego do Abacate, 02 no C\u00f3rrego do Abacaxi, ambos&hellip;","jetpack_sharing_enabled":true,"jetpack_likes_enabled":true,"_links":{"self":[{"href":"https:\/\/blogopara.com.br\/index.php\/wp-json\/wp\/v2\/posts\/37703","targetHints":{"allow":["GET"]}}],"collection":[{"href":"https:\/\/blogopara.com.br\/index.php\/wp-json\/wp\/v2\/posts"}],"about":[{"href":"https:\/\/blogopara.com.br\/index.php\/wp-json\/wp\/v2\/types\/post"}],"author":[{"embeddable":true,"href":"https:\/\/blogopara.com.br\/index.php\/wp-json\/wp\/v2\/users\/1"}],"replies":[{"embeddable":true,"href":"https:\/\/blogopara.com.br\/index.php\/wp-json\/wp\/v2\/comments?post=37703"}],"version-history":[{"count":1,"href":"https:\/\/blogopara.com.br\/index.php\/wp-json\/wp\/v2\/posts\/37703\/revisions"}],"predecessor-version":[{"id":37705,"href":"https:\/\/blogopara.com.br\/index.php\/wp-json\/wp\/v2\/posts\/37703\/revisions\/37705"}],"wp:featuredmedia":[{"embeddable":true,"href":"https:\/\/blogopara.com.br\/index.php\/wp-json\/wp\/v2\/media\/37704"}],"wp:attachment":[{"href":"https:\/\/blogopara.com.br\/index.php\/wp-json\/wp\/v2\/media?parent=37703"}],"wp:term":[{"taxonomy":"category","embeddable":true,"href":"https:\/\/blogopara.com.br\/index.php\/wp-json\/wp\/v2\/categories?post=37703"},{"taxonomy":"post_tag","embeddable":true,"href":"https:\/\/blogopara.com.br\/index.php\/wp-json\/wp\/v2\/tags?post=37703"}],"curies":[{"name":"wp","href":"https:\/\/api.w.org\/{rel}","templated":true}]}}