{"id":37740,"date":"2022-05-29T15:23:00","date_gmt":"2022-05-29T18:23:00","guid":{"rendered":"https:\/\/blogopara.com.br\/?p=37740"},"modified":"2022-05-29T14:24:01","modified_gmt":"2022-05-29T17:24:01","slug":"prf-muda-discurso-sobre-morte-de-homem-em-viatura-indignacao","status":"publish","type":"post","link":"https:\/\/blogopara.com.br\/index.php\/2022\/05\/29\/prf-muda-discurso-sobre-morte-de-homem-em-viatura-indignacao","title":{"rendered":"PRF muda discurso sobre morte de homem em viatura: \u201cIndigna\u00e7\u00e3o\u201d"},"content":{"rendered":"<p style=\"text-align: justify;\">A Pol\u00edcia Rodovi\u00e1ria Federal (PRF) mudou de posi\u00e7\u00e3o neste s\u00e1bado (28) e afirmou que viu \u201ccom indigna\u00e7\u00e3o\u201d as imagens da abordagem de <a href=\"https:\/\/www.metropoles.com\/brasil\/site-revela-nomes-de-prfs-envolvidos-com-morte-em-camara-de-gas\">quatro policiais rodovi\u00e1rios federais<\/a>&nbsp;que resultou na morte de Genivaldo de Jesus Santos, de 38 anos,<\/p>\n<p style=\"text-align: justify;\">\u201cAssistimos com indigna\u00e7\u00e3o os (sic) fatos ocorridos na cidade de Umbauba, em Sergipe, em que uma a\u00e7\u00e3o envolvendo policiais rodovi\u00e1rios federais resultou na morte do senhor Genivaldo de Jesus Santos\u201d, afirmou o coordenador geral de Comunica\u00e7\u00e3o Institucional da PRF, Marcos Territo, em v\u00eddeo publicado nas redes sociais. \u201cOs procedimentos vistos durante a a\u00e7\u00e3o n\u00e3o est\u00e3o de acordo com as diretrizes expressas em cursos e manuais da nossa institui\u00e7\u00e3o.\u201d<\/p>\n<p style=\"text-align: justify;\">A institui\u00e7\u00e3o destacou que haver\u00e1 uma avalia\u00e7\u00e3o interna dos padr\u00f5es de abordagem e que j\u00e1 est\u00e3o \u201cestudando os nossos procedimentos de forma\u00e7\u00e3o, de aperfei\u00e7oamento e operacionais para ajustar o que for necess\u00e1rio\u201d.<\/p>\n<p style=\"text-align: justify;\">Em nota divulgada na quarta, a PRF anunciou a instaura\u00e7\u00e3o de procedimento para apurar a conduta dos agentes envolvidos, mas afirmou que os agentes haviam \u201cempregado t\u00e9cnicas de imobiliza\u00e7\u00e3o e instrumentos de menor potencial ofensivo para sua conten\u00e7\u00e3o\u201d. A PRF tamb\u00e9m alegou na ocasi\u00e3o que a v\u00edtima resistiu \u201cativamente\u201d \u00e0 abordagem.<\/p>\n<p style=\"text-align: justify;\">Genivaldo, que era negro, foi&nbsp;<a href=\"https:\/\/www.metropoles.com\/brasil\/veja-imagens-do-momento-em-que-homem-e-asfixiado-na-viatura-da-prf\">sufocado at\u00e9 a morte<\/a>&nbsp;depois de ser trancado no porta-malas de uma viatura da&nbsp;<a href=\"https:\/\/www.metropoles.com\/tag\/prf\">PRF<\/a>, onde foram jogados spray de pimenta e bombas de g\u00e1s.&nbsp;<a href=\"https:\/\/www.metropoles.com\/brasil\/antes-de-morrer-por-asfixia-genivaldo-foi-agredido-por-30-minutos\">Antes de morrer por asfixia, Genivaldo foi agredido por 30 minutos<\/a>.<\/p>\n<p style=\"text-align: justify;\">\u201cAo tomar conhecimento, a PRF imediatamente instaurou procedimento administrativo disciplinar, afastando os policiais envolvidos de todas as suas atividades. O nosso diretor-geral determinou que todos os fatos relacionados \u00e0 ocorr\u00eancia fossem apurados por uma equipe de interven\u00e7\u00e3o de Bras\u00edlia, que se deslocou at\u00e9 Sergipe para conduzir o processo disciplinar e atuar na gest\u00e3o da crise.\u201d<\/p>\n<p style=\"text-align: justify;\">Territo ainda apontou que a PRF convocou especialistas multidisciplinares e instrutores da universidade da PRF para avaliar os procedimentos operacionais em casos de abordagens a pessoas com transtornos mentais.<\/p>\n<p style=\"text-align: justify;\">\n<p style=\"text-align: justify;\">Entenda o caso<\/p>\n<p style=\"text-align: justify;\">Genivaldo de Jesus Santos foi colocado dentro de uma esp\u00e9cie de \u201cc\u00e2mara de g\u00e1s\u201d improvisada no porta-malas de uma viatura da PRF.&nbsp;<a href=\"https:\/\/www.metropoles.com\/brasil\/veja-imagens-do-momento-em-que-homem-e-asfixiado-na-viatura-da-prf\">A a\u00e7\u00e3o foi registrada em v\u00eddeo<\/a>&nbsp;e acompanhada por pessoas presentes no local.<\/p>\n<p style=\"text-align: justify;\">Segundo a pol\u00edcia, a abordagem de&nbsp;<a href=\"https:\/\/www.metropoles.com\/brasil\/site-revela-nomes-de-prfs-envolvidos-com-morte-em-camara-de-gas\">quatro policiais rodovi\u00e1rios federais<\/a>&nbsp;a Genivaldo foi motivada pela falta de capacete. O homem conduzia uma moto quando os integrantes da for\u00e7a de seguran\u00e7a deram ordem para ele parar.<\/p>\n<p style=\"text-align: justify;\">Policiais alegaram \u201cdesobedi\u00eancia\u201d e resist\u00eancia \u00e0 pris\u00e3o. Genivaldo foi jogado na parte de tr\u00e1s da viatura; atiraram bomba de spray de pimenta nele e o deixaram trancado se debatendo e tentando respirar. Um dia ap\u00f3s a morte do homem, a PRF determinou o afastamento dos agentes envolvidos.<\/p>\n<p style=\"text-align: justify;\">De acordo com laudo do Instituto M\u00e9dico-Legal (IML), Genivaldo morreu por asfixia mec\u00e2nica e insufici\u00eancia respirat\u00f3ria aguda.<\/p>\n<p style=\"text-align: justify;\">\n<p>Por: Metr\u00f3poles<\/p>\n","protected":false},"excerpt":{"rendered":"<p>A Pol\u00edcia Rodovi\u00e1ria Federal (PRF) mudou de posi\u00e7\u00e3o neste s\u00e1bado (28) e afirmou que viu \u201ccom indigna\u00e7\u00e3o\u201d as imagens da abordagem de quatro policiais rodovi\u00e1rios federais&nbsp;que resultou na morte de Genivaldo de Jesus Santos, de 38 anos, \u201cAssistimos com indigna\u00e7\u00e3o os (sic) fatos ocorridos na cidade de Umbauba, em Sergipe, em que uma a\u00e7\u00e3o envolvendo [&hellip;]<\/p>\n","protected":false},"author":1,"featured_media":37741,"comment_status":"closed","ping_status":"open","sticky":false,"template":"","format":"standard","meta":{"_uag_custom_page_level_css":"","_monsterinsights_skip_tracking":false,"_monsterinsights_sitenote_active":false,"_monsterinsights_sitenote_note":"","_monsterinsights_sitenote_category":0,"jetpack_post_was_ever_published":false,"_jetpack_newsletter_access":"","_jetpack_dont_email_post_to_subs":false,"_jetpack_newsletter_tier_id":0,"_jetpack_memberships_contains_paywalled_content":false,"_jetpack_memberships_contains_paid_content":false,"footnotes":"","jetpack_publicize_message":"","jetpack_publicize_feature_enabled":true,"jetpack_social_post_already_shared":true,"jetpack_social_options":{"image_generator_settings":{"template":"highway","default_image_id":0,"font":"","enabled":false},"version":2}},"categories":[202],"tags":[9738,9737,1364,9455],"class_list":["post-37740","post","type-post","status-publish","format-standard","has-post-thumbnail","hentry","category-policia","tag-morte-de-homem","tag-muda-discurso","tag-prf","tag-viatura"],"jetpack_publicize_connections":[],"jetpack_featured_media_url":"https:\/\/blogopara.com.br\/wp-content\/uploads\/2022\/05\/IMAGEM_NOTICIA_5-7.jpg","uagb_featured_image_src":{"full":["https:\/\/blogopara.com.br\/wp-content\/uploads\/2022\/05\/IMAGEM_NOTICIA_5-7.jpg",500,368,false],"thumbnail":["https:\/\/blogopara.com.br\/wp-content\/uploads\/2022\/05\/IMAGEM_NOTICIA_5-7-150x150.jpg",150,150,true],"medium":["https:\/\/blogopara.com.br\/wp-content\/uploads\/2022\/05\/IMAGEM_NOTICIA_5-7-300x221.jpg",300,221,true],"medium_large":["https:\/\/blogopara.com.br\/wp-content\/uploads\/2022\/05\/IMAGEM_NOTICIA_5-7.jpg",500,368,false],"large":["https:\/\/blogopara.com.br\/wp-content\/uploads\/2022\/05\/IMAGEM_NOTICIA_5-7.jpg",500,368,false],"1536x1536":["https:\/\/blogopara.com.br\/wp-content\/uploads\/2022\/05\/IMAGEM_NOTICIA_5-7.jpg",500,368,false],"2048x2048":["https:\/\/blogopara.com.br\/wp-content\/uploads\/2022\/05\/IMAGEM_NOTICIA_5-7.jpg",500,368,false],"mantranews-slider-large":["https:\/\/blogopara.com.br\/wp-content\/uploads\/2022\/05\/IMAGEM_NOTICIA_5-7.jpg",500,368,false],"mantranews-featured-medium":["https:\/\/blogopara.com.br\/wp-content\/uploads\/2022\/05\/IMAGEM_NOTICIA_5-7-420x307.jpg",420,307,true],"mantranews-featured-long":["https:\/\/blogopara.com.br\/wp-content\/uploads\/2022\/05\/IMAGEM_NOTICIA_5-7-300x368.jpg",300,368,true],"mantranews-block-medium":["https:\/\/blogopara.com.br\/wp-content\/uploads\/2022\/05\/IMAGEM_NOTICIA_5-7-464x290.jpg",464,290,true],"mantranews-carousel-image":["https:\/\/blogopara.com.br\/wp-content\/uploads\/2022\/05\/IMAGEM_NOTICIA_5-7.jpg",500,368,false],"mantranews-block-thumb":["https:\/\/blogopara.com.br\/wp-content\/uploads\/2022\/05\/IMAGEM_NOTICIA_5-7-322x230.jpg",322,230,true],"mantranews-single-large":["https:\/\/blogopara.com.br\/wp-content\/uploads\/2022\/05\/IMAGEM_NOTICIA_5-7.jpg",500,368,false]},"uagb_author_info":{"display_name":"Reda\u00e7\u00e3o geral","author_link":"https:\/\/blogopara.com.br\/index.php\/author\/blogopara"},"uagb_comment_info":0,"uagb_excerpt":"A Pol\u00edcia Rodovi\u00e1ria Federal (PRF) mudou de posi\u00e7\u00e3o neste s\u00e1bado (28) e afirmou que viu \u201ccom indigna\u00e7\u00e3o\u201d as imagens da abordagem de quatro policiais rodovi\u00e1rios federais&nbsp;que resultou na morte de Genivaldo de Jesus Santos, de 38 anos, \u201cAssistimos com indigna\u00e7\u00e3o os (sic) fatos ocorridos na cidade de Umbauba, em Sergipe, em que uma a\u00e7\u00e3o envolvendo&hellip;","jetpack_sharing_enabled":true,"jetpack_likes_enabled":true,"_links":{"self":[{"href":"https:\/\/blogopara.com.br\/index.php\/wp-json\/wp\/v2\/posts\/37740","targetHints":{"allow":["GET"]}}],"collection":[{"href":"https:\/\/blogopara.com.br\/index.php\/wp-json\/wp\/v2\/posts"}],"about":[{"href":"https:\/\/blogopara.com.br\/index.php\/wp-json\/wp\/v2\/types\/post"}],"author":[{"embeddable":true,"href":"https:\/\/blogopara.com.br\/index.php\/wp-json\/wp\/v2\/users\/1"}],"replies":[{"embeddable":true,"href":"https:\/\/blogopara.com.br\/index.php\/wp-json\/wp\/v2\/comments?post=37740"}],"version-history":[{"count":2,"href":"https:\/\/blogopara.com.br\/index.php\/wp-json\/wp\/v2\/posts\/37740\/revisions"}],"predecessor-version":[{"id":37744,"href":"https:\/\/blogopara.com.br\/index.php\/wp-json\/wp\/v2\/posts\/37740\/revisions\/37744"}],"wp:featuredmedia":[{"embeddable":true,"href":"https:\/\/blogopara.com.br\/index.php\/wp-json\/wp\/v2\/media\/37741"}],"wp:attachment":[{"href":"https:\/\/blogopara.com.br\/index.php\/wp-json\/wp\/v2\/media?parent=37740"}],"wp:term":[{"taxonomy":"category","embeddable":true,"href":"https:\/\/blogopara.com.br\/index.php\/wp-json\/wp\/v2\/categories?post=37740"},{"taxonomy":"post_tag","embeddable":true,"href":"https:\/\/blogopara.com.br\/index.php\/wp-json\/wp\/v2\/tags?post=37740"}],"curies":[{"name":"wp","href":"https:\/\/api.w.org\/{rel}","templated":true}]}}