{"id":37776,"date":"2022-05-31T12:41:00","date_gmt":"2022-05-31T15:41:00","guid":{"rendered":"https:\/\/blogopara.com.br\/?p=37776"},"modified":"2022-05-31T09:56:25","modified_gmt":"2022-05-31T12:56:25","slug":"zema-lidera-com-43-kalil-tem-29-e-viana-7-diz-pesquisa-big-data","status":"publish","type":"post","link":"https:\/\/blogopara.com.br\/index.php\/2022\/05\/31\/zema-lidera-com-43-kalil-tem-29-e-viana-7-diz-pesquisa-big-data","title":{"rendered":"Zema lidera com 43%. Kalil tem 29% e Viana 7%, diz pesquisa Big Data"},"content":{"rendered":"\n\n\n\n<p style=\"text-align: justify;\">Mais uma pesquisa de inten\u00e7\u00f5es de voto para o governo de Minas foi divulgada nesta segunda-feira, 30. O levantamento \u00e9 do Real Time Big Data. Segundo o instituto, o atual governador Romeu Zema (Novo) lidera a disputa com 43% das inten\u00e7\u00f5es de voto contra 29% do segundo colocado, o ex-prefeito de Belo Horizonte, Alexandre Kalil (PSD).<\/p>\n<p style=\"text-align: justify;\">O senador Carlos Viana (PL) vem bem atr\u00e1s do primeiro pelot\u00e3o, com 7%. Marcus Pestana (PSDB) marca 3%, enquanto Miguel Corr\u00eaa (PDT), Saraiva Felipe (PSB) e Lorene Figueiredo (PSOL) atingiram 1% cada.<\/p>\n<p style=\"text-align: justify;\">Renata Regina, do PCB, n\u00e3o pontuou, mas empata com Pestana, Figueiredo, Correa e Felipe dentro da margem de erro.\u00a0Votos brancos e nulos somam 9%, enquanto indecisos e aqueles que n\u00e3o responderam, 6%.<\/p>\n<p style=\"text-align: justify;\">O levantamento foi contratado pela TV Record e ouviu 1,5 mil pessoas entre os dias 27 e 28 de maio. A pesquisa tem n\u00edvel de confian\u00e7a de 95% e sua margem de erro \u00e9 de 3 pontos percentuais para mais ou para menos. Ela foi registrada no TSE sob o n\u00famero MG-04979\/2022.<\/p>\n<h3 style=\"text-align: justify;\">Segundo turno<\/h3>\n<div style=\"text-align: justify;\">Outro cen\u00e1rio testado pela pesquisa foi o segundo turno entre Zema e Kali. O atual governador tamb\u00e9m lidera, com 48% a 35% do ex-prefeito. Brancos e nulos somam, neste caso, 10%. Indecisos ou n\u00e3o souberam responder 7%.<\/div>\n<div style=\"text-align: justify;\">\u00a0<\/div>\n<div style=\"text-align: justify;\">Confira os cen\u00e1rios testados pelo Real Time Big Data, incluindo o levantamento para o Senado em Minas:<\/div>\n<div style=\"text-align: justify;\">\u00a0<\/div>\n<div style=\"text-align: justify;\"><strong>Estimulada para o governo de Minas (cen\u00e1rio de 1\u00ba turno):<\/strong><\/div>\n<div style=\"text-align: justify;\">\n<ul>\n<li>Romeu Zema (Novo): 43%<\/li>\n<li>Alexandre Kalil (PSD): 29%<\/li>\n<li>Carlos Viana (PL): 7%<\/li>\n<li>Marcus Pestana (PSDB): 3%<\/li>\n<li>Miguel Correa (PDT): 1%<\/li>\n<li>Saraiva Felipe (PSB): 1%<\/li>\n<li>Lorene Figueiredo (PSOL): 1%<\/li>\n<li>Renata Regina (PCB): 0%<\/li>\n<li>Brancos e nulos: 9%<\/li>\n<li>N\u00e3o sabem ou n\u00e3o responderam: 6%<\/li>\n<\/ul>\n<p><strong>Estimulada para o governo de Minas ( cen\u00e1rio de 2\u00ba turno)<\/strong><\/p>\n<ul>\n<li>Romeu Zema (Novo): 48%<\/li>\n<li>Alexandre Kalil (PSD): 35%<\/li>\n<\/ul>\n<p><strong>Estimulada para o Senado (cen\u00e1rio 1)<\/strong><\/p>\n<\/div>\n<div>\n<ul style=\"text-align: justify;\">\n<li>A\u00e9cio Neves (PSDB): 16%<\/li>\n<li>Cleitinho (PSC): 12%<\/li>\n<li>Alexandre Silveira (PSD): 7%<\/li>\n<li>Duda Salabert (PDT): 7%<\/li>\n<li>Marcelo \u00c1lvaro Ant\u00f4nio (PL): 3%<\/li>\n<li>Julvan Lacerda (MDB): 1%<\/li>\n<li>Marcelo Aro (PP): 1%<\/li>\n<li>Branco\/nulo: 26%<\/li>\n<li>N\u00e3o sabe\/n\u00e3o respondeu: 27%<\/li>\n<\/ul>\n<p style=\"text-align: justify;\"><strong>Estimulada para o Senado (cen\u00e1rio 2)<\/strong><\/p>\n<ul>\n<li style=\"text-align: justify;\">Cleitinho\u00a0(PSC): 14%<\/li>\n<li style=\"text-align: justify;\">Alexandre Silveira (PSD): 9%<\/li>\n<li style=\"text-align: justify;\">Duda\u00a0Salabert\u00a0(PDT): 7%<\/li>\n<li style=\"text-align: justify;\">Marcelo \u00c1lvaro Ant\u00f4nio (PL): 4%<\/li>\n<li style=\"text-align: justify;\">Julvan\u00a0Lacerda (MDB): 2%<\/li>\n<li style=\"text-align: justify;\">Marcelo Aro (PP): 2%<\/li>\n<li style=\"text-align: justify;\">Branco\/nulo: 30%<\/li>\n<li style=\"text-align: justify;\">N\u00e3o sabe\/n\u00e3o respondeu: 32%<\/li>\n<\/ul>\n<\/div>\n\n\n<p>Fonte: Redemoinho 24<\/p>\n","protected":false},"excerpt":{"rendered":"<p>Mais uma pesquisa de inten\u00e7\u00f5es de voto para o governo de Minas foi divulgada nesta segunda-feira, 30. O levantamento \u00e9 do Real Time Big Data. Segundo o instituto, o atual governador Romeu Zema (Novo) lidera a disputa com 43% das inten\u00e7\u00f5es de voto contra 29% do segundo colocado, o ex-prefeito de Belo Horizonte, Alexandre Kalil [&hellip;]<\/p>\n","protected":false},"author":1,"featured_media":37778,"comment_status":"closed","ping_status":"open","sticky":false,"template":"","format":"standard","meta":{"_uag_custom_page_level_css":"","_monsterinsights_skip_tracking":false,"_monsterinsights_sitenote_active":false,"_monsterinsights_sitenote_note":"","_monsterinsights_sitenote_category":0,"jetpack_post_was_ever_published":false,"_jetpack_newsletter_access":"","_jetpack_dont_email_post_to_subs":false,"_jetpack_newsletter_tier_id":0,"_jetpack_memberships_contains_paywalled_content":false,"_jetpack_memberships_contains_paid_content":false,"footnotes":"","jetpack_publicize_message":"","jetpack_publicize_feature_enabled":true,"jetpack_social_post_already_shared":true,"jetpack_social_options":{"image_generator_settings":{"template":"highway","default_image_id":0,"font":"","enabled":false},"version":2}},"categories":[200,197],"tags":[9758,9759,9760,9757],"class_list":["post-37776","post","type-post","status-publish","format-standard","has-post-thumbnail","hentry","category-brasil","category-politica","tag-9758","tag-kalil-tem-29","tag-viana-7","tag-zema-lidera"],"jetpack_publicize_connections":[],"jetpack_featured_media_url":"https:\/\/blogopara.com.br\/wp-content\/uploads\/2022\/05\/eleicoes-zema-kalil-2022-1.jpg","uagb_featured_image_src":{"full":["https:\/\/blogopara.com.br\/wp-content\/uploads\/2022\/05\/eleicoes-zema-kalil-2022-1.jpg",500,300,false],"thumbnail":["https:\/\/blogopara.com.br\/wp-content\/uploads\/2022\/05\/eleicoes-zema-kalil-2022-1-150x150.jpg",150,150,true],"medium":["https:\/\/blogopara.com.br\/wp-content\/uploads\/2022\/05\/eleicoes-zema-kalil-2022-1-300x180.jpg",300,180,true],"medium_large":["https:\/\/blogopara.com.br\/wp-content\/uploads\/2022\/05\/eleicoes-zema-kalil-2022-1.jpg",500,300,false],"large":["https:\/\/blogopara.com.br\/wp-content\/uploads\/2022\/05\/eleicoes-zema-kalil-2022-1.jpg",500,300,false],"1536x1536":["https:\/\/blogopara.com.br\/wp-content\/uploads\/2022\/05\/eleicoes-zema-kalil-2022-1.jpg",500,300,false],"2048x2048":["https:\/\/blogopara.com.br\/wp-content\/uploads\/2022\/05\/eleicoes-zema-kalil-2022-1.jpg",500,300,false],"mantranews-slider-large":["https:\/\/blogopara.com.br\/wp-content\/uploads\/2022\/05\/eleicoes-zema-kalil-2022-1.jpg",500,300,false],"mantranews-featured-medium":["https:\/\/blogopara.com.br\/wp-content\/uploads\/2022\/05\/eleicoes-zema-kalil-2022-1-420x300.jpg",420,300,true],"mantranews-featured-long":["https:\/\/blogopara.com.br\/wp-content\/uploads\/2022\/05\/eleicoes-zema-kalil-2022-1-300x300.jpg",300,300,true],"mantranews-block-medium":["https:\/\/blogopara.com.br\/wp-content\/uploads\/2022\/05\/eleicoes-zema-kalil-2022-1-464x290.jpg",464,290,true],"mantranews-carousel-image":["https:\/\/blogopara.com.br\/wp-content\/uploads\/2022\/05\/eleicoes-zema-kalil-2022-1.jpg",500,300,false],"mantranews-block-thumb":["https:\/\/blogopara.com.br\/wp-content\/uploads\/2022\/05\/eleicoes-zema-kalil-2022-1-322x230.jpg",322,230,true],"mantranews-single-large":["https:\/\/blogopara.com.br\/wp-content\/uploads\/2022\/05\/eleicoes-zema-kalil-2022-1.jpg",500,300,false]},"uagb_author_info":{"display_name":"Reda\u00e7\u00e3o geral","author_link":"https:\/\/blogopara.com.br\/index.php\/author\/blogopara"},"uagb_comment_info":0,"uagb_excerpt":"Mais uma pesquisa de inten\u00e7\u00f5es de voto para o governo de Minas foi divulgada nesta segunda-feira, 30. O levantamento \u00e9 do Real Time Big Data. Segundo o instituto, o atual governador Romeu Zema (Novo) lidera a disputa com 43% das inten\u00e7\u00f5es de voto contra 29% do segundo colocado, o ex-prefeito de Belo Horizonte, Alexandre Kalil&hellip;","jetpack_sharing_enabled":true,"jetpack_likes_enabled":true,"_links":{"self":[{"href":"https:\/\/blogopara.com.br\/index.php\/wp-json\/wp\/v2\/posts\/37776","targetHints":{"allow":["GET"]}}],"collection":[{"href":"https:\/\/blogopara.com.br\/index.php\/wp-json\/wp\/v2\/posts"}],"about":[{"href":"https:\/\/blogopara.com.br\/index.php\/wp-json\/wp\/v2\/types\/post"}],"author":[{"embeddable":true,"href":"https:\/\/blogopara.com.br\/index.php\/wp-json\/wp\/v2\/users\/1"}],"replies":[{"embeddable":true,"href":"https:\/\/blogopara.com.br\/index.php\/wp-json\/wp\/v2\/comments?post=37776"}],"version-history":[{"count":1,"href":"https:\/\/blogopara.com.br\/index.php\/wp-json\/wp\/v2\/posts\/37776\/revisions"}],"predecessor-version":[{"id":37779,"href":"https:\/\/blogopara.com.br\/index.php\/wp-json\/wp\/v2\/posts\/37776\/revisions\/37779"}],"wp:featuredmedia":[{"embeddable":true,"href":"https:\/\/blogopara.com.br\/index.php\/wp-json\/wp\/v2\/media\/37778"}],"wp:attachment":[{"href":"https:\/\/blogopara.com.br\/index.php\/wp-json\/wp\/v2\/media?parent=37776"}],"wp:term":[{"taxonomy":"category","embeddable":true,"href":"https:\/\/blogopara.com.br\/index.php\/wp-json\/wp\/v2\/categories?post=37776"},{"taxonomy":"post_tag","embeddable":true,"href":"https:\/\/blogopara.com.br\/index.php\/wp-json\/wp\/v2\/tags?post=37776"}],"curies":[{"name":"wp","href":"https:\/\/api.w.org\/{rel}","templated":true}]}}