{"id":37819,"date":"2022-06-01T10:31:00","date_gmt":"2022-06-01T13:31:00","guid":{"rendered":"https:\/\/blogopara.com.br\/?p=37819"},"modified":"2022-06-01T09:02:34","modified_gmt":"2022-06-01T12:02:34","slug":"debate-e-cancelado-apos-bolsonaro-e-lula-dizerem-que-nao-vao","status":"publish","type":"post","link":"https:\/\/blogopara.com.br\/index.php\/2022\/06\/01\/debate-e-cancelado-apos-bolsonaro-e-lula-dizerem-que-nao-vao","title":{"rendered":"Debate \u00e9 cancelado ap\u00f3s Bolsonaro e Lula dizerem que n\u00e3o v\u00e3o"},"content":{"rendered":"<p style=\"text-align: justify;\">O debate organizado pela\u00a0<a href=\"https:\/\/www.metropoles.com\/brasil\/frente-nacional-de-prefeitos-cobra-cronograma-para-vacinacao\" target=\"_blank\" rel=\"noopener\">Frente Nacional dos Prefeitos<\/a> com os candidatos ao Planalto em 2022 foi cancelado ap\u00f3s Jair Bolsonaro e Lula informarem que n\u00e3o v\u00e3o comparecer ao evento, que deveria acontecer na pr\u00f3xima segunda-feira (6).<\/p>\n<p style=\"text-align: justify;\" data-gtm-vis-recent-on-screen-8752935_845=\"814461\" data-gtm-vis-first-on-screen-8752935_845=\"814462\" data-gtm-vis-total-visible-time-8752935_845=\"100\" data-gtm-vis-has-fired-8752935_845=\"1\">Todos os candidatos confirmaram a presen\u00e7a, menos os dois que lideram as pesquisas e t\u00eam evitado desgastes. Ciro Gomes, candidato do PDT,\u00a0<a href=\"https:\/\/www.metropoles.com\/brasil\/eleicoes-2022\/ciro-gomes-desafia-duvivier-a-participar-de-debate-e-comediante-aceita\" target=\"_blank\" rel=\"noopener\">v\u00eam criticando<\/a>\u00a0a postura de Lula e Bolsonaro de fugirem de sabatinas e debates.<\/p>\n<p style=\"text-align: justify;\">Em janeiro, Lula sugeriu a realiza\u00e7\u00e3o de poucos debates, somente durante o per\u00edodo de campanha, ou seja, a partir de agosto. O petista\u00a0<a href=\"https:\/\/www.metropoles.com\/brasil\/eleicoes-2022\/liderando-pesquisas-lula-pede-dois-ou-tres-debates-em-pool-de-teves\" target=\"_blank\" rel=\"noopener\">considera que deve ser feito um pool de emissoras<\/a>\u00a0para a realiza\u00e7\u00e3o dos eventos.<\/p>\n<div class=\"teads-inread sm-screen\">\n<div>\n<div id=\"teads0\" class=\"teads-player\" style=\"text-align: justify;\"><span style=\"font-size: revert; color: initial;\">J\u00e1 Bolsonaro <\/span><a style=\"font-size: revert;\" href=\"https:\/\/www.metropoles.com\/brasil\/politica-brasil\/bolsonaro-diz-que-so-vai-participar-de-debates-em-eventual-2o-turno\" target=\"_blank\" rel=\"noopener\">disse que s\u00f3 participar\u00e1 em um eventual segundo turno<\/a><span style=\"font-size: revert; color: initial;\">, porque, segundo o presidente, numa sabatina com todos os candidatos, ele tomaria \u201cmuita pancada\u201d.<\/span><\/div>\n<\/div>\n<\/div>\n<div><\/div>\n<div><\/div>\n<div>Por: Metr\u00f3poles<\/div>\n<div><\/div>\n","protected":false},"excerpt":{"rendered":"<p>O debate organizado pela\u00a0Frente Nacional dos Prefeitos com os candidatos ao Planalto em 2022 foi cancelado ap\u00f3s Jair Bolsonaro e Lula informarem que n\u00e3o v\u00e3o comparecer ao evento, que deveria acontecer na pr\u00f3xima segunda-feira (6). Todos os candidatos confirmaram a presen\u00e7a, menos os dois que lideram as pesquisas e t\u00eam evitado desgastes. Ciro Gomes, candidato [&hellip;]<\/p>\n","protected":false},"author":1,"featured_media":33441,"comment_status":"closed","ping_status":"open","sticky":false,"template":"","format":"standard","meta":{"_uag_custom_page_level_css":"","_monsterinsights_skip_tracking":false,"_monsterinsights_sitenote_active":false,"_monsterinsights_sitenote_note":"","_monsterinsights_sitenote_category":0,"jetpack_post_was_ever_published":false,"_jetpack_newsletter_access":"","_jetpack_dont_email_post_to_subs":false,"_jetpack_newsletter_tier_id":0,"_jetpack_memberships_contains_paywalled_content":false,"_jetpack_memberships_contains_paid_content":false,"footnotes":"","jetpack_publicize_message":"","jetpack_publicize_feature_enabled":true,"jetpack_social_post_already_shared":true,"jetpack_social_options":{"image_generator_settings":{"template":"highway","default_image_id":0,"font":"","enabled":false},"version":2}},"categories":[197],"tags":[9783,2626,4055,9784],"class_list":["post-37819","post","type-post","status-publish","format-standard","has-post-thumbnail","hentry","category-politica","tag-apos-bolsonaro-e-lula","tag-cancelado","tag-debate","tag-dizerem-que-nao-vao"],"jetpack_publicize_connections":[],"jetpack_featured_media_url":"https:\/\/blogopara.com.br\/wp-content\/uploads\/2022\/02\/Lula-e-Jair-Bolsonaro.jpg","uagb_featured_image_src":{"full":["https:\/\/blogopara.com.br\/wp-content\/uploads\/2022\/02\/Lula-e-Jair-Bolsonaro.jpg",500,281,false],"thumbnail":["https:\/\/blogopara.com.br\/wp-content\/uploads\/2022\/02\/Lula-e-Jair-Bolsonaro-150x150.jpg",150,150,true],"medium":["https:\/\/blogopara.com.br\/wp-content\/uploads\/2022\/02\/Lula-e-Jair-Bolsonaro-300x169.jpg",300,169,true],"medium_large":["https:\/\/blogopara.com.br\/wp-content\/uploads\/2022\/02\/Lula-e-Jair-Bolsonaro.jpg",500,281,false],"large":["https:\/\/blogopara.com.br\/wp-content\/uploads\/2022\/02\/Lula-e-Jair-Bolsonaro.jpg",500,281,false],"1536x1536":["https:\/\/blogopara.com.br\/wp-content\/uploads\/2022\/02\/Lula-e-Jair-Bolsonaro.jpg",500,281,false],"2048x2048":["https:\/\/blogopara.com.br\/wp-content\/uploads\/2022\/02\/Lula-e-Jair-Bolsonaro.jpg",500,281,false],"mantranews-slider-large":["https:\/\/blogopara.com.br\/wp-content\/uploads\/2022\/02\/Lula-e-Jair-Bolsonaro.jpg",500,281,false],"mantranews-featured-medium":["https:\/\/blogopara.com.br\/wp-content\/uploads\/2022\/02\/Lula-e-Jair-Bolsonaro-420x281.jpg",420,281,true],"mantranews-featured-long":["https:\/\/blogopara.com.br\/wp-content\/uploads\/2022\/02\/Lula-e-Jair-Bolsonaro-300x281.jpg",300,281,true],"mantranews-block-medium":["https:\/\/blogopara.com.br\/wp-content\/uploads\/2022\/02\/Lula-e-Jair-Bolsonaro-464x281.jpg",464,281,true],"mantranews-carousel-image":["https:\/\/blogopara.com.br\/wp-content\/uploads\/2022\/02\/Lula-e-Jair-Bolsonaro.jpg",500,281,false],"mantranews-block-thumb":["https:\/\/blogopara.com.br\/wp-content\/uploads\/2022\/02\/Lula-e-Jair-Bolsonaro-322x230.jpg",322,230,true],"mantranews-single-large":["https:\/\/blogopara.com.br\/wp-content\/uploads\/2022\/02\/Lula-e-Jair-Bolsonaro.jpg",500,281,false]},"uagb_author_info":{"display_name":"Reda\u00e7\u00e3o geral","author_link":"https:\/\/blogopara.com.br\/index.php\/author\/blogopara"},"uagb_comment_info":0,"uagb_excerpt":"O debate organizado pela\u00a0Frente Nacional dos Prefeitos com os candidatos ao Planalto em 2022 foi cancelado ap\u00f3s Jair Bolsonaro e Lula informarem que n\u00e3o v\u00e3o comparecer ao evento, que deveria acontecer na pr\u00f3xima segunda-feira (6). Todos os candidatos confirmaram a presen\u00e7a, menos os dois que lideram as pesquisas e t\u00eam evitado desgastes. Ciro Gomes, candidato&hellip;","jetpack_sharing_enabled":true,"jetpack_likes_enabled":true,"_links":{"self":[{"href":"https:\/\/blogopara.com.br\/index.php\/wp-json\/wp\/v2\/posts\/37819","targetHints":{"allow":["GET"]}}],"collection":[{"href":"https:\/\/blogopara.com.br\/index.php\/wp-json\/wp\/v2\/posts"}],"about":[{"href":"https:\/\/blogopara.com.br\/index.php\/wp-json\/wp\/v2\/types\/post"}],"author":[{"embeddable":true,"href":"https:\/\/blogopara.com.br\/index.php\/wp-json\/wp\/v2\/users\/1"}],"replies":[{"embeddable":true,"href":"https:\/\/blogopara.com.br\/index.php\/wp-json\/wp\/v2\/comments?post=37819"}],"version-history":[{"count":1,"href":"https:\/\/blogopara.com.br\/index.php\/wp-json\/wp\/v2\/posts\/37819\/revisions"}],"predecessor-version":[{"id":37821,"href":"https:\/\/blogopara.com.br\/index.php\/wp-json\/wp\/v2\/posts\/37819\/revisions\/37821"}],"wp:featuredmedia":[{"embeddable":true,"href":"https:\/\/blogopara.com.br\/index.php\/wp-json\/wp\/v2\/media\/33441"}],"wp:attachment":[{"href":"https:\/\/blogopara.com.br\/index.php\/wp-json\/wp\/v2\/media?parent=37819"}],"wp:term":[{"taxonomy":"category","embeddable":true,"href":"https:\/\/blogopara.com.br\/index.php\/wp-json\/wp\/v2\/categories?post=37819"},{"taxonomy":"post_tag","embeddable":true,"href":"https:\/\/blogopara.com.br\/index.php\/wp-json\/wp\/v2\/tags?post=37819"}],"curies":[{"name":"wp","href":"https:\/\/api.w.org\/{rel}","templated":true}]}}