{"id":37823,"date":"2022-06-01T12:50:00","date_gmt":"2022-06-01T15:50:00","guid":{"rendered":"https:\/\/blogopara.com.br\/?p=37823"},"modified":"2022-06-01T08:54:17","modified_gmt":"2022-06-01T11:54:17","slug":"prefeitura-de-juazeiro-e-camara-de-vereadores-homenageiam-o-artista-geraldo-pontes","status":"publish","type":"post","link":"https:\/\/blogopara.com.br\/index.php\/2022\/06\/01\/prefeitura-de-juazeiro-e-camara-de-vereadores-homenageiam-o-artista-geraldo-pontes","title":{"rendered":"Prefeitura de Juazeiro e C\u00e2mara de Vereadores homenageiam o artista Geraldo Pontes"},"content":{"rendered":"<p class=\"x_MsoNormal\" style=\"text-align: justify;\">A Prefeitura de Juazeiro e a C\u00e2mara Municipal de Vereadores homenagearam o artista Geraldo Pontes, nesta ter\u00e7a-feira (31), com a comenda \u2018Bar\u00e3o Homem de Melo\u2019. O nome do artista foi uma indica\u00e7\u00e3o da Diretoria de Diversidade da Secretaria de Desenvolvimento Social, Mulher e Diversidade (Sedes) pela importante contribui\u00e7\u00e3o do artista para a cultura juazeirense e para a luta contra a LGBTfobia.<\/p>\n<p class=\"x_MsoNormal\" style=\"text-align: justify;\">A homenagem aconteceu na C\u00e2mara de Vereadores e contou com a presen\u00e7a da prefeita Suzana Ramos. \u201c\u00c9 uma honra prestigiar esse artista t\u00e3o talentoso, que \u00e9 Geraldo Pontes, por toda a sua hist\u00f3ria de luta pela cultura e pela popula\u00e7\u00e3o LGBTQIAP+ de Juazeiro\u201d, disse a prefeita Suzana, durante a solenidade.<\/p>\n<p class=\"x_MsoNormal\" style=\"text-align: justify;\">Geraldo Pontes agradeceu a homenagem e falou sobre a satisfa\u00e7\u00e3o de ter o seu trabalho reconhecido. \u201c\u00c9 gratificante ter esse reconhecimento pelo trabalho de uma vida dedicada \u00e0 arte\u201d, declarou o artista.<\/p>\n<p class=\"x_MsoNormal\" style=\"text-align: justify;\"><b>A honraria<\/b><\/p>\n<p class=\"x_MsoNormal\" style=\"text-align: justify;\">Criada em 1993, a comenda \u2018Bar\u00e3o Homem de Melo\u2019 remete ao pol\u00edtico, escritor, professor, cart\u00f3grafo e nobre, Francisco In\u00e1cio Marcondes Homem de Melo, que, como presidente da Prov\u00edncia da Bahia, assinou a Lei 1884\/1878, elevando Juazeiro \u00e0 categoria de cidade.<\/p>\n<p class=\"x_MsoNormal\" style=\"text-align: justify;\" aria-hidden=\"true\">\n","protected":false},"excerpt":{"rendered":"<p>A Prefeitura de Juazeiro e a C\u00e2mara Municipal de Vereadores homenagearam o artista Geraldo Pontes, nesta ter\u00e7a-feira (31), com a comenda \u2018Bar\u00e3o Homem de Melo\u2019. O nome do artista foi uma indica\u00e7\u00e3o da Diretoria de Diversidade da Secretaria de Desenvolvimento Social, Mulher e Diversidade (Sedes) pela importante contribui\u00e7\u00e3o do artista para a cultura juazeirense e [&hellip;]<\/p>\n","protected":false},"author":1,"featured_media":37827,"comment_status":"open","ping_status":"open","sticky":false,"template":"","format":"standard","meta":{"_uag_custom_page_level_css":"","_monsterinsights_skip_tracking":false,"_monsterinsights_sitenote_active":false,"_monsterinsights_sitenote_note":"","_monsterinsights_sitenote_category":0,"jetpack_post_was_ever_published":false,"_jetpack_newsletter_access":"","_jetpack_dont_email_post_to_subs":false,"_jetpack_newsletter_tier_id":0,"_jetpack_memberships_contains_paywalled_content":false,"_jetpack_memberships_contains_paid_content":false,"footnotes":"","jetpack_publicize_message":"","jetpack_publicize_feature_enabled":true,"jetpack_social_post_already_shared":true,"jetpack_social_options":{"image_generator_settings":{"template":"highway","default_image_id":0,"font":"","enabled":false},"version":2}},"categories":[1506,203,197],"tags":[],"class_list":["post-37823","post","type-post","status-publish","format-standard","has-post-thumbnail","hentry","category-cultura","category-juazeiro","category-politica"],"jetpack_publicize_connections":[],"jetpack_featured_media_url":"https:\/\/blogopara.com.br\/wp-content\/uploads\/2022\/06\/thumbnail_Comenda03.jpg","uagb_featured_image_src":{"full":["https:\/\/blogopara.com.br\/wp-content\/uploads\/2022\/06\/thumbnail_Comenda03.jpg",500,333,false],"thumbnail":["https:\/\/blogopara.com.br\/wp-content\/uploads\/2022\/06\/thumbnail_Comenda03-150x150.jpg",150,150,true],"medium":["https:\/\/blogopara.com.br\/wp-content\/uploads\/2022\/06\/thumbnail_Comenda03-300x200.jpg",300,200,true],"medium_large":["https:\/\/blogopara.com.br\/wp-content\/uploads\/2022\/06\/thumbnail_Comenda03.jpg",500,333,false],"large":["https:\/\/blogopara.com.br\/wp-content\/uploads\/2022\/06\/thumbnail_Comenda03.jpg",500,333,false],"1536x1536":["https:\/\/blogopara.com.br\/wp-content\/uploads\/2022\/06\/thumbnail_Comenda03.jpg",500,333,false],"2048x2048":["https:\/\/blogopara.com.br\/wp-content\/uploads\/2022\/06\/thumbnail_Comenda03.jpg",500,333,false],"mantranews-slider-large":["https:\/\/blogopara.com.br\/wp-content\/uploads\/2022\/06\/thumbnail_Comenda03.jpg",500,333,false],"mantranews-featured-medium":["https:\/\/blogopara.com.br\/wp-content\/uploads\/2022\/06\/thumbnail_Comenda03-420x307.jpg",420,307,true],"mantranews-featured-long":["https:\/\/blogopara.com.br\/wp-content\/uploads\/2022\/06\/thumbnail_Comenda03-300x333.jpg",300,333,true],"mantranews-block-medium":["https:\/\/blogopara.com.br\/wp-content\/uploads\/2022\/06\/thumbnail_Comenda03-464x290.jpg",464,290,true],"mantranews-carousel-image":["https:\/\/blogopara.com.br\/wp-content\/uploads\/2022\/06\/thumbnail_Comenda03.jpg",500,333,false],"mantranews-block-thumb":["https:\/\/blogopara.com.br\/wp-content\/uploads\/2022\/06\/thumbnail_Comenda03-322x230.jpg",322,230,true],"mantranews-single-large":["https:\/\/blogopara.com.br\/wp-content\/uploads\/2022\/06\/thumbnail_Comenda03.jpg",500,333,false]},"uagb_author_info":{"display_name":"Reda\u00e7\u00e3o geral","author_link":"https:\/\/blogopara.com.br\/index.php\/author\/blogopara"},"uagb_comment_info":0,"uagb_excerpt":"A Prefeitura de Juazeiro e a C\u00e2mara Municipal de Vereadores homenagearam o artista Geraldo Pontes, nesta ter\u00e7a-feira (31), com a comenda \u2018Bar\u00e3o Homem de Melo\u2019. O nome do artista foi uma indica\u00e7\u00e3o da Diretoria de Diversidade da Secretaria de Desenvolvimento Social, Mulher e Diversidade (Sedes) pela importante contribui\u00e7\u00e3o do artista para a cultura juazeirense e&hellip;","jetpack_sharing_enabled":true,"jetpack_likes_enabled":true,"_links":{"self":[{"href":"https:\/\/blogopara.com.br\/index.php\/wp-json\/wp\/v2\/posts\/37823","targetHints":{"allow":["GET"]}}],"collection":[{"href":"https:\/\/blogopara.com.br\/index.php\/wp-json\/wp\/v2\/posts"}],"about":[{"href":"https:\/\/blogopara.com.br\/index.php\/wp-json\/wp\/v2\/types\/post"}],"author":[{"embeddable":true,"href":"https:\/\/blogopara.com.br\/index.php\/wp-json\/wp\/v2\/users\/1"}],"replies":[{"embeddable":true,"href":"https:\/\/blogopara.com.br\/index.php\/wp-json\/wp\/v2\/comments?post=37823"}],"version-history":[{"count":1,"href":"https:\/\/blogopara.com.br\/index.php\/wp-json\/wp\/v2\/posts\/37823\/revisions"}],"predecessor-version":[{"id":37829,"href":"https:\/\/blogopara.com.br\/index.php\/wp-json\/wp\/v2\/posts\/37823\/revisions\/37829"}],"wp:featuredmedia":[{"embeddable":true,"href":"https:\/\/blogopara.com.br\/index.php\/wp-json\/wp\/v2\/media\/37827"}],"wp:attachment":[{"href":"https:\/\/blogopara.com.br\/index.php\/wp-json\/wp\/v2\/media?parent=37823"}],"wp:term":[{"taxonomy":"category","embeddable":true,"href":"https:\/\/blogopara.com.br\/index.php\/wp-json\/wp\/v2\/categories?post=37823"},{"taxonomy":"post_tag","embeddable":true,"href":"https:\/\/blogopara.com.br\/index.php\/wp-json\/wp\/v2\/tags?post=37823"}],"curies":[{"name":"wp","href":"https:\/\/api.w.org\/{rel}","templated":true}]}}