{"id":37994,"date":"2022-06-04T17:10:00","date_gmt":"2022-06-04T20:10:00","guid":{"rendered":"https:\/\/blogopara.com.br\/?p=37994"},"modified":"2022-06-04T13:12:58","modified_gmt":"2022-06-04T16:12:58","slug":"ministerio-publico-aciona-o-hospital-regional-de-juazeiro-para-ampliar-oferta-de-cirurgias-eletivas-vasculares","status":"publish","type":"post","link":"https:\/\/blogopara.com.br\/index.php\/2022\/06\/04\/ministerio-publico-aciona-o-hospital-regional-de-juazeiro-para-ampliar-oferta-de-cirurgias-eletivas-vasculares","title":{"rendered":"Minist\u00e9rio P\u00fablico aciona o Hospital Regional de Juazeiro para ampliar oferta de cirurgias eletivas vasculares"},"content":{"rendered":"<p style=\"text-align: justify;\">O Minist\u00e9rio P\u00fablico da Bahia (MP-BA)\u00a0ajuizou na \u00faltima quarta-feira (dia 1\u00ba), a\u00e7\u00e3o civil p\u00fablica contra a Associa\u00e7\u00e3o Obras Sociais Irm\u00e3 Dulce (OSID), respons\u00e1vel pela gest\u00e3o do Hospital Regional de Juazeiro, e contra o Estado da Bahia. O MP pede a amplia\u00e7\u00e3o de vagas para cirurgias eletivas vasculares na unidade hospitalar.<\/p>\n<p style=\"text-align: justify;\">Segundo a promotora de Justi\u00e7a Rita de C\u00e1ssia Rodrigues Caxias, autora da a\u00e7\u00e3o, o Hospital Regional de Juazeiro est\u00e1 com a oferta de cirurgias eletivas vasculares insuficiente para atendimento da demanda reprimida que, em mar\u00e7o deste ano, contava com 139 pacientes na fila de espera. O MP tamb\u00e9m ajuizou a\u00e7\u00e3o civil p\u00fablica contra o Estado da Bahia. O Hospital Regional de Juazeiro \u00e9 gerido atualmente pela OSID em contrato com o Estado da Bahia.<\/p>\n<p style=\"text-align: justify;\">Na a\u00e7\u00e3o o MP requer, em tutela de urg\u00eancia, que a Justi\u00e7a obrigue os acionados a ampliarem imediatamente a oferta cont\u00ednua de vagas para cirurgias eletivas vasculares, em quantidade suficientes ao atendimento da demanda.<\/p>\n<p style=\"text-align: justify;\">\u201cO objetivo \u00e9 assegurar atendimento c\u00e9lere e efetivo aos pacientes, de modo a reduzir significativamente as filas de espera\u201d, destacou a promotora de Justi\u00e7a. \u00a0Ela ressaltou que o MP empreendeu dilig\u00eancias no sentido de identificar e buscar solucionar o problema de sa\u00fade p\u00fablica no Hospital Regional de Juazeiro, mas n\u00e3o obteve \u00eaxito, recorrendo ao ajuizamento desta a\u00e7\u00e3o civil p\u00fablica. \u201cMesmo com a substitui\u00e7\u00e3o da gest\u00e3o da unidade hospitalar, atualmente gerido pela OSID, permanece a situa\u00e7\u00e3o verificada desde 2017, quando da instaura\u00e7\u00e3o do procedimento pelo MP, com alta demanda reprimida e pouca oferta de vagas para realiza\u00e7\u00e3o de cirurgia eletiva vascular\u201d, afirmou a promotora de Justi\u00e7a.<\/p>\n<p>Fonte: Rede GN<\/p>\n","protected":false},"excerpt":{"rendered":"<p>O Minist\u00e9rio P\u00fablico da Bahia (MP-BA)\u00a0ajuizou na \u00faltima quarta-feira (dia 1\u00ba), a\u00e7\u00e3o civil p\u00fablica contra a Associa\u00e7\u00e3o Obras Sociais Irm\u00e3 Dulce (OSID), respons\u00e1vel pela gest\u00e3o do Hospital Regional de Juazeiro, e contra o Estado da Bahia. O MP pede a amplia\u00e7\u00e3o de vagas para cirurgias eletivas vasculares na unidade hospitalar. Segundo a promotora de Justi\u00e7a [&hellip;]<\/p>\n","protected":false},"author":1,"featured_media":1725,"comment_status":"open","ping_status":"open","sticky":false,"template":"","format":"standard","meta":{"_uag_custom_page_level_css":"","_monsterinsights_skip_tracking":false,"_monsterinsights_sitenote_active":false,"_monsterinsights_sitenote_note":"","_monsterinsights_sitenote_category":0,"jetpack_post_was_ever_published":false,"_jetpack_newsletter_access":"","_jetpack_dont_email_post_to_subs":false,"_jetpack_newsletter_tier_id":0,"_jetpack_memberships_contains_paywalled_content":false,"_jetpack_memberships_contains_paid_content":false,"footnotes":"","jetpack_publicize_message":"","jetpack_publicize_feature_enabled":true,"jetpack_social_post_already_shared":true,"jetpack_social_options":{"image_generator_settings":{"template":"highway","default_image_id":0,"font":"","enabled":false},"version":2}},"categories":[203,210,205],"tags":[],"class_list":["post-37994","post","type-post","status-publish","format-standard","has-post-thumbnail","hentry","category-juazeiro","category-justica","category-saude"],"jetpack_publicize_connections":[],"jetpack_featured_media_url":"https:\/\/blogopara.com.br\/wp-content\/uploads\/2019\/07\/Hospital-Regional-Juazeiro-750x422-e1727868187285.jpg","uagb_featured_image_src":{"full":["https:\/\/blogopara.com.br\/wp-content\/uploads\/2019\/07\/Hospital-Regional-Juazeiro-750x422-e1727868187285.jpg",500,281,false],"thumbnail":["https:\/\/blogopara.com.br\/wp-content\/uploads\/2019\/07\/Hospital-Regional-Juazeiro-750x422-150x150.jpg",150,150,true],"medium":["https:\/\/blogopara.com.br\/wp-content\/uploads\/2019\/07\/Hospital-Regional-Juazeiro-750x422-300x169.jpg",300,169,true],"medium_large":["https:\/\/blogopara.com.br\/wp-content\/uploads\/2019\/07\/Hospital-Regional-Juazeiro-750x422-e1727868187285.jpg",500,281,false],"large":["https:\/\/blogopara.com.br\/wp-content\/uploads\/2019\/07\/Hospital-Regional-Juazeiro-750x422-e1727868187285.jpg",500,281,false],"1536x1536":["https:\/\/blogopara.com.br\/wp-content\/uploads\/2019\/07\/Hospital-Regional-Juazeiro-750x422-e1727868187285.jpg",500,281,false],"2048x2048":["https:\/\/blogopara.com.br\/wp-content\/uploads\/2019\/07\/Hospital-Regional-Juazeiro-750x422-e1727868187285.jpg",500,281,false],"mantranews-slider-large":["https:\/\/blogopara.com.br\/wp-content\/uploads\/2019\/07\/Hospital-Regional-Juazeiro-750x422-e1727868187285.jpg",500,281,false],"mantranews-featured-medium":["https:\/\/blogopara.com.br\/wp-content\/uploads\/2019\/07\/Hospital-Regional-Juazeiro-750x422-e1727868187285.jpg",420,236,false],"mantranews-featured-long":["https:\/\/blogopara.com.br\/wp-content\/uploads\/2019\/07\/Hospital-Regional-Juazeiro-750x422-e1727868187285.jpg",300,169,false],"mantranews-block-medium":["https:\/\/blogopara.com.br\/wp-content\/uploads\/2019\/07\/Hospital-Regional-Juazeiro-750x422-e1727868187285.jpg",464,261,false],"mantranews-carousel-image":["https:\/\/blogopara.com.br\/wp-content\/uploads\/2019\/07\/Hospital-Regional-Juazeiro-750x422-e1727868187285.jpg",500,281,false],"mantranews-block-thumb":["https:\/\/blogopara.com.br\/wp-content\/uploads\/2019\/07\/Hospital-Regional-Juazeiro-750x422-e1727868187285.jpg",322,181,false],"mantranews-single-large":["https:\/\/blogopara.com.br\/wp-content\/uploads\/2019\/07\/Hospital-Regional-Juazeiro-750x422-e1727868187285.jpg",500,281,false]},"uagb_author_info":{"display_name":"Reda\u00e7\u00e3o geral","author_link":"https:\/\/blogopara.com.br\/index.php\/author\/blogopara"},"uagb_comment_info":0,"uagb_excerpt":"O Minist\u00e9rio P\u00fablico da Bahia (MP-BA)\u00a0ajuizou na \u00faltima quarta-feira (dia 1\u00ba), a\u00e7\u00e3o civil p\u00fablica contra a Associa\u00e7\u00e3o Obras Sociais Irm\u00e3 Dulce (OSID), respons\u00e1vel pela gest\u00e3o do Hospital Regional de Juazeiro, e contra o Estado da Bahia. O MP pede a amplia\u00e7\u00e3o de vagas para cirurgias eletivas vasculares na unidade hospitalar. Segundo a promotora de Justi\u00e7a&hellip;","jetpack_sharing_enabled":true,"jetpack_likes_enabled":true,"_links":{"self":[{"href":"https:\/\/blogopara.com.br\/index.php\/wp-json\/wp\/v2\/posts\/37994","targetHints":{"allow":["GET"]}}],"collection":[{"href":"https:\/\/blogopara.com.br\/index.php\/wp-json\/wp\/v2\/posts"}],"about":[{"href":"https:\/\/blogopara.com.br\/index.php\/wp-json\/wp\/v2\/types\/post"}],"author":[{"embeddable":true,"href":"https:\/\/blogopara.com.br\/index.php\/wp-json\/wp\/v2\/users\/1"}],"replies":[{"embeddable":true,"href":"https:\/\/blogopara.com.br\/index.php\/wp-json\/wp\/v2\/comments?post=37994"}],"version-history":[{"count":1,"href":"https:\/\/blogopara.com.br\/index.php\/wp-json\/wp\/v2\/posts\/37994\/revisions"}],"predecessor-version":[{"id":37995,"href":"https:\/\/blogopara.com.br\/index.php\/wp-json\/wp\/v2\/posts\/37994\/revisions\/37995"}],"wp:featuredmedia":[{"embeddable":true,"href":"https:\/\/blogopara.com.br\/index.php\/wp-json\/wp\/v2\/media\/1725"}],"wp:attachment":[{"href":"https:\/\/blogopara.com.br\/index.php\/wp-json\/wp\/v2\/media?parent=37994"}],"wp:term":[{"taxonomy":"category","embeddable":true,"href":"https:\/\/blogopara.com.br\/index.php\/wp-json\/wp\/v2\/categories?post=37994"},{"taxonomy":"post_tag","embeddable":true,"href":"https:\/\/blogopara.com.br\/index.php\/wp-json\/wp\/v2\/tags?post=37994"}],"curies":[{"name":"wp","href":"https:\/\/api.w.org\/{rel}","templated":true}]}}