{"id":38012,"date":"2022-06-05T16:28:00","date_gmt":"2022-06-05T19:28:00","guid":{"rendered":"https:\/\/blogopara.com.br\/?p=38012"},"modified":"2022-06-05T16:33:12","modified_gmt":"2022-06-05T19:33:12","slug":"ciro-chama-lula-de-bandido-e-se-nega-a-apoia-lo-no-segundo-turno","status":"publish","type":"post","link":"https:\/\/blogopara.com.br\/index.php\/2022\/06\/05\/ciro-chama-lula-de-bandido-e-se-nega-a-apoia-lo-no-segundo-turno","title":{"rendered":"Ciro chama Lula de bandido e se nega a apoi\u00e1-lo no segundo turno"},"content":{"rendered":"<div class=\"column is-half-widescreen is-two-thirds-desktop is-full\">\n<div class=\"m-wrapper\">\n<div class=\"columns is-multiline\">\n<div class=\"column is-full\">\n<article class=\"m-content\">\n<p style=\"text-align: justify;\">Ciro Gomes (PDT) ultrapassou a marca tra\u00e7ada no ch\u00e3o que lhe permitiria apoiar Lula no segundo turno da elei\u00e7\u00e3o presidencial deste ano contra Bolsonaro ou ser apoiado por Lula caso fosse ele a enfrentar Bolsonaro. Isso se deu em entrevista ao site Antagonista quando Ciro disse, entre outras coisas:<\/p>\n<p style=\"text-align: justify;\"><em>\u201cVou falar com todas as letras. Eu n\u00e3o fico ao lado de bandido em nenhuma circunst\u00e2ncia, seja bandido do PT, seja de Bolsonaro. N\u00e3o fa\u00e7o nunca mais uma campanha ao lado de bandido\u201d.<\/em><\/p>\n<div class=\"m-news-list-content m-related-news\" style=\"text-align: justify;\">\n<article class=\"m-feed m-feed-small \">\n<div class=\"m-box-text\">\n<div class=\"m-category-label colunas\"><span style=\"color: initial; font-size: revert;\">Se dependesse dele, Lula continuaria preso, e o <\/span><a style=\"font-size: revert;\" href=\"https:\/\/portal.stf.jus.br\/\" target=\"_blank\" rel=\"noopener\">Supremo Tribunal Federal<\/a><span style=\"color: initial; font-size: revert;\">\u00a0n\u00e3o teria anulado suas condena\u00e7\u00f5es. Chamou de \u201cchocante\u201d o entendimento do tribunal de que os processos contra Lula n\u00e3o poderiam ter tramitado na Vara Federal de Curitiba, o que permite que Lula \u201cse apresente como inocentado\u201d.<\/span><\/div>\n<div><\/div>\n<div><\/div>\n<\/div>\n<\/article>\n<\/div>\n<\/article>\n<\/div>\n<div class=\"m-banner-wrap m-banner-rectangle m-publicity-content-middle\" style=\"text-align: justify;\"><\/div>\n<div class=\"column is-full\">\n<article class=\"m-content\">\n<blockquote><p>Para Ciro, Lula \u201cest\u00e1 cheio de responsabilidade pelo maior esc\u00e2ndalo de corrup\u00e7\u00e3o da hist\u00f3ria do mundo\u201d. A sensa\u00e7\u00e3o que existe, segundo ele, \u00e9 que s\u00f3 h\u00e1 justi\u00e7a \u201cpara ladr\u00e3o de galinha\u201d. Na elei\u00e7\u00e3o de 2018, Ciro viajou a Paris e n\u00e3o declarou apoio a Haddad (PT), que disputou o segundo turno com Bolsonaro.<\/p><\/blockquote>\n<p style=\"text-align: justify;\">Desta vez, sequer precisar\u00e1 viajar. Ciro est\u00e1 algemado ao percentual de votos que teve nas tr\u00eas vezes anteriores em que disputou a Presid\u00eancia da Rep\u00fablica. Emparedado \u00e0 esquerda por Lula e \u00e0 direita por Bolsonaro, cisca, cisca, mas n\u00e3o cresce. Na mais recente pesquisa Datafolha, apareceu com 7% das inten\u00e7\u00f5es de voto.<\/p>\n<p style=\"text-align: justify;\">O PDT est\u00e1 cada vez mais incomodado com as fortes pancadas que Ciro d\u00e1 em Lula. O partido est\u00e1 pronto para apoiar Lula em um eventual segundo turno contra\u00a0<a href=\"https:\/\/www.metropoles.com\/tag\/jair-bolsonaro\" target=\"_blank\" rel=\"noopener\">Bolsonaro<\/a>, mas uma grande fatia dele poder\u00e1 faz\u00ea-lo ainda no primeiro turno.<\/p>\n<div id=\"taboola-mid-article\" class=\"TABOOLA\" style=\"text-align: justify;\"><i style=\"color: initial; font-size: revert;\">\u201cA imagem de Lula \u00e9 de quem deixou o poder com 84% de \u00f3timo e bom. Os eleitores olham para o retrovisor e projetam o que ele pode oferecer no futuro. [\u2026] O que Bolsonaro oferece de imagina\u00e7\u00e3o para o futuro \u00e9 uma proje\u00e7\u00e3o do presente.\u201d<\/i><span style=\"color: initial; font-size: revert;\">(<\/span><b style=\"color: initial; font-size: revert;\">Antonio Lavareda<\/b><span style=\"color: initial; font-size: revert;\">, soci\u00f3logo)<\/span><\/div>\n<\/article>\n<\/div>\n<div><\/div>\n<div><\/div>\n<\/div>\n<\/div>\n<div>Por: Metr\u00f3poles<\/div>\n<\/div>\n","protected":false},"excerpt":{"rendered":"<p>Ciro Gomes (PDT) ultrapassou a marca tra\u00e7ada no ch\u00e3o que lhe permitiria apoiar Lula no segundo turno da elei\u00e7\u00e3o presidencial deste ano contra Bolsonaro ou ser apoiado por Lula caso fosse ele a enfrentar Bolsonaro. Isso se deu em entrevista ao site Antagonista quando Ciro disse, entre outras coisas: \u201cVou falar com todas as letras. [&hellip;]<\/p>\n","protected":false},"author":1,"featured_media":16782,"comment_status":"closed","ping_status":"open","sticky":false,"template":"","format":"standard","meta":{"_uag_custom_page_level_css":"","_monsterinsights_skip_tracking":false,"_monsterinsights_sitenote_active":false,"_monsterinsights_sitenote_note":"","_monsterinsights_sitenote_category":0,"jetpack_post_was_ever_published":false,"_jetpack_newsletter_access":"","_jetpack_dont_email_post_to_subs":false,"_jetpack_newsletter_tier_id":0,"_jetpack_memberships_contains_paywalled_content":false,"_jetpack_memberships_contains_paid_content":false,"footnotes":"","jetpack_publicize_message":"","jetpack_publicize_feature_enabled":true,"jetpack_social_post_already_shared":true,"jetpack_social_options":{"image_generator_settings":{"template":"highway","default_image_id":0,"font":"","enabled":false},"version":2}},"categories":[197],"tags":[9838,9837,3989,4222,9839],"class_list":["post-38012","post","type-post","status-publish","format-standard","has-post-thumbnail","hentry","category-politica","tag-apoia-lo","tag-chama-de-bandido","tag-ciro-gomes","tag-nega","tag-segundo-turno"],"jetpack_publicize_connections":[],"jetpack_featured_media_url":"https:\/\/blogopara.com.br\/wp-content\/uploads\/2020\/12\/Ciro.jpg","uagb_featured_image_src":{"full":["https:\/\/blogopara.com.br\/wp-content\/uploads\/2020\/12\/Ciro.jpg",500,300,false],"thumbnail":["https:\/\/blogopara.com.br\/wp-content\/uploads\/2020\/12\/Ciro-150x150.jpg",150,150,true],"medium":["https:\/\/blogopara.com.br\/wp-content\/uploads\/2020\/12\/Ciro-300x180.jpg",300,180,true],"medium_large":["https:\/\/blogopara.com.br\/wp-content\/uploads\/2020\/12\/Ciro.jpg",500,300,false],"large":["https:\/\/blogopara.com.br\/wp-content\/uploads\/2020\/12\/Ciro.jpg",500,300,false],"1536x1536":["https:\/\/blogopara.com.br\/wp-content\/uploads\/2020\/12\/Ciro.jpg",500,300,false],"2048x2048":["https:\/\/blogopara.com.br\/wp-content\/uploads\/2020\/12\/Ciro.jpg",500,300,false],"mantranews-slider-large":["https:\/\/blogopara.com.br\/wp-content\/uploads\/2020\/12\/Ciro.jpg",500,300,false],"mantranews-featured-medium":["https:\/\/blogopara.com.br\/wp-content\/uploads\/2020\/12\/Ciro-420x300.jpg",420,300,true],"mantranews-featured-long":["https:\/\/blogopara.com.br\/wp-content\/uploads\/2020\/12\/Ciro-300x300.jpg",300,300,true],"mantranews-block-medium":["https:\/\/blogopara.com.br\/wp-content\/uploads\/2020\/12\/Ciro-464x290.jpg",464,290,true],"mantranews-carousel-image":["https:\/\/blogopara.com.br\/wp-content\/uploads\/2020\/12\/Ciro.jpg",500,300,false],"mantranews-block-thumb":["https:\/\/blogopara.com.br\/wp-content\/uploads\/2020\/12\/Ciro-322x230.jpg",322,230,true],"mantranews-single-large":["https:\/\/blogopara.com.br\/wp-content\/uploads\/2020\/12\/Ciro.jpg",500,300,false]},"uagb_author_info":{"display_name":"Reda\u00e7\u00e3o geral","author_link":"https:\/\/blogopara.com.br\/index.php\/author\/blogopara"},"uagb_comment_info":0,"uagb_excerpt":"Ciro Gomes (PDT) ultrapassou a marca tra\u00e7ada no ch\u00e3o que lhe permitiria apoiar Lula no segundo turno da elei\u00e7\u00e3o presidencial deste ano contra Bolsonaro ou ser apoiado por Lula caso fosse ele a enfrentar Bolsonaro. Isso se deu em entrevista ao site Antagonista quando Ciro disse, entre outras coisas: \u201cVou falar com todas as letras.&hellip;","jetpack_sharing_enabled":true,"jetpack_likes_enabled":true,"_links":{"self":[{"href":"https:\/\/blogopara.com.br\/index.php\/wp-json\/wp\/v2\/posts\/38012","targetHints":{"allow":["GET"]}}],"collection":[{"href":"https:\/\/blogopara.com.br\/index.php\/wp-json\/wp\/v2\/posts"}],"about":[{"href":"https:\/\/blogopara.com.br\/index.php\/wp-json\/wp\/v2\/types\/post"}],"author":[{"embeddable":true,"href":"https:\/\/blogopara.com.br\/index.php\/wp-json\/wp\/v2\/users\/1"}],"replies":[{"embeddable":true,"href":"https:\/\/blogopara.com.br\/index.php\/wp-json\/wp\/v2\/comments?post=38012"}],"version-history":[{"count":4,"href":"https:\/\/blogopara.com.br\/index.php\/wp-json\/wp\/v2\/posts\/38012\/revisions"}],"predecessor-version":[{"id":38018,"href":"https:\/\/blogopara.com.br\/index.php\/wp-json\/wp\/v2\/posts\/38012\/revisions\/38018"}],"wp:featuredmedia":[{"embeddable":true,"href":"https:\/\/blogopara.com.br\/index.php\/wp-json\/wp\/v2\/media\/16782"}],"wp:attachment":[{"href":"https:\/\/blogopara.com.br\/index.php\/wp-json\/wp\/v2\/media?parent=38012"}],"wp:term":[{"taxonomy":"category","embeddable":true,"href":"https:\/\/blogopara.com.br\/index.php\/wp-json\/wp\/v2\/categories?post=38012"},{"taxonomy":"post_tag","embeddable":true,"href":"https:\/\/blogopara.com.br\/index.php\/wp-json\/wp\/v2\/tags?post=38012"}],"curies":[{"name":"wp","href":"https:\/\/api.w.org\/{rel}","templated":true}]}}