{"id":38226,"date":"2022-06-12T13:19:00","date_gmt":"2022-06-12T16:19:00","guid":{"rendered":"https:\/\/blogopara.com.br\/?p=38226"},"modified":"2022-06-12T08:35:05","modified_gmt":"2022-06-12T11:35:05","slug":"bolsonaro-fecha-viagem-pelos-eua-com-ataque-ao-stf-e-motociata-com-foragido","status":"publish","type":"post","link":"https:\/\/blogopara.com.br\/index.php\/2022\/06\/12\/bolsonaro-fecha-viagem-pelos-eua-com-ataque-ao-stf-e-motociata-com-foragido","title":{"rendered":"Bolsonaro fecha viagem pelos EUA com ataque ao STF e motociata com foragido"},"content":{"rendered":"<p class=\"texto\" style=\"text-align: justify;\">Em um dos \u00faltimos compromissos na viagem aos Estados Unidos, o presidente Jair Bolsonaro discursou para uma plateia de evang\u00e9licos na Igreja da Lagoinha em Orlando, na Fl\u00f3rida. Bem pr\u00f3ximo ao palco, <a href=\"https:\/\/www.correiobraziliense.com.br\/politica\/2022\/06\/5014657-foragido-allan-dos-santos-participa-de-eventos-com-presenca-de-bolsonaro.html\" target=\"_blank\" rel=\"noopener noreferrer\">o foragido internacional Allan dos Santos filmava<\/a>, com o celular, o discurso de Bolsonaro. Desde outubro do ano passado, o blogueiro tem mandado de pris\u00e3o preventiva decretado no Brasil pelo Supremo Tribunal Federal, no \u00e2mbito do inqu\u00e9rito sobre fake news.<\/p>\n<div id=\"cb-publicidade-retangulo-interna\" class=\"pub-ret\" style=\"text-align: justify;\" data-google-query-id=\"CJyamprnp_gCFUSHlQIdmccAJg\">\n<div id=\"google_ads_iframe_\/6887\/portal-correioweb\/correiobraziliense-com-br\/brasil-politica\/capa_5__container__\"><span style=\"font-size: revert; color: initial;\">Em outro v\u00eddeo, divulgado por Allan dos Santos em seu perfil pessoal nas redes sociais, o ativista est\u00e1 na <\/span><a style=\"font-size: revert;\" href=\"https:\/\/www.correiobraziliense.com.br\/politica\/2022\/06\/5014642-bolsonaro-participa-de-motociata-promovida-por-apoiadores-nos-eua.html\" target=\"_blank\" rel=\"noopener noreferrer\">motociata organizada por apoiadores de Bolsonaro em Orlando<\/a><span style=\"font-size: revert; color: initial;\">. O foragido aparece fazendo ofensas e provoca\u00e7\u00f5es ao ministro Alexandre de Moraes, do Supremo Tribunal Federal (STF). &#8220;Xand\u00e3o n\u00e3o queria que eu participasse de uma motociata no Brasil, olha o que Deus faz: traz a motociata aqui&#8221;, disse dos Santos, com um piscar de olhos e um sorriso debochado.<\/span><\/div>\n<\/div>\n<p class=\"texto\" style=\"text-align: justify;\">Com o avan\u00e7o do inqu\u00e9rito das fake news no STF, Allan dos Santos viajou para os EUA em julho de 2021. Tr\u00eas meses depois, Alexandre de Moraes expediu a pris\u00e3o preventiva do investigado.<\/p>\n<p class=\"texto\" style=\"text-align: justify;\">Nos Estados Unidos, Bolsonaro n\u00e3o foi visto publicamente com Allan dos Santos. Mas disse, antes de discursar na Igreja da Lagoinha, que n\u00e3o via problema em conversar com o foragido. &#8220;Se ele estiver presente, eu falo com ele. \u00c9 um cidad\u00e3o, sem problema nenhum. \u00c9 um cidad\u00e3o brasileiro, se expressou. Se foi bem ou mal, sua pena jamais poderia ser amea\u00e7a de pris\u00e3o&#8221;, afirmou o presidente a jornalistas.<\/p>\n<p class=\"texto\" style=\"text-align: justify;\"><a href=\"https:\/\/www.correiobraziliense.com.br\/politica\/2022\/06\/5014704-bolsonaro-diz-que-barroso-e-mau-carater-e-moraes-tem-um-problema.html\" target=\"_blank\" rel=\"noopener noreferrer\">Bolsonaro ainda afirmou que os ministros da Suprema Corte brasileira &#8220;t\u00eam que entender que n\u00e3o s\u00e3o deuses&#8221;\u00a0<\/a>e que s\u00e3o &#8220;autoridades subordinadas \u00e0 Constitui\u00e7\u00e3o&#8221;. &#8220;Alguns do Supremo, n\u00e3o s\u00e3o todos, t\u00eam que tirar da cabe\u00e7a que n\u00e3o s\u00e3o todos poderosos. T\u00eam erros, t\u00eam falhas e se curvam \u00e0 Constitui\u00e7\u00e3o. Acima de n\u00f3s est\u00e3o os cidad\u00e3os. Eu sirvo os cidad\u00e3os&#8221;, complementou.<\/p>\n<div id=\"cb-publicidade-retangulo-interna-2\" class=\"pub-ret\" style=\"text-align: justify;\" data-google-query-id=\"CPT6153np_gCFWNIuAQd2-QHTw\">\n<div id=\"google_ads_iframe_\/6887\/portal-correioweb\/correiobraziliense-com-br\/brasil-politica\/capa_6__container__\"><span style=\"font-size: revert; color: initial;\">Quando determinou a pris\u00e3o preventiva de Allan dos Santos, o ministro Alexandre de Moraes acionou o Minist\u00e9rio da Justi\u00e7a para iniciar o processo de extradi\u00e7\u00e3o do bolsonarista. O magistrado tamb\u00e9m ordenou que a Pol\u00edcia Federal inclu\u00edsse o mandado de pris\u00e3o na lista da Difus\u00e3o Vermelha da Interpol. Contudo, as autoridades norte-americanas ainda n\u00e3o consideraram as acusa\u00e7\u00f5es suficientes para junt\u00e1-lo ao rol de procurados. O ministro da Justi\u00e7a, Anderson Torres, integra a comitiva presidencial que viajou aos Estados Unidos.<\/span><\/div>\n<\/div>\n<p class=\"texto\" style=\"text-align: justify;\">A atitude de Jair Bolsonaro em rela\u00e7\u00e3o ao blogueiro \u00e9 grave, na avalia\u00e7\u00e3o de especialistas ouvidos pelo Correio. Segundo a advogada constitucionalista Vera Chemim, ao ter ci\u00eancia de que Santos estava ali, o presidente e o ministro Anderson Torres deveriam ter acionado a pol\u00edcia internacional, Interpol, para efetuar a pris\u00e3o. &#8220;\u00c9 uma omiss\u00e3o dolosa. A atitude de ambos \u00e9 poss\u00edvel enquadramento em ato de improbidade administrativa correspondente ao artigo 11 da Lei 8.429. Tamb\u00e9m pode ser enquadrado em crime de prevarica\u00e7\u00e3o previsto no artigo 319 do C\u00f3digo Penal&#8221;, explicou.<\/p>\n<p class=\"texto\" style=\"text-align: justify;\">O constitucionalista Guilherme Amorim Campos da Silva, s\u00f3cio de Rubens Naves Santos Jr. Advogados, ainda acrescenta que o presidente e as demais autoridades t\u00eam poder para dar voz de pris\u00e3o. &#8220;T\u00eam o dever de informar as autoridades e o poder de dar voz de pris\u00e3o a essa pessoa. O exemplo que passam, al\u00e9m de configurar crime de responsabilidade, porque deveriam agir em cumprimento a lei e n\u00e3o o fazem, \u00e9 de desrespeito com a Constitui\u00e7\u00e3o Federal, \u00e0s leis do pa\u00eds, as institui\u00e7\u00f5es nacionais e aos esfor\u00e7os de coopera\u00e7\u00e3o internacional de combate \u00e0 criminalidade e \u00e0 divulga\u00e7\u00e3o de informa\u00e7\u00f5es falsas&#8221;, frisou.<\/p>\n<p style=\"text-align: justify;\">\n<h3 style=\"text-align: justify;\">Mau car\u00e1ter<\/h3>\n<p class=\"texto\" style=\"text-align: justify;\">Ap\u00f3s o discurso na igreja e passeio de moto ocorrido na sequ\u00eancia, Bolsonaro foi a uma churrascaria. Na porta do estabelecimento, ao ser abordado por jornalistas, chamou o ministro do STF Roberto Barroso de &#8220;mentiroso&#8221; e &#8220;sem car\u00e1ter&#8221;.<\/p>\n<p class=\"texto\" style=\"text-align: justify;\">&#8220;Eu n\u00e3o estou atacando a Justi\u00e7a Eleitoral, estou atacando o Barroso, que n\u00e3o tem car\u00e1ter&#8221;, disparou o presidente. Bolsonaro atacou, ainda, Alexandre de Moraes. Disse que o ministro teria ingressado na Corte por ter alian\u00e7a com o ex-presidente Michel Temer e que a sabatina dele no Senado n\u00e3o teria sido rigorosa.<\/p>\n<p class=\"texto\" style=\"text-align: justify;\">O presidente afirmou que os atritos aumentaram ap\u00f3s o fracasso de um suposto acordo com o ministro. &#8220;Conversei por tr\u00eas vezes com Alexandre de Moraes, combinamos algumas coisas. Ele n\u00e3o cumpriu nada. Uma das coisas era botar fim, em um m\u00eas, no m\u00e1ximo dois meses a esse inqu\u00e9rito que ele abriu aos mont\u00f5es&#8221;, frisou Bolsonaro.<\/p>\n<p class=\"texto\" style=\"text-align: justify;\">O presidente ainda criticou a condena\u00e7\u00e3o do deputado bolsonarista Daniel Silveira (PTB-RJ). Segundo ele, Alexandre de Moraes continua perseguindo o parlamentar mesmo depois que foi concedido a gra\u00e7a presidencial. &#8220;Agora, bloqueando o celular da esposa dele, que \u00e9 a advogada que o defende&#8221;, disse.<\/p>\n<p class=\"texto\" style=\"text-align: justify;\">Outro argumento utilizado por Bolsonaro foi comparar a situa\u00e7\u00e3o dele com a pris\u00e3o da ex-presidente da Bol\u00edvia, Jeanine \u00c1\u00f1ez, condenada nesta semana a 10 anos de pris\u00e3o no pa\u00eds por articular um golpe de Estado em 2019. Bolsonaro j\u00e1 havia mencionado esse paralelismo em outras ocasi\u00f5es.<\/p>\n<p class=\"texto\" style=\"text-align: justify;\">&#8220;Agora foi confirmado dez anos de cadeia para ela. Qual a acusa\u00e7\u00e3o? Atos antidemocr\u00e1ticos. Algu\u00e9m faz alguma correla\u00e7\u00e3o com Alexandre de Moraes e os inqu\u00e9ritos por atos antidemocr\u00e1ticos? Ou seja, \u00e9 uma amea\u00e7a para mim quando deixar o governo?&#8221;, perguntou Bolsonaro.<\/p>\n<p class=\"texto\" style=\"text-align: justify;\">O titular do Planalto ainda criticou a atua\u00e7\u00e3o do presidente do Tribunal Superior Eleitoral, ministro Edson Fachin, ao convidar observadores internacionais para as elei\u00e7\u00f5es de 2022. &#8220;O que esses observadores v\u00e3o fazer l\u00e1? Observar? Olha, a n\u00e3o ser que ele tenha um olhar de super-homem que possa observar programas, microchips. Qual a qualifica\u00e7\u00e3o desses observadores?&#8221;, protestou o pr\u00e9-candidato a reelei\u00e7\u00e3o.<\/p>\n<p>Por: Correio Braziliense<\/p>\n","protected":false},"excerpt":{"rendered":"<p>Em um dos \u00faltimos compromissos na viagem aos Estados Unidos, o presidente Jair Bolsonaro discursou para uma plateia de evang\u00e9licos na Igreja da Lagoinha em Orlando, na Fl\u00f3rida. Bem pr\u00f3ximo ao palco, o foragido internacional Allan dos Santos filmava, com o celular, o discurso de Bolsonaro. Desde outubro do ano passado, o blogueiro tem mandado [&hellip;]<\/p>\n","protected":false},"author":1,"featured_media":38227,"comment_status":"closed","ping_status":"open","sticky":false,"template":"","format":"standard","meta":{"_uag_custom_page_level_css":"","_monsterinsights_skip_tracking":false,"_monsterinsights_sitenote_active":false,"_monsterinsights_sitenote_note":"","_monsterinsights_sitenote_category":0,"jetpack_post_was_ever_published":false,"_jetpack_newsletter_access":"","_jetpack_dont_email_post_to_subs":false,"_jetpack_newsletter_tier_id":0,"_jetpack_memberships_contains_paywalled_content":false,"_jetpack_memberships_contains_paid_content":false,"footnotes":"","jetpack_publicize_message":"","jetpack_publicize_feature_enabled":true,"jetpack_social_post_already_shared":true,"jetpack_social_options":{"image_generator_settings":{"template":"highway","default_image_id":0,"font":"","enabled":false},"version":2}},"categories":[200,197],"tags":[21,9967,9966,1255,9968],"class_list":["post-38226","post","type-post","status-publish","format-standard","has-post-thumbnail","hentry","category-brasil","category-politica","tag-bolsonaro","tag-eua-com-ataque","tag-fecha-viagem","tag-foragido","tag-stf-e-motociata"],"jetpack_publicize_connections":[],"jetpack_featured_media_url":"https:\/\/blogopara.com.br\/wp-content\/uploads\/2022\/06\/FOTO_NOTICIA_2.jpg","uagb_featured_image_src":{"full":["https:\/\/blogopara.com.br\/wp-content\/uploads\/2022\/06\/FOTO_NOTICIA_2.jpg",500,285,false],"thumbnail":["https:\/\/blogopara.com.br\/wp-content\/uploads\/2022\/06\/FOTO_NOTICIA_2-150x150.jpg",150,150,true],"medium":["https:\/\/blogopara.com.br\/wp-content\/uploads\/2022\/06\/FOTO_NOTICIA_2-300x171.jpg",300,171,true],"medium_large":["https:\/\/blogopara.com.br\/wp-content\/uploads\/2022\/06\/FOTO_NOTICIA_2.jpg",500,285,false],"large":["https:\/\/blogopara.com.br\/wp-content\/uploads\/2022\/06\/FOTO_NOTICIA_2.jpg",500,285,false],"1536x1536":["https:\/\/blogopara.com.br\/wp-content\/uploads\/2022\/06\/FOTO_NOTICIA_2.jpg",500,285,false],"2048x2048":["https:\/\/blogopara.com.br\/wp-content\/uploads\/2022\/06\/FOTO_NOTICIA_2.jpg",500,285,false],"mantranews-slider-large":["https:\/\/blogopara.com.br\/wp-content\/uploads\/2022\/06\/FOTO_NOTICIA_2.jpg",500,285,false],"mantranews-featured-medium":["https:\/\/blogopara.com.br\/wp-content\/uploads\/2022\/06\/FOTO_NOTICIA_2-420x285.jpg",420,285,true],"mantranews-featured-long":["https:\/\/blogopara.com.br\/wp-content\/uploads\/2022\/06\/FOTO_NOTICIA_2-300x285.jpg",300,285,true],"mantranews-block-medium":["https:\/\/blogopara.com.br\/wp-content\/uploads\/2022\/06\/FOTO_NOTICIA_2-464x285.jpg",464,285,true],"mantranews-carousel-image":["https:\/\/blogopara.com.br\/wp-content\/uploads\/2022\/06\/FOTO_NOTICIA_2.jpg",500,285,false],"mantranews-block-thumb":["https:\/\/blogopara.com.br\/wp-content\/uploads\/2022\/06\/FOTO_NOTICIA_2-322x230.jpg",322,230,true],"mantranews-single-large":["https:\/\/blogopara.com.br\/wp-content\/uploads\/2022\/06\/FOTO_NOTICIA_2.jpg",500,285,false]},"uagb_author_info":{"display_name":"Reda\u00e7\u00e3o geral","author_link":"https:\/\/blogopara.com.br\/index.php\/author\/blogopara"},"uagb_comment_info":0,"uagb_excerpt":"Em um dos \u00faltimos compromissos na viagem aos Estados Unidos, o presidente Jair Bolsonaro discursou para uma plateia de evang\u00e9licos na Igreja da Lagoinha em Orlando, na Fl\u00f3rida. Bem pr\u00f3ximo ao palco, o foragido internacional Allan dos Santos filmava, com o celular, o discurso de Bolsonaro. Desde outubro do ano passado, o blogueiro tem mandado&hellip;","jetpack_sharing_enabled":true,"jetpack_likes_enabled":true,"_links":{"self":[{"href":"https:\/\/blogopara.com.br\/index.php\/wp-json\/wp\/v2\/posts\/38226","targetHints":{"allow":["GET"]}}],"collection":[{"href":"https:\/\/blogopara.com.br\/index.php\/wp-json\/wp\/v2\/posts"}],"about":[{"href":"https:\/\/blogopara.com.br\/index.php\/wp-json\/wp\/v2\/types\/post"}],"author":[{"embeddable":true,"href":"https:\/\/blogopara.com.br\/index.php\/wp-json\/wp\/v2\/users\/1"}],"replies":[{"embeddable":true,"href":"https:\/\/blogopara.com.br\/index.php\/wp-json\/wp\/v2\/comments?post=38226"}],"version-history":[{"count":1,"href":"https:\/\/blogopara.com.br\/index.php\/wp-json\/wp\/v2\/posts\/38226\/revisions"}],"predecessor-version":[{"id":38228,"href":"https:\/\/blogopara.com.br\/index.php\/wp-json\/wp\/v2\/posts\/38226\/revisions\/38228"}],"wp:featuredmedia":[{"embeddable":true,"href":"https:\/\/blogopara.com.br\/index.php\/wp-json\/wp\/v2\/media\/38227"}],"wp:attachment":[{"href":"https:\/\/blogopara.com.br\/index.php\/wp-json\/wp\/v2\/media?parent=38226"}],"wp:term":[{"taxonomy":"category","embeddable":true,"href":"https:\/\/blogopara.com.br\/index.php\/wp-json\/wp\/v2\/categories?post=38226"},{"taxonomy":"post_tag","embeddable":true,"href":"https:\/\/blogopara.com.br\/index.php\/wp-json\/wp\/v2\/tags?post=38226"}],"curies":[{"name":"wp","href":"https:\/\/api.w.org\/{rel}","templated":true}]}}