{"id":38244,"date":"2022-06-13T10:44:00","date_gmt":"2022-06-13T13:44:00","guid":{"rendered":"https:\/\/blogopara.com.br\/?p=38244"},"modified":"2022-06-13T09:20:42","modified_gmt":"2022-06-13T12:20:42","slug":"mae-e-padrasto-sao-presos-por-suspeita-de-torturar-e-matar-menina-de-3-anos","status":"publish","type":"post","link":"https:\/\/blogopara.com.br\/index.php\/2022\/06\/13\/mae-e-padrasto-sao-presos-por-suspeita-de-torturar-e-matar-menina-de-3-anos","title":{"rendered":"M\u00e3e e padrasto s\u00e3o presos por suspeita de torturar e matar menina de 3 anos"},"content":{"rendered":"<div class=\"artigo_texto\">\n<p style=\"text-align: justify;\">O padrasto e a m\u00e3e de Mirella Dias Franco, 3 anos, foram presos na manh\u00e3 deste s\u00e1bado (11) por suspeita de torturar e matar a menina em Alvorada, regi\u00e3o metropolitana de Porto Alegre (RS).<\/p>\n<p style=\"text-align: justify;\">De acordo com a\u00a0<a href=\"https:\/\/www.bnews.com.br\/tags\/policia-civil\" target=\"_blank\" rel=\"noopener\">Pol\u00edcia Civil<\/a>\u00a0do Rio Grande do Sul, as investiga\u00e7\u00f5es come\u00e7aram ap\u00f3s Mirella dar entrada em uma UBS (Unidade B\u00e1sica de Sa\u00fade) em 31 de maio e morrer minutos depois. Ela estava coberta por hematomas, marcas de queimaduras e fraturas, antigas e atuais, e uma severa hemorragia abdominal, que foi a causa da morte.<\/p>\n<p style=\"text-align: justify;\">De acordo com os agentes, a m\u00e3e foi localizada no bairro Guajuviras, em Canoas, ao norte da capital ga\u00facha, e o padrasto foi encontrado em Palho\u00e7a, no estado de Santa Catarina, para onde havia ido logo ap\u00f3s o crime.<\/p>\n<p style=\"text-align: justify;\">Testemunhas relataram \u00e0 pol\u00edcia que a menina estava sempre com medo, chorando ou machucada. Disseram tamb\u00e9m que viram a menina com hematomas e les\u00f5es, com medo do padrasto e n\u00e3o querendo retornar para a casa com a m\u00e3e em diversas ocasi\u00f5es.<\/p>\n<p style=\"text-align: justify;\">Prontu\u00e1rios m\u00e9dicos confirmaram que a menina teve v\u00e1rias entradas em unidades de sa\u00fade por m\u00faltiplas fraturas, escabiose e queimaduras que n\u00e3o haviam sido tratadas adequadamente.<\/p>\n<p style=\"text-align: justify;\">De acordo com a Pol\u00edcia Civil, as agress\u00f5es ocorreram ao longo de mais de dois anos, durante a conviv\u00eancia do casal. Os suspeitos teriam submetido a v\u00edtima a agress\u00f5es f\u00edsicas, priva\u00e7\u00f5es, neglig\u00eancia, e a intenso sofrimento f\u00edsico e mental como forma de castigo pessoal, o que caracteriza o crime de tortura com resultado em morte.<\/p>\n<p style=\"text-align: justify;\">As pris\u00f5es ocorreram durante a Opera\u00e7\u00e3o Inoc\u00eancia. Os mandados foram deferidos pela 3\u00aa Vara Criminal de Alvorada, ap\u00f3s parecer favor\u00e1vel do Minist\u00e9rio P\u00fablico, e foram cumpridos pela Delegacia Especializada no Atendimento \u00e0 Mulher de Alvorada.<\/p>\n<\/div>\n<p>Por : Folhapress<\/p>\n<div class=\"artigo_texto\">\n<div class=\"d-flex justify-content-center my-3\" style=\"text-align: justify;\">\n<div id=\"banner-300x250-3-area\" data-desktop=\"300x250\" data-mobile=\"320x50\" data-google-query-id=\"CK-Ng92zqvgCFYoFuQYdbq0P0A\">\n<div id=\"google_ads_iframe_\/8804\/parceiros\/bnews_2__container__\"><\/div>\n<\/div>\n<\/div>\n<\/div>\n<div class=\"tags my-1\" style=\"text-align: justify;\"><\/div>\n","protected":false},"excerpt":{"rendered":"<p>O padrasto e a m\u00e3e de Mirella Dias Franco, 3 anos, foram presos na manh\u00e3 deste s\u00e1bado (11) por suspeita de torturar e matar a menina em Alvorada, regi\u00e3o metropolitana de Porto Alegre (RS). De acordo com a\u00a0Pol\u00edcia Civil\u00a0do Rio Grande do Sul, as investiga\u00e7\u00f5es come\u00e7aram ap\u00f3s Mirella dar entrada em uma UBS (Unidade B\u00e1sica [&hellip;]<\/p>\n","protected":false},"author":1,"featured_media":38245,"comment_status":"closed","ping_status":"open","sticky":false,"template":"","format":"standard","meta":{"_uag_custom_page_level_css":"","_monsterinsights_skip_tracking":false,"_monsterinsights_sitenote_active":false,"_monsterinsights_sitenote_note":"","_monsterinsights_sitenote_category":0,"jetpack_post_was_ever_published":false,"_jetpack_newsletter_access":"","_jetpack_dont_email_post_to_subs":false,"_jetpack_newsletter_tier_id":0,"_jetpack_memberships_contains_paywalled_content":false,"_jetpack_memberships_contains_paid_content":false,"footnotes":"","jetpack_publicize_message":"","jetpack_publicize_feature_enabled":true,"jetpack_social_post_already_shared":true,"jetpack_social_options":{"image_generator_settings":{"template":"highway","default_image_id":0,"font":"","enabled":false},"version":2}},"categories":[202],"tags":[9982,9979,9980,9981],"class_list":["post-38244","post","type-post","status-publish","format-standard","has-post-thumbnail","hentry","category-policia","tag-3-anos","tag-mae-e-padrastro","tag-presos-por-suspeita","tag-torturar-e-matar-menina"],"jetpack_publicize_connections":[],"jetpack_featured_media_url":"https:\/\/blogopara.com.br\/wp-content\/uploads\/2022\/06\/mirella_dias_franco_morta_e_torturada_aos_3_anos_widelg.jpg","uagb_featured_image_src":{"full":["https:\/\/blogopara.com.br\/wp-content\/uploads\/2022\/06\/mirella_dias_franco_morta_e_torturada_aos_3_anos_widelg.jpg",500,281,false],"thumbnail":["https:\/\/blogopara.com.br\/wp-content\/uploads\/2022\/06\/mirella_dias_franco_morta_e_torturada_aos_3_anos_widelg-150x150.jpg",150,150,true],"medium":["https:\/\/blogopara.com.br\/wp-content\/uploads\/2022\/06\/mirella_dias_franco_morta_e_torturada_aos_3_anos_widelg-300x169.jpg",300,169,true],"medium_large":["https:\/\/blogopara.com.br\/wp-content\/uploads\/2022\/06\/mirella_dias_franco_morta_e_torturada_aos_3_anos_widelg.jpg",500,281,false],"large":["https:\/\/blogopara.com.br\/wp-content\/uploads\/2022\/06\/mirella_dias_franco_morta_e_torturada_aos_3_anos_widelg.jpg",500,281,false],"1536x1536":["https:\/\/blogopara.com.br\/wp-content\/uploads\/2022\/06\/mirella_dias_franco_morta_e_torturada_aos_3_anos_widelg.jpg",500,281,false],"2048x2048":["https:\/\/blogopara.com.br\/wp-content\/uploads\/2022\/06\/mirella_dias_franco_morta_e_torturada_aos_3_anos_widelg.jpg",500,281,false],"mantranews-slider-large":["https:\/\/blogopara.com.br\/wp-content\/uploads\/2022\/06\/mirella_dias_franco_morta_e_torturada_aos_3_anos_widelg.jpg",500,281,false],"mantranews-featured-medium":["https:\/\/blogopara.com.br\/wp-content\/uploads\/2022\/06\/mirella_dias_franco_morta_e_torturada_aos_3_anos_widelg-420x281.jpg",420,281,true],"mantranews-featured-long":["https:\/\/blogopara.com.br\/wp-content\/uploads\/2022\/06\/mirella_dias_franco_morta_e_torturada_aos_3_anos_widelg-300x281.jpg",300,281,true],"mantranews-block-medium":["https:\/\/blogopara.com.br\/wp-content\/uploads\/2022\/06\/mirella_dias_franco_morta_e_torturada_aos_3_anos_widelg-464x281.jpg",464,281,true],"mantranews-carousel-image":["https:\/\/blogopara.com.br\/wp-content\/uploads\/2022\/06\/mirella_dias_franco_morta_e_torturada_aos_3_anos_widelg.jpg",500,281,false],"mantranews-block-thumb":["https:\/\/blogopara.com.br\/wp-content\/uploads\/2022\/06\/mirella_dias_franco_morta_e_torturada_aos_3_anos_widelg-322x230.jpg",322,230,true],"mantranews-single-large":["https:\/\/blogopara.com.br\/wp-content\/uploads\/2022\/06\/mirella_dias_franco_morta_e_torturada_aos_3_anos_widelg.jpg",500,281,false]},"uagb_author_info":{"display_name":"Reda\u00e7\u00e3o geral","author_link":"https:\/\/blogopara.com.br\/index.php\/author\/blogopara"},"uagb_comment_info":0,"uagb_excerpt":"O padrasto e a m\u00e3e de Mirella Dias Franco, 3 anos, foram presos na manh\u00e3 deste s\u00e1bado (11) por suspeita de torturar e matar a menina em Alvorada, regi\u00e3o metropolitana de Porto Alegre (RS). De acordo com a\u00a0Pol\u00edcia Civil\u00a0do Rio Grande do Sul, as investiga\u00e7\u00f5es come\u00e7aram ap\u00f3s Mirella dar entrada em uma UBS (Unidade B\u00e1sica&hellip;","jetpack_sharing_enabled":true,"jetpack_likes_enabled":true,"_links":{"self":[{"href":"https:\/\/blogopara.com.br\/index.php\/wp-json\/wp\/v2\/posts\/38244","targetHints":{"allow":["GET"]}}],"collection":[{"href":"https:\/\/blogopara.com.br\/index.php\/wp-json\/wp\/v2\/posts"}],"about":[{"href":"https:\/\/blogopara.com.br\/index.php\/wp-json\/wp\/v2\/types\/post"}],"author":[{"embeddable":true,"href":"https:\/\/blogopara.com.br\/index.php\/wp-json\/wp\/v2\/users\/1"}],"replies":[{"embeddable":true,"href":"https:\/\/blogopara.com.br\/index.php\/wp-json\/wp\/v2\/comments?post=38244"}],"version-history":[{"count":1,"href":"https:\/\/blogopara.com.br\/index.php\/wp-json\/wp\/v2\/posts\/38244\/revisions"}],"predecessor-version":[{"id":38246,"href":"https:\/\/blogopara.com.br\/index.php\/wp-json\/wp\/v2\/posts\/38244\/revisions\/38246"}],"wp:featuredmedia":[{"embeddable":true,"href":"https:\/\/blogopara.com.br\/index.php\/wp-json\/wp\/v2\/media\/38245"}],"wp:attachment":[{"href":"https:\/\/blogopara.com.br\/index.php\/wp-json\/wp\/v2\/media?parent=38244"}],"wp:term":[{"taxonomy":"category","embeddable":true,"href":"https:\/\/blogopara.com.br\/index.php\/wp-json\/wp\/v2\/categories?post=38244"},{"taxonomy":"post_tag","embeddable":true,"href":"https:\/\/blogopara.com.br\/index.php\/wp-json\/wp\/v2\/tags?post=38244"}],"curies":[{"name":"wp","href":"https:\/\/api.w.org\/{rel}","templated":true}]}}