{"id":3833,"date":"2019-10-12T09:42:54","date_gmt":"2019-10-12T12:42:54","guid":{"rendered":"http:\/\/blogopara.com.br\/?p=3833"},"modified":"2019-10-12T09:41:58","modified_gmt":"2019-10-12T12:41:58","slug":"senhor-do-bomfim-tenente-agride-soldado-durante-o-servico-no-6o-bpm","status":"publish","type":"post","link":"https:\/\/blogopara.com.br\/index.php\/2019\/10\/12\/senhor-do-bomfim-tenente-agride-soldado-durante-o-servico-no-6o-bpm","title":{"rendered":"Senhor do Bomfim: Tenente \u00e9 acusado de agredir soldado durante o servi\u00e7o no 6\u00ba BPM"},"content":{"rendered":"<p style=\"text-align: justify;\">Na noite de quinta-feira (10\/10), o soldado PM Rosemberg estava de plant\u00e3o na guarda do quartel, segundo o mesmo o Tenente Cordeiro apareceu durante o servi\u00e7o em vis\u00edvel estado et\u00edlico e descontrolado, dirigiu-se a ele com palavras grosseiras por motivos f\u00fateis (uso de fone de ouvidos), amea\u00e7ando comunicar, e em seguida o agrediu com v\u00e1rios socos, o soldado Rosemberg sofreu um corte no superc\u00edlio e hematomas na face.<\/p>\n<p style=\"text-align: justify;\">O ferimento sangrou intensamente devido \u00e0s fortes agress\u00f5es perpetradas pelo oficial, o militar foi socorrido \u00e0 UPA por uma Guarni\u00e7\u00e3o.<\/p>\n<pre>Fonte: ASPRA Bomfim<\/pre>\n","protected":false},"excerpt":{"rendered":"<p>Na noite de quinta-feira (10\/10), o soldado PM Rosemberg estava de plant\u00e3o na guarda do quartel, segundo o mesmo o Tenente Cordeiro apareceu durante o servi\u00e7o em vis\u00edvel estado et\u00edlico e descontrolado, dirigiu-se a ele com palavras grosseiras por motivos f\u00fateis (uso de fone de ouvidos), amea\u00e7ando comunicar, e em seguida o agrediu com v\u00e1rios [&hellip;]<\/p>\n","protected":false},"author":1,"featured_media":3834,"comment_status":"open","ping_status":"open","sticky":false,"template":"","format":"standard","meta":{"_uag_custom_page_level_css":"","_monsterinsights_skip_tracking":false,"_monsterinsights_sitenote_active":false,"_monsterinsights_sitenote_note":"","_monsterinsights_sitenote_category":0,"jetpack_post_was_ever_published":false,"_jetpack_newsletter_access":"","_jetpack_dont_email_post_to_subs":false,"_jetpack_newsletter_tier_id":0,"_jetpack_memberships_contains_paywalled_content":false,"_jetpack_memberships_contains_paid_content":false,"footnotes":"","jetpack_publicize_message":"","jetpack_publicize_feature_enabled":true,"jetpack_social_post_already_shared":true,"jetpack_social_options":{"image_generator_settings":{"template":"highway","default_image_id":0,"font":"","enabled":false},"version":2}},"categories":[199],"tags":[253,182],"class_list":["post-3833","post","type-post","status-publish","format-standard","has-post-thumbnail","hentry","category-bahia","tag-agressao","tag-pmba"],"jetpack_publicize_connections":[],"jetpack_featured_media_url":"https:\/\/blogopara.com.br\/wp-content\/uploads\/2019\/10\/pmbom.jpeg","uagb_featured_image_src":{"full":["https:\/\/blogopara.com.br\/wp-content\/uploads\/2019\/10\/pmbom.jpeg",1032,489,false],"thumbnail":["https:\/\/blogopara.com.br\/wp-content\/uploads\/2019\/10\/pmbom-150x150.jpeg",150,150,true],"medium":["https:\/\/blogopara.com.br\/wp-content\/uploads\/2019\/10\/pmbom-300x142.jpeg",300,142,true],"medium_large":["https:\/\/blogopara.com.br\/wp-content\/uploads\/2019\/10\/pmbom-768x364.jpeg",640,303,true],"large":["https:\/\/blogopara.com.br\/wp-content\/uploads\/2019\/10\/pmbom-1024x485.jpeg",640,303,true],"1536x1536":["https:\/\/blogopara.com.br\/wp-content\/uploads\/2019\/10\/pmbom.jpeg",1032,489,false],"2048x2048":["https:\/\/blogopara.com.br\/wp-content\/uploads\/2019\/10\/pmbom.jpeg",1032,489,false],"mantranews-slider-large":["https:\/\/blogopara.com.br\/wp-content\/uploads\/2019\/10\/pmbom.jpeg",1020,483,false],"mantranews-featured-medium":["https:\/\/blogopara.com.br\/wp-content\/uploads\/2019\/10\/pmbom.jpeg",420,199,false],"mantranews-featured-long":["https:\/\/blogopara.com.br\/wp-content\/uploads\/2019\/10\/pmbom.jpeg",300,142,false],"mantranews-block-medium":["https:\/\/blogopara.com.br\/wp-content\/uploads\/2019\/10\/pmbom.jpeg",464,220,false],"mantranews-carousel-image":["https:\/\/blogopara.com.br\/wp-content\/uploads\/2019\/10\/pmbom.jpeg",600,284,false],"mantranews-block-thumb":["https:\/\/blogopara.com.br\/wp-content\/uploads\/2019\/10\/pmbom.jpeg",322,153,false],"mantranews-single-large":["https:\/\/blogopara.com.br\/wp-content\/uploads\/2019\/10\/pmbom.jpeg",1032,489,false]},"uagb_author_info":{"display_name":"Reda\u00e7\u00e3o geral","author_link":"https:\/\/blogopara.com.br\/index.php\/author\/blogopara"},"uagb_comment_info":10,"uagb_excerpt":"Na noite de quinta-feira (10\/10), o soldado PM Rosemberg estava de plant\u00e3o na guarda do quartel, segundo o mesmo o Tenente Cordeiro apareceu durante o servi\u00e7o em vis\u00edvel estado et\u00edlico e descontrolado, dirigiu-se a ele com palavras grosseiras por motivos f\u00fateis (uso de fone de ouvidos), amea\u00e7ando comunicar, e em seguida o agrediu com v\u00e1rios&hellip;","jetpack_sharing_enabled":true,"jetpack_likes_enabled":true,"_links":{"self":[{"href":"https:\/\/blogopara.com.br\/index.php\/wp-json\/wp\/v2\/posts\/3833","targetHints":{"allow":["GET"]}}],"collection":[{"href":"https:\/\/blogopara.com.br\/index.php\/wp-json\/wp\/v2\/posts"}],"about":[{"href":"https:\/\/blogopara.com.br\/index.php\/wp-json\/wp\/v2\/types\/post"}],"author":[{"embeddable":true,"href":"https:\/\/blogopara.com.br\/index.php\/wp-json\/wp\/v2\/users\/1"}],"replies":[{"embeddable":true,"href":"https:\/\/blogopara.com.br\/index.php\/wp-json\/wp\/v2\/comments?post=3833"}],"version-history":[{"count":2,"href":"https:\/\/blogopara.com.br\/index.php\/wp-json\/wp\/v2\/posts\/3833\/revisions"}],"predecessor-version":[{"id":3838,"href":"https:\/\/blogopara.com.br\/index.php\/wp-json\/wp\/v2\/posts\/3833\/revisions\/3838"}],"wp:featuredmedia":[{"embeddable":true,"href":"https:\/\/blogopara.com.br\/index.php\/wp-json\/wp\/v2\/media\/3834"}],"wp:attachment":[{"href":"https:\/\/blogopara.com.br\/index.php\/wp-json\/wp\/v2\/media?parent=3833"}],"wp:term":[{"taxonomy":"category","embeddable":true,"href":"https:\/\/blogopara.com.br\/index.php\/wp-json\/wp\/v2\/categories?post=3833"},{"taxonomy":"post_tag","embeddable":true,"href":"https:\/\/blogopara.com.br\/index.php\/wp-json\/wp\/v2\/tags?post=3833"}],"curies":[{"name":"wp","href":"https:\/\/api.w.org\/{rel}","templated":true}]}}