{"id":38331,"date":"2022-06-15T11:37:39","date_gmt":"2022-06-15T14:37:39","guid":{"rendered":"https:\/\/blogopara.com.br\/?p=38331"},"modified":"2022-06-15T11:37:43","modified_gmt":"2022-06-15T14:37:43","slug":"comissao-aprova-projeto-que-preve-detencao-para-quem-tocar-policial-durante-abordagem","status":"publish","type":"post","link":"https:\/\/blogopara.com.br\/index.php\/2022\/06\/15\/comissao-aprova-projeto-que-preve-detencao-para-quem-tocar-policial-durante-abordagem","title":{"rendered":"Comiss\u00e3o aprova projeto que prev\u00ea deten\u00e7\u00e3o para quem tocar policial durante abordagem"},"content":{"rendered":"<div class=\"mc-column content-text active-extra-styles active-capital-letter\" data-block-type=\"unstyled\" data-block-weight=\"36\" data-block-id=\"1\">\n<p class=\"content-text__container theme-color-primary-first-letter\" style=\"text-align: justify;\" data-track-category=\"Link no Texto\" data-track-links=\"\">A Comiss\u00e3o de Seguran\u00e7a P\u00fablica da C\u00e2mara aprovou nesta ter\u00e7a-feira (14) um projeto que prev\u00ea pena de at\u00e9 um ano de deten\u00e7\u00e3o para quem descumprir \u201cdeveres\u201d durante abordagem policial, incluindo tocar no agente durante a a\u00e7\u00e3o.<\/p>\n<\/div>\n<div class=\"wall protected-content\">\n<div class=\"mc-column content-text active-extra-styles \" style=\"text-align: justify;\" data-block-type=\"unstyled\" data-block-weight=\"19\" data-block-id=\"2\">\n<p class=\"content-text__container \" data-track-category=\"Link no Texto\" data-track-links=\"\">O texto ainda passar\u00e1 pela Comiss\u00e3o de Constitui\u00e7\u00e3o e Justi\u00e7a (CCJ) antes de seguir ao plen\u00e1rio da Casa.<\/p>\n<\/div>\n<div class=\"mc-column content-text active-extra-styles \" style=\"text-align: justify;\" data-block-type=\"unstyled\" data-block-weight=\"21\" data-block-id=\"3\">\n<p class=\"content-text__container \" data-track-category=\"Link no Texto\" data-track-links=\"\">A proposta, de autoria do deputado Bibo Nunes (PL-RS) e relatado por Daniel Silveira (PTB-RJ), foi aprovada em vota\u00e7\u00e3o simb\u00f3lica.<\/p>\n<\/div>\n<div class=\"mc-column content-text active-extra-styles \" style=\"text-align: justify;\" data-block-type=\"unstyled\" data-block-weight=\"14\" data-block-id=\"4\">\n<p class=\"content-text__container \" data-track-category=\"Link no Texto\" data-track-links=\"\">O projeto lista cinco deveres do cidad\u00e3o ao ser abordado por um agente policial:<\/p>\n<\/div>\n<div class=\"mc-column content-text active-extra-styles\" style=\"text-align: justify;\" data-block-type=\"raw\" data-block-weight=\"35\" data-block-id=\"5\">\n<p class=\"content-text__container\">\n<ul class=\"content-unordered-list\">\n<li>atender \u00e0s ordens do policial;<\/li>\n<li>deixar as m\u00e3os livres e vis\u00edveis;<\/li>\n<li>n\u00e3o realizar movimentos bruscos;<\/li>\n<li>n\u00e3o tocar no policial;<\/li>\n<li>manter uma dist\u00e2ncia m\u00ednima de um metro do policial, salvo se houver determina\u00e7\u00e3o contr\u00e1ria do agente.<\/li>\n<\/ul>\n<\/div>\n<div class=\"mc-column content-text active-extra-styles \" style=\"text-align: justify;\" data-block-type=\"unstyled\" data-block-weight=\"17\" data-block-id=\"6\">\n<p class=\"content-text__container \" data-track-category=\"Link no Texto\" data-track-links=\"\">Quem descumprir os \u201cdeveres\u201d poder\u00e1 ser multado e pegar de tr\u00eas meses a um ano de cadeia.<\/p>\n<\/div>\n<div class=\"row medium-uncollapsed content-media content-photo\" style=\"text-align: justify;\" data-block-type=\"backstage-photo\" data-block-id=\"7\">\n<div class=\"mc-column content-media__container\">\n<div class=\"content-media-container glb-skeleton-box\">\n<figure class=\"content-media-figure\"><\/figure>\n<\/div>\n<p class=\"content-media__description \">\n<\/div>\n<\/div>\n<div class=\"content-ads content-ads--reveal\" style=\"text-align: justify;\" data-block-type=\"ads\" data-block-id=\"8\">\n<div><\/div>\n<\/div>\n<div class=\"mc-column content-text active-extra-styles\" style=\"text-align: justify;\" data-block-type=\"raw\" data-block-weight=\"1\" data-block-id=\"9\">\n<p class=\"content-text__container\">\n<div class=\"content-intertitle\">\n<h2>Deveres<\/h2>\n<\/div>\n<\/div>\n<div class=\"mc-column content-text active-extra-styles \" style=\"text-align: justify;\" data-block-type=\"unstyled\" data-block-weight=\"27\" data-block-id=\"10\">\n<p class=\"content-text__container \" data-track-category=\"Link no Texto\" data-track-links=\"\">\u201cQuando atuamos nas ruas, o policial est\u00e1 adestrado a abordar, mas do outro lado o cidad\u00e3o n\u00e3o est\u00e1 adestrado a obedecer\u201d, afirmou Silveira durante a vota\u00e7\u00e3o.<\/p>\n<\/div>\n<div class=\"mc-column content-text active-extra-styles \" style=\"text-align: justify;\" data-block-type=\"unstyled\" data-block-weight=\"30\" data-block-id=\"11\">\n<p class=\"content-text__container \" data-track-category=\"Link no Texto\" data-track-links=\"\">\u201cHoje, o cidad\u00e3o sabe muito dos direitos e n\u00e3o sabe dos deveres. Quando \u00e9 abordado, ele acaba resistindo \u00e0s ordens policiais, porque tamb\u00e9m n\u00e3o foi ensinado a obedecer\u201d, acrescentou.<\/p>\n<p data-track-category=\"Link no Texto\" data-track-links=\"\">\n<\/div>\n<\/div>\n<p data-track-category=\"Link no Texto\" data-track-links=\"\">Por: Rond\u00f4nia Din\u00e2mica<\/p>\n<div class=\"wall protected-content\">\n<div class=\"mc-column content-text active-extra-styles \" style=\"text-align: justify;\" data-block-type=\"unstyled\" data-block-weight=\"10\" data-block-id=\"12\"><\/div>\n<\/div>\n","protected":false},"excerpt":{"rendered":"<p>A Comiss\u00e3o de Seguran\u00e7a P\u00fablica da C\u00e2mara aprovou nesta ter\u00e7a-feira (14) um projeto que prev\u00ea pena de at\u00e9 um ano de deten\u00e7\u00e3o para quem descumprir \u201cdeveres\u201d durante abordagem policial, incluindo tocar no agente durante a a\u00e7\u00e3o. O texto ainda passar\u00e1 pela Comiss\u00e3o de Constitui\u00e7\u00e3o e Justi\u00e7a (CCJ) antes de seguir ao plen\u00e1rio da Casa. A [&hellip;]<\/p>\n","protected":false},"author":1,"featured_media":38335,"comment_status":"closed","ping_status":"open","sticky":false,"template":"","format":"standard","meta":{"_uag_custom_page_level_css":"","_monsterinsights_skip_tracking":false,"_monsterinsights_sitenote_active":false,"_monsterinsights_sitenote_note":"","_monsterinsights_sitenote_category":0,"jetpack_post_was_ever_published":false,"_jetpack_newsletter_access":"","_jetpack_dont_email_post_to_subs":false,"_jetpack_newsletter_tier_id":0,"_jetpack_memberships_contains_paywalled_content":false,"_jetpack_memberships_contains_paid_content":false,"footnotes":"","jetpack_publicize_message":"","jetpack_publicize_feature_enabled":true,"jetpack_social_post_already_shared":true,"jetpack_social_options":{"image_generator_settings":{"template":"highway","default_image_id":0,"font":"","enabled":false},"version":2}},"categories":[210],"tags":[10038,10037,8703,10039,10040],"class_list":["post-38331","post","type-post","status-publish","format-standard","has-post-thumbnail","hentry","category-justica","tag-aprova-projeto","tag-comissao","tag-durante-abordagem","tag-preve-detencao","tag-tocar-policial"],"jetpack_publicize_connections":[],"jetpack_featured_media_url":"https:\/\/blogopara.com.br\/wp-content\/uploads\/2022\/06\/2wwinm06jime3nu.jpg","uagb_featured_image_src":{"full":["https:\/\/blogopara.com.br\/wp-content\/uploads\/2022\/06\/2wwinm06jime3nu.jpg",500,333,false],"thumbnail":["https:\/\/blogopara.com.br\/wp-content\/uploads\/2022\/06\/2wwinm06jime3nu-150x150.jpg",150,150,true],"medium":["https:\/\/blogopara.com.br\/wp-content\/uploads\/2022\/06\/2wwinm06jime3nu-300x200.jpg",300,200,true],"medium_large":["https:\/\/blogopara.com.br\/wp-content\/uploads\/2022\/06\/2wwinm06jime3nu.jpg",500,333,false],"large":["https:\/\/blogopara.com.br\/wp-content\/uploads\/2022\/06\/2wwinm06jime3nu.jpg",500,333,false],"1536x1536":["https:\/\/blogopara.com.br\/wp-content\/uploads\/2022\/06\/2wwinm06jime3nu.jpg",500,333,false],"2048x2048":["https:\/\/blogopara.com.br\/wp-content\/uploads\/2022\/06\/2wwinm06jime3nu.jpg",500,333,false],"mantranews-slider-large":["https:\/\/blogopara.com.br\/wp-content\/uploads\/2022\/06\/2wwinm06jime3nu.jpg",500,333,false],"mantranews-featured-medium":["https:\/\/blogopara.com.br\/wp-content\/uploads\/2022\/06\/2wwinm06jime3nu-420x307.jpg",420,307,true],"mantranews-featured-long":["https:\/\/blogopara.com.br\/wp-content\/uploads\/2022\/06\/2wwinm06jime3nu-300x333.jpg",300,333,true],"mantranews-block-medium":["https:\/\/blogopara.com.br\/wp-content\/uploads\/2022\/06\/2wwinm06jime3nu-464x290.jpg",464,290,true],"mantranews-carousel-image":["https:\/\/blogopara.com.br\/wp-content\/uploads\/2022\/06\/2wwinm06jime3nu.jpg",500,333,false],"mantranews-block-thumb":["https:\/\/blogopara.com.br\/wp-content\/uploads\/2022\/06\/2wwinm06jime3nu-322x230.jpg",322,230,true],"mantranews-single-large":["https:\/\/blogopara.com.br\/wp-content\/uploads\/2022\/06\/2wwinm06jime3nu.jpg",500,333,false]},"uagb_author_info":{"display_name":"Reda\u00e7\u00e3o geral","author_link":"https:\/\/blogopara.com.br\/index.php\/author\/blogopara"},"uagb_comment_info":0,"uagb_excerpt":"A Comiss\u00e3o de Seguran\u00e7a P\u00fablica da C\u00e2mara aprovou nesta ter\u00e7a-feira (14) um projeto que prev\u00ea pena de at\u00e9 um ano de deten\u00e7\u00e3o para quem descumprir \u201cdeveres\u201d durante abordagem policial, incluindo tocar no agente durante a a\u00e7\u00e3o. O texto ainda passar\u00e1 pela Comiss\u00e3o de Constitui\u00e7\u00e3o e Justi\u00e7a (CCJ) antes de seguir ao plen\u00e1rio da Casa. A&hellip;","jetpack_sharing_enabled":true,"jetpack_likes_enabled":true,"_links":{"self":[{"href":"https:\/\/blogopara.com.br\/index.php\/wp-json\/wp\/v2\/posts\/38331","targetHints":{"allow":["GET"]}}],"collection":[{"href":"https:\/\/blogopara.com.br\/index.php\/wp-json\/wp\/v2\/posts"}],"about":[{"href":"https:\/\/blogopara.com.br\/index.php\/wp-json\/wp\/v2\/types\/post"}],"author":[{"embeddable":true,"href":"https:\/\/blogopara.com.br\/index.php\/wp-json\/wp\/v2\/users\/1"}],"replies":[{"embeddable":true,"href":"https:\/\/blogopara.com.br\/index.php\/wp-json\/wp\/v2\/comments?post=38331"}],"version-history":[{"count":2,"href":"https:\/\/blogopara.com.br\/index.php\/wp-json\/wp\/v2\/posts\/38331\/revisions"}],"predecessor-version":[{"id":38338,"href":"https:\/\/blogopara.com.br\/index.php\/wp-json\/wp\/v2\/posts\/38331\/revisions\/38338"}],"wp:featuredmedia":[{"embeddable":true,"href":"https:\/\/blogopara.com.br\/index.php\/wp-json\/wp\/v2\/media\/38335"}],"wp:attachment":[{"href":"https:\/\/blogopara.com.br\/index.php\/wp-json\/wp\/v2\/media?parent=38331"}],"wp:term":[{"taxonomy":"category","embeddable":true,"href":"https:\/\/blogopara.com.br\/index.php\/wp-json\/wp\/v2\/categories?post=38331"},{"taxonomy":"post_tag","embeddable":true,"href":"https:\/\/blogopara.com.br\/index.php\/wp-json\/wp\/v2\/tags?post=38331"}],"curies":[{"name":"wp","href":"https:\/\/api.w.org\/{rel}","templated":true}]}}