{"id":38339,"date":"2022-06-15T14:09:00","date_gmt":"2022-06-15T17:09:00","guid":{"rendered":"https:\/\/blogopara.com.br\/?p=38339"},"modified":"2022-06-15T14:15:33","modified_gmt":"2022-06-15T17:15:33","slug":"saude-bucal-prefeitura-de-juazeiro-promove-mais-uma-acao-do-projeto-cuidar-e-atende-criancas-no-residencial-dr-humberto","status":"publish","type":"post","link":"https:\/\/blogopara.com.br\/index.php\/2022\/06\/15\/saude-bucal-prefeitura-de-juazeiro-promove-mais-uma-acao-do-projeto-cuidar-e-atende-criancas-no-residencial-dr-humberto","title":{"rendered":"Sa\u00fade bucal: Prefeitura de Juazeiro promove mais uma a\u00e7\u00e3o do projeto \u2018Cuidar\u2019 e atende crian\u00e7as no Residencial Dr. Humberto"},"content":{"rendered":"<p class=\"x_MsoNormal\" style=\"text-align: justify;\">A Prefeitura de Juazeiro, atrav\u00e9s da Secretaria de Desenvolvimento Social, Mulher e Diversidade (Sedes), realizou uma a\u00e7\u00e3o do projeto \u2018Cuidar\u2019 no Residencial Dr. Humberto, nesta ter\u00e7a-feira (14). A atividade de promo\u00e7\u00e3o e preven\u00e7\u00e3o \u00e0 sa\u00fade bucal teve como p\u00fablico-alvo crian\u00e7as de 5 a 9 anos, estudantes da Escola Municipal Maria Julia Tanuri.<\/p>\n<p class=\"x_MsoNormal\" style=\"text-align: justify;\">O projeto j\u00e1 passou pelos residenciais Mairi, Brisa da Serra, Praia do Rodeadouro e S\u00e3o Francisco com o objetivo de sensibilizar e orientar as crian\u00e7as para a import\u00e2ncia de cuidar da sa\u00fade bucal. \u201cA ideia \u00e9 tentar conscientizar as crian\u00e7as para a necessidade da escova\u00e7\u00e3o frequente e correta, al\u00e9m de orient\u00e1-las sobre a preven\u00e7\u00e3o a c\u00e1rie e de outras doen\u00e7as que afetam a sa\u00fade bucal\u201d, explicou a diretora de Habita\u00e7\u00e3o, Quisa Benevides, que coordena a a\u00e7\u00e3o, junto com a dentista Lorena Leal.<\/p>\n<p class=\"x_MsoNormal\" style=\"text-align: justify;\">Durante a a\u00e7\u00e3o, a equipe realizou a aplica\u00e7\u00e3o t\u00f3pica de fl\u00faor nas crian\u00e7as e identificou as crian\u00e7as que ser\u00e3o atendidas pela Unidade M\u00f3vel Odontol\u00f3gica da Secretaria Municipal de Sa\u00fade.<\/p>\n<p class=\"x_MsoNormal\" style=\"text-align: justify;\">Sedes- Ascom PMJ<\/p>\n","protected":false},"excerpt":{"rendered":"<p>A Prefeitura de Juazeiro, atrav\u00e9s da Secretaria de Desenvolvimento Social, Mulher e Diversidade (Sedes), realizou uma a\u00e7\u00e3o do projeto \u2018Cuidar\u2019 no Residencial Dr. Humberto, nesta ter\u00e7a-feira (14). A atividade de promo\u00e7\u00e3o e preven\u00e7\u00e3o \u00e0 sa\u00fade bucal teve como p\u00fablico-alvo crian\u00e7as de 5 a 9 anos, estudantes da Escola Municipal Maria Julia Tanuri. O projeto j\u00e1 [&hellip;]<\/p>\n","protected":false},"author":1,"featured_media":38340,"comment_status":"closed","ping_status":"open","sticky":false,"template":"","format":"standard","meta":{"_uag_custom_page_level_css":"","_monsterinsights_skip_tracking":false,"_monsterinsights_sitenote_active":false,"_monsterinsights_sitenote_note":"","_monsterinsights_sitenote_category":0,"jetpack_post_was_ever_published":false,"_jetpack_newsletter_access":"","_jetpack_dont_email_post_to_subs":false,"_jetpack_newsletter_tier_id":0,"_jetpack_memberships_contains_paywalled_content":false,"_jetpack_memberships_contains_paid_content":false,"footnotes":"","jetpack_publicize_message":"","jetpack_publicize_feature_enabled":true,"jetpack_social_post_already_shared":true,"jetpack_social_options":{"image_generator_settings":{"template":"highway","default_image_id":0,"font":"","enabled":false},"version":2}},"categories":[203],"tags":[10043,340,10041,8550,3147],"class_list":["post-38339","post","type-post","status-publish","format-standard","has-post-thumbnail","hentry","category-juazeiro","tag-atende-criancas","tag-prefeitura-de-juazeiro","tag-promove-mais-acao","tag-residencial-dr-humberto","tag-saude-bucal"],"jetpack_publicize_connections":[],"jetpack_featured_media_url":"https:\/\/blogopara.com.br\/wp-content\/uploads\/2022\/06\/Foto02.jpeg","uagb_featured_image_src":{"full":["https:\/\/blogopara.com.br\/wp-content\/uploads\/2022\/06\/Foto02.jpeg",500,374,false],"thumbnail":["https:\/\/blogopara.com.br\/wp-content\/uploads\/2022\/06\/Foto02-150x150.jpeg",150,150,true],"medium":["https:\/\/blogopara.com.br\/wp-content\/uploads\/2022\/06\/Foto02-300x224.jpeg",300,224,true],"medium_large":["https:\/\/blogopara.com.br\/wp-content\/uploads\/2022\/06\/Foto02.jpeg",500,374,false],"large":["https:\/\/blogopara.com.br\/wp-content\/uploads\/2022\/06\/Foto02.jpeg",500,374,false],"1536x1536":["https:\/\/blogopara.com.br\/wp-content\/uploads\/2022\/06\/Foto02.jpeg",500,374,false],"2048x2048":["https:\/\/blogopara.com.br\/wp-content\/uploads\/2022\/06\/Foto02.jpeg",500,374,false],"mantranews-slider-large":["https:\/\/blogopara.com.br\/wp-content\/uploads\/2022\/06\/Foto02.jpeg",500,374,false],"mantranews-featured-medium":["https:\/\/blogopara.com.br\/wp-content\/uploads\/2022\/06\/Foto02-420x307.jpeg",420,307,true],"mantranews-featured-long":["https:\/\/blogopara.com.br\/wp-content\/uploads\/2022\/06\/Foto02-300x374.jpeg",300,374,true],"mantranews-block-medium":["https:\/\/blogopara.com.br\/wp-content\/uploads\/2022\/06\/Foto02-464x290.jpeg",464,290,true],"mantranews-carousel-image":["https:\/\/blogopara.com.br\/wp-content\/uploads\/2022\/06\/Foto02.jpeg",500,374,false],"mantranews-block-thumb":["https:\/\/blogopara.com.br\/wp-content\/uploads\/2022\/06\/Foto02-322x230.jpeg",322,230,true],"mantranews-single-large":["https:\/\/blogopara.com.br\/wp-content\/uploads\/2022\/06\/Foto02.jpeg",500,374,false]},"uagb_author_info":{"display_name":"Reda\u00e7\u00e3o geral","author_link":"https:\/\/blogopara.com.br\/index.php\/author\/blogopara"},"uagb_comment_info":0,"uagb_excerpt":"A Prefeitura de Juazeiro, atrav\u00e9s da Secretaria de Desenvolvimento Social, Mulher e Diversidade (Sedes), realizou uma a\u00e7\u00e3o do projeto \u2018Cuidar\u2019 no Residencial Dr. Humberto, nesta ter\u00e7a-feira (14). A atividade de promo\u00e7\u00e3o e preven\u00e7\u00e3o \u00e0 sa\u00fade bucal teve como p\u00fablico-alvo crian\u00e7as de 5 a 9 anos, estudantes da Escola Municipal Maria Julia Tanuri. O projeto j\u00e1&hellip;","jetpack_sharing_enabled":true,"jetpack_likes_enabled":true,"_links":{"self":[{"href":"https:\/\/blogopara.com.br\/index.php\/wp-json\/wp\/v2\/posts\/38339","targetHints":{"allow":["GET"]}}],"collection":[{"href":"https:\/\/blogopara.com.br\/index.php\/wp-json\/wp\/v2\/posts"}],"about":[{"href":"https:\/\/blogopara.com.br\/index.php\/wp-json\/wp\/v2\/types\/post"}],"author":[{"embeddable":true,"href":"https:\/\/blogopara.com.br\/index.php\/wp-json\/wp\/v2\/users\/1"}],"replies":[{"embeddable":true,"href":"https:\/\/blogopara.com.br\/index.php\/wp-json\/wp\/v2\/comments?post=38339"}],"version-history":[{"count":1,"href":"https:\/\/blogopara.com.br\/index.php\/wp-json\/wp\/v2\/posts\/38339\/revisions"}],"predecessor-version":[{"id":38341,"href":"https:\/\/blogopara.com.br\/index.php\/wp-json\/wp\/v2\/posts\/38339\/revisions\/38341"}],"wp:featuredmedia":[{"embeddable":true,"href":"https:\/\/blogopara.com.br\/index.php\/wp-json\/wp\/v2\/media\/38340"}],"wp:attachment":[{"href":"https:\/\/blogopara.com.br\/index.php\/wp-json\/wp\/v2\/media?parent=38339"}],"wp:term":[{"taxonomy":"category","embeddable":true,"href":"https:\/\/blogopara.com.br\/index.php\/wp-json\/wp\/v2\/categories?post=38339"},{"taxonomy":"post_tag","embeddable":true,"href":"https:\/\/blogopara.com.br\/index.php\/wp-json\/wp\/v2\/tags?post=38339"}],"curies":[{"name":"wp","href":"https:\/\/api.w.org\/{rel}","templated":true}]}}