{"id":38489,"date":"2022-06-18T16:16:00","date_gmt":"2022-06-18T19:16:00","guid":{"rendered":"https:\/\/blogopara.com.br\/?p=38489"},"modified":"2022-06-18T13:19:08","modified_gmt":"2022-06-18T16:19:08","slug":"acm-neto-quer-levar-uneb-a-riachao-do-jacuipe-e-buscar-empresa-para-ocupar-espaco-de-fabrica-fechada","status":"publish","type":"post","link":"https:\/\/blogopara.com.br\/index.php\/2022\/06\/18\/acm-neto-quer-levar-uneb-a-riachao-do-jacuipe-e-buscar-empresa-para-ocupar-espaco-de-fabrica-fechada","title":{"rendered":"ACM Neto quer levar Uneb a Riach\u00e3o do Jacu\u00edpe e buscar empresa para ocupar espa\u00e7o de f\u00e1brica fechada"},"content":{"rendered":"<p style=\"text-align: justify;\">O pr\u00e9-candidato a governador ACM Neto (Uni\u00e3o Brasil) visitou Riach\u00e3o do Jacu\u00edpe na \u00faltima sexta-feira (17), onde escutou o pedido do prefeito Carlinhos Matos (Uni\u00e3o Brasil) para que, caso eleito, busque a abertura de uma extens\u00e3o da Universidade Estadual da Bahia (Uneb) na cidade.<\/p>\n<p style=\"text-align: justify;\">O ex-prefeito de Salvador disse que j\u00e1 conhecia essa frustra\u00e7\u00e3o dos jovens da Bacia do Jacu\u00edpe, que esperam h\u00e1 anos pelo campus, e comprometeu-se a busc\u00e1-lo.<\/p>\n<p style=\"text-align: justify;\">&#8220;Onde a gente chega, encontra as pessoas se queixando da educa\u00e7\u00e3o. Ouvimos aqui, h\u00e1 pouco, o pedido do prefeito e do seu vice (Felipe Sales). Eles, com total raz\u00e3o, desejam uma extens\u00e3o da Uneb aqui em Riach\u00e3o. Mas, ser\u00e1 que essa turma que est\u00e1 no poder, que depois de 16 anos nos entrega a Bahia em \u00faltimo lugar na qualidade de ensino, tem alguma autoridade para se comprometer com o que quer que seja na educa\u00e7\u00e3o? \u00c9 claro que n\u00e3o&#8221;, disse ACM Neto em ato pol\u00edtico na AABB.<\/p>\n<p style=\"text-align: justify;\">&#8220;Ent\u00e3o, vejam voc\u00eas, somos o estado l\u00edder de mortes violentas no Brasil e o \u00faltimo educa\u00e7\u00e3o. Eis uma grave distor\u00e7\u00e3o que a Bahia vive hoje. Por\u00e9m, \u00e9 poss\u00edvel virar esse jogo. Mas n\u00e3o \u00e9 com aqueles que est\u00e3o a\u00ed h\u00e1 16 anos. Para virar esse jogo, a gente tem que decidir mudar, buscar algo novo. Para a gente n\u00e3o s\u00f3 sonhar, mas transformar esse sonho de trazer a extens\u00e3o da Uneb para Riach\u00e3o, \u00e9 preciso que sigamos juntos nessa luta at\u00e9 outubro&#8221;, completou.<\/p>\n<p style=\"text-align: justify;\">Antes de ir a Riach\u00e3o do Jacu\u00edpe, ACM Neto passou por Valente, onde tamb\u00e9m realizou ato pol\u00edtico ao lado de um correligion\u00e1rio: o prefeito Ubaldino Amaral (Uni\u00e3o Brasil). O pr\u00e9-candidato citou que muitos dos problemas que escutou em Riach\u00e3o foram os mesmos de Valente. E que, na realidade, tem escutado com frequ\u00eancia desde o ano passado, quando come\u00e7ou o seu roteiro pelos munic\u00edpios baianos no movimento Pela Bahia.<\/p>\n<p style=\"text-align: justify;\">Em Valente, Neto tamb\u00e9m ouviu demandas sobre educa\u00e7\u00e3o, sa\u00fade, seguran\u00e7a p\u00fablica e emprego. Em Riach\u00e3o, a situa\u00e7\u00e3o \u00e9 ainda mais grave, pois h\u00e1 um galp\u00e3o, onde outrora funcionou uma f\u00e1brica de cal\u00e7ados, totalmente desativado, por\u00e9m pronto para ser ocupado por outra empresa.<\/p>\n<p style=\"text-align: justify;\">&#8220;A Bahia ocupa o primeiro lugar do Brasil em n\u00famero de desempregados. E, quando a gente chega a Riach\u00e3o, v\u00ea logo aquele galp\u00e3o, que teve dinheiro p\u00fablico investido, fechado. Essa n\u00e3o \u00e9 a realidade apenas daqui. Ela se repete em muitos lugares do nosso estado, porque nos \u00faltimos anos as empresas foram embora. Elas passaram a procurar outros destinos fora da Bahia&#8221;, disse Neto.<\/p>\n<p style=\"text-align: justify;\">&#8220;Pois eu quero ser governador para dar as m\u00e3os aos prefeitos. Vamos rodar pelo Brasil ou vamos para fora do pa\u00eds, se for preciso, para trazer uma f\u00e1brica que ocupe aquele galp\u00e3o e garanta empregos para Riach\u00e3o do Jacu\u00edpe. E vamos olhar para o produtor rural. Riach\u00e3o tem riqueza de \u00e1gua natural dispon\u00edvel, mas n\u00e3o tem trabalho do governo para levar essa \u00e1gua na ponta, para quem produz. Ent\u00e3o, vamos estudar os barramentos necess\u00e1rios, algo que tamb\u00e9m ser\u00e1 uma prioridade nossa&#8221;, completou.<\/p>\n<p style=\"text-align: justify;\">Agenda<\/p>\n<p style=\"text-align: justify;\">Neste s\u00e1bado (18), a agenda de ACM Neto e Cac\u00e1 Le\u00e3o come\u00e7a em P\u00e9 de Serra, ainda na Bacia do Jacu\u00edpe. Na sequ\u00eancia, eles percorrem tr\u00eas cidades da regi\u00e3o do Sisal: Cansan\u00e7\u00e3o, Queimadas e Santaluz. No domingo (19), o compromisso ser\u00e1 em Barrocas, tamb\u00e9m no Sisal.<\/p>\n<p style=\"text-align: justify;\">\n<p style=\"text-align: justify;\">Ascom ACM Neto e Cac\u00e1<\/p>\n","protected":false},"excerpt":{"rendered":"<p>O pr\u00e9-candidato a governador ACM Neto (Uni\u00e3o Brasil) visitou Riach\u00e3o do Jacu\u00edpe na \u00faltima sexta-feira (17), onde escutou o pedido do prefeito Carlinhos Matos (Uni\u00e3o Brasil) para que, caso eleito, busque a abertura de uma extens\u00e3o da Universidade Estadual da Bahia (Uneb) na cidade. O ex-prefeito de Salvador disse que j\u00e1 conhecia essa frustra\u00e7\u00e3o dos [&hellip;]<\/p>\n","protected":false},"author":1,"featured_media":38490,"comment_status":"open","ping_status":"open","sticky":false,"template":"","format":"standard","meta":{"_uag_custom_page_level_css":"","_monsterinsights_skip_tracking":false,"_monsterinsights_sitenote_active":false,"_monsterinsights_sitenote_note":"","_monsterinsights_sitenote_category":0,"jetpack_post_was_ever_published":false,"_jetpack_newsletter_access":"","_jetpack_dont_email_post_to_subs":false,"_jetpack_newsletter_tier_id":0,"_jetpack_memberships_contains_paywalled_content":false,"_jetpack_memberships_contains_paid_content":false,"footnotes":"","jetpack_publicize_message":"","jetpack_publicize_feature_enabled":true,"jetpack_social_post_already_shared":true,"jetpack_social_options":{"image_generator_settings":{"template":"highway","default_image_id":0,"font":"","enabled":false},"version":2}},"categories":[199,209],"tags":[1705,10013,1327,1477],"class_list":["post-38489","post","type-post","status-publish","format-standard","has-post-thumbnail","hentry","category-bahia","category-educacao","tag-acm-neto","tag-caca-leao","tag-eleicoes-2022","tag-joao-leao"],"jetpack_publicize_connections":[],"jetpack_featured_media_url":"https:\/\/blogopara.com.br\/wp-content\/uploads\/2022\/06\/ACMNetoSisal.jpg","uagb_featured_image_src":{"full":["https:\/\/blogopara.com.br\/wp-content\/uploads\/2022\/06\/ACMNetoSisal.jpg",500,500,false],"thumbnail":["https:\/\/blogopara.com.br\/wp-content\/uploads\/2022\/06\/ACMNetoSisal-150x150.jpg",150,150,true],"medium":["https:\/\/blogopara.com.br\/wp-content\/uploads\/2022\/06\/ACMNetoSisal-300x300.jpg",300,300,true],"medium_large":["https:\/\/blogopara.com.br\/wp-content\/uploads\/2022\/06\/ACMNetoSisal.jpg",500,500,false],"large":["https:\/\/blogopara.com.br\/wp-content\/uploads\/2022\/06\/ACMNetoSisal.jpg",500,500,false],"1536x1536":["https:\/\/blogopara.com.br\/wp-content\/uploads\/2022\/06\/ACMNetoSisal.jpg",500,500,false],"2048x2048":["https:\/\/blogopara.com.br\/wp-content\/uploads\/2022\/06\/ACMNetoSisal.jpg",500,500,false],"mantranews-slider-large":["https:\/\/blogopara.com.br\/wp-content\/uploads\/2022\/06\/ACMNetoSisal.jpg",500,500,false],"mantranews-featured-medium":["https:\/\/blogopara.com.br\/wp-content\/uploads\/2022\/06\/ACMNetoSisal-420x307.jpg",420,307,true],"mantranews-featured-long":["https:\/\/blogopara.com.br\/wp-content\/uploads\/2022\/06\/ACMNetoSisal-300x443.jpg",300,443,true],"mantranews-block-medium":["https:\/\/blogopara.com.br\/wp-content\/uploads\/2022\/06\/ACMNetoSisal-464x290.jpg",464,290,true],"mantranews-carousel-image":["https:\/\/blogopara.com.br\/wp-content\/uploads\/2022\/06\/ACMNetoSisal.jpg",500,500,false],"mantranews-block-thumb":["https:\/\/blogopara.com.br\/wp-content\/uploads\/2022\/06\/ACMNetoSisal-322x230.jpg",322,230,true],"mantranews-single-large":["https:\/\/blogopara.com.br\/wp-content\/uploads\/2022\/06\/ACMNetoSisal.jpg",500,500,false]},"uagb_author_info":{"display_name":"Reda\u00e7\u00e3o geral","author_link":"https:\/\/blogopara.com.br\/index.php\/author\/blogopara"},"uagb_comment_info":0,"uagb_excerpt":"O pr\u00e9-candidato a governador ACM Neto (Uni\u00e3o Brasil) visitou Riach\u00e3o do Jacu\u00edpe na \u00faltima sexta-feira (17), onde escutou o pedido do prefeito Carlinhos Matos (Uni\u00e3o Brasil) para que, caso eleito, busque a abertura de uma extens\u00e3o da Universidade Estadual da Bahia (Uneb) na cidade. O ex-prefeito de Salvador disse que j\u00e1 conhecia essa frustra\u00e7\u00e3o dos&hellip;","jetpack_sharing_enabled":true,"jetpack_likes_enabled":true,"_links":{"self":[{"href":"https:\/\/blogopara.com.br\/index.php\/wp-json\/wp\/v2\/posts\/38489","targetHints":{"allow":["GET"]}}],"collection":[{"href":"https:\/\/blogopara.com.br\/index.php\/wp-json\/wp\/v2\/posts"}],"about":[{"href":"https:\/\/blogopara.com.br\/index.php\/wp-json\/wp\/v2\/types\/post"}],"author":[{"embeddable":true,"href":"https:\/\/blogopara.com.br\/index.php\/wp-json\/wp\/v2\/users\/1"}],"replies":[{"embeddable":true,"href":"https:\/\/blogopara.com.br\/index.php\/wp-json\/wp\/v2\/comments?post=38489"}],"version-history":[{"count":1,"href":"https:\/\/blogopara.com.br\/index.php\/wp-json\/wp\/v2\/posts\/38489\/revisions"}],"predecessor-version":[{"id":38491,"href":"https:\/\/blogopara.com.br\/index.php\/wp-json\/wp\/v2\/posts\/38489\/revisions\/38491"}],"wp:featuredmedia":[{"embeddable":true,"href":"https:\/\/blogopara.com.br\/index.php\/wp-json\/wp\/v2\/media\/38490"}],"wp:attachment":[{"href":"https:\/\/blogopara.com.br\/index.php\/wp-json\/wp\/v2\/media?parent=38489"}],"wp:term":[{"taxonomy":"category","embeddable":true,"href":"https:\/\/blogopara.com.br\/index.php\/wp-json\/wp\/v2\/categories?post=38489"},{"taxonomy":"post_tag","embeddable":true,"href":"https:\/\/blogopara.com.br\/index.php\/wp-json\/wp\/v2\/tags?post=38489"}],"curies":[{"name":"wp","href":"https:\/\/api.w.org\/{rel}","templated":true}]}}