{"id":38517,"date":"2022-06-20T07:50:00","date_gmt":"2022-06-20T10:50:00","guid":{"rendered":"https:\/\/blogopara.com.br\/?p=38517"},"modified":"2022-06-19T10:35:42","modified_gmt":"2022-06-19T13:35:42","slug":"juazeiro-recebera-visita-do-ministro-da-educacao-victor-godoy-nesta-terca-feira","status":"publish","type":"post","link":"https:\/\/blogopara.com.br\/index.php\/2022\/06\/20\/juazeiro-recebera-visita-do-ministro-da-educacao-victor-godoy-nesta-terca-feira","title":{"rendered":"Juazeiro receber\u00e1 visita do ministro da Educa\u00e7\u00e3o, Victor Godoy, nesta ter\u00e7a-feira"},"content":{"rendered":"<p style=\"text-align: justify;\">Juazeiro \u00e9 a \u00fanica cidade da Bahia que participa da primeira fase do projeto-piloto da Pol\u00edtica de Inova\u00e7\u00e3o Educa\u00e7\u00e3o Conectada (Piec), do governo federal, que visa promover o uso pedag\u00f3gico da internet em sala de aula.\u00a0 Nesta ter\u00e7a-feira (21), o projeto ser\u00e1 inaugurado no munic\u00edpio, na Escola Municipal Caic Misael Aguilar, \u00e0s 11h30, com a participa\u00e7\u00e3o de um comitiva do Minist\u00e9rio da Educa\u00e7\u00e3o (MEC), entre eles, o ministro Victor Godoy.<br aria-hidden=\"true\" \/><br aria-hidden=\"true\" \/>A agenda tamb\u00e9m prev\u00ea visita t\u00e9cnica \u00e0 Escola Municipal Esta\u00e7\u00e3o do Saber Am\u00e9rico Tanury, \u00e0s 10h, onde acontecem os projetos educacionais \u00a0de tecnologia, Minecraf e Microsoft, iniciativas conquistadas por Juazeiro devido ao bom desempenho do munic\u00edpio no uso de tecnologias educacionais.<br aria-hidden=\"true\" \/><br aria-hidden=\"true\" \/>&#8220;O nosso munic\u00edpio tem buscado aderir e apoiar iniciativas que promovam avan\u00e7os e \u00a0gerem bons resultados, e na educa\u00e7\u00e3o n\u00e3o seria diferente. Reconhecemos a import\u00e2ncia desse projeto e seus benef\u00edcios para a comunidade escolar, que j\u00e1 desfruta do uso da internet de alta velocidade em sua rotina&#8221;, destacou a prefeita Suzana Ramos.<br aria-hidden=\"true\" \/><br aria-hidden=\"true\" \/><b>O projeto<\/b><br aria-hidden=\"true\" \/>\u00a0<br aria-hidden=\"true\" \/>O projeto-piloto da Piec promove o uso pedag\u00f3gico da internet, e mais de 50 escolas da sede de Juazeiro j\u00e1 est\u00e3o utilizando wi-fi de alta velocidade na execu\u00e7\u00e3o de atividades da rotina escolar.<br aria-hidden=\"true\" \/><br aria-hidden=\"true\" \/>Destaque no uso de tecnologias educacionais, o munic\u00edpio tamb\u00e9m j\u00e1 foi contemplado com 10 projetos de tecnologia, que v\u00e3o desde as escolas at\u00e9 as pra\u00e7as da cidade.<br aria-hidden=\"true\" \/><br aria-hidden=\"true\" \/><b>Programa\u00e7\u00e3o<\/b><br aria-hidden=\"true\" \/><br aria-hidden=\"true\" \/>10h &#8211; Escola Municipal Esta\u00e7\u00e3o do Saber Am\u00e9rico Tanury (localizada na Rua da Esta\u00e7\u00e3o, S\/N, Jo\u00e3o XXIII);<br aria-hidden=\"true\" \/><br aria-hidden=\"true\" \/>11h30 &#8211; Escola Municipal Caic Misael Aguilar (Av. Tancredo Neves, S\/N, Malhada da Areia).<\/p>\n","protected":false},"excerpt":{"rendered":"<p>Juazeiro \u00e9 a \u00fanica cidade da Bahia que participa da primeira fase do projeto-piloto da Pol\u00edtica de Inova\u00e7\u00e3o Educa\u00e7\u00e3o Conectada (Piec), do governo federal, que visa promover o uso pedag\u00f3gico da internet em sala de aula.\u00a0 Nesta ter\u00e7a-feira (21), o projeto ser\u00e1 inaugurado no munic\u00edpio, na Escola Municipal Caic Misael Aguilar, \u00e0s 11h30, com a [&hellip;]<\/p>\n","protected":false},"author":1,"featured_media":38524,"comment_status":"open","ping_status":"open","sticky":false,"template":"","format":"standard","meta":{"_uag_custom_page_level_css":"","_monsterinsights_skip_tracking":false,"_monsterinsights_sitenote_active":false,"_monsterinsights_sitenote_note":"","_monsterinsights_sitenote_category":0,"jetpack_post_was_ever_published":false,"_jetpack_newsletter_access":"","_jetpack_dont_email_post_to_subs":false,"_jetpack_newsletter_tier_id":0,"_jetpack_memberships_contains_paywalled_content":false,"_jetpack_memberships_contains_paid_content":false,"footnotes":"","jetpack_publicize_message":"","jetpack_publicize_feature_enabled":true,"jetpack_social_post_already_shared":true,"jetpack_social_options":{"image_generator_settings":{"template":"highway","default_image_id":0,"font":"","enabled":false},"version":2}},"categories":[209,203],"tags":[],"class_list":["post-38517","post","type-post","status-publish","format-standard","has-post-thumbnail","hentry","category-educacao","category-juazeiro"],"jetpack_publicize_connections":[],"jetpack_featured_media_url":"https:\/\/blogopara.com.br\/wp-content\/uploads\/2022\/06\/card-ministro.jpeg","uagb_featured_image_src":{"full":["https:\/\/blogopara.com.br\/wp-content\/uploads\/2022\/06\/card-ministro.jpeg",500,625,false],"thumbnail":["https:\/\/blogopara.com.br\/wp-content\/uploads\/2022\/06\/card-ministro-150x150.jpeg",150,150,true],"medium":["https:\/\/blogopara.com.br\/wp-content\/uploads\/2022\/06\/card-ministro-240x300.jpeg",240,300,true],"medium_large":["https:\/\/blogopara.com.br\/wp-content\/uploads\/2022\/06\/card-ministro.jpeg",500,625,false],"large":["https:\/\/blogopara.com.br\/wp-content\/uploads\/2022\/06\/card-ministro.jpeg",500,625,false],"1536x1536":["https:\/\/blogopara.com.br\/wp-content\/uploads\/2022\/06\/card-ministro.jpeg",500,625,false],"2048x2048":["https:\/\/blogopara.com.br\/wp-content\/uploads\/2022\/06\/card-ministro.jpeg",500,625,false],"mantranews-slider-large":["https:\/\/blogopara.com.br\/wp-content\/uploads\/2022\/06\/card-ministro.jpeg",500,625,false],"mantranews-featured-medium":["https:\/\/blogopara.com.br\/wp-content\/uploads\/2022\/06\/card-ministro-420x307.jpeg",420,307,true],"mantranews-featured-long":["https:\/\/blogopara.com.br\/wp-content\/uploads\/2022\/06\/card-ministro-300x443.jpeg",300,443,true],"mantranews-block-medium":["https:\/\/blogopara.com.br\/wp-content\/uploads\/2022\/06\/card-ministro-464x290.jpeg",464,290,true],"mantranews-carousel-image":["https:\/\/blogopara.com.br\/wp-content\/uploads\/2022\/06\/card-ministro-500x500.jpeg",500,500,true],"mantranews-block-thumb":["https:\/\/blogopara.com.br\/wp-content\/uploads\/2022\/06\/card-ministro-322x230.jpeg",322,230,true],"mantranews-single-large":["https:\/\/blogopara.com.br\/wp-content\/uploads\/2022\/06\/card-ministro.jpeg",500,625,false]},"uagb_author_info":{"display_name":"Reda\u00e7\u00e3o geral","author_link":"https:\/\/blogopara.com.br\/index.php\/author\/blogopara"},"uagb_comment_info":0,"uagb_excerpt":"Juazeiro \u00e9 a \u00fanica cidade da Bahia que participa da primeira fase do projeto-piloto da Pol\u00edtica de Inova\u00e7\u00e3o Educa\u00e7\u00e3o Conectada (Piec), do governo federal, que visa promover o uso pedag\u00f3gico da internet em sala de aula.\u00a0 Nesta ter\u00e7a-feira (21), o projeto ser\u00e1 inaugurado no munic\u00edpio, na Escola Municipal Caic Misael Aguilar, \u00e0s 11h30, com a&hellip;","jetpack_sharing_enabled":true,"jetpack_likes_enabled":true,"_links":{"self":[{"href":"https:\/\/blogopara.com.br\/index.php\/wp-json\/wp\/v2\/posts\/38517","targetHints":{"allow":["GET"]}}],"collection":[{"href":"https:\/\/blogopara.com.br\/index.php\/wp-json\/wp\/v2\/posts"}],"about":[{"href":"https:\/\/blogopara.com.br\/index.php\/wp-json\/wp\/v2\/types\/post"}],"author":[{"embeddable":true,"href":"https:\/\/blogopara.com.br\/index.php\/wp-json\/wp\/v2\/users\/1"}],"replies":[{"embeddable":true,"href":"https:\/\/blogopara.com.br\/index.php\/wp-json\/wp\/v2\/comments?post=38517"}],"version-history":[{"count":1,"href":"https:\/\/blogopara.com.br\/index.php\/wp-json\/wp\/v2\/posts\/38517\/revisions"}],"predecessor-version":[{"id":38525,"href":"https:\/\/blogopara.com.br\/index.php\/wp-json\/wp\/v2\/posts\/38517\/revisions\/38525"}],"wp:featuredmedia":[{"embeddable":true,"href":"https:\/\/blogopara.com.br\/index.php\/wp-json\/wp\/v2\/media\/38524"}],"wp:attachment":[{"href":"https:\/\/blogopara.com.br\/index.php\/wp-json\/wp\/v2\/media?parent=38517"}],"wp:term":[{"taxonomy":"category","embeddable":true,"href":"https:\/\/blogopara.com.br\/index.php\/wp-json\/wp\/v2\/categories?post=38517"},{"taxonomy":"post_tag","embeddable":true,"href":"https:\/\/blogopara.com.br\/index.php\/wp-json\/wp\/v2\/tags?post=38517"}],"curies":[{"name":"wp","href":"https:\/\/api.w.org\/{rel}","templated":true}]}}